{"id":15451,"date":"2023-02-03T12:13:50","date_gmt":"2023-02-03T12:13:50","guid":{"rendered":"https:\/\/www.ahmetsavasan.biz\/?p=15451"},"modified":"2023-02-03T12:13:50","modified_gmt":"2023-02-03T12:13:50","slug":"idari-kamu-ve-saglik-isleri-komitesi-ankaradaki-temaslarini-tamamladi","status":"publish","type":"post","link":"https:\/\/ahmetsavasan.com\/tr_tr\/idari-kamu-ve-saglik-isleri-komitesi-ankaradaki-temaslarini-tamamladi\/","title":{"rendered":"\u0130dari, Kamu ve Sa\u011fl\u0131k \u0130\u015fleri Komitesi, Ankara&#8217;daki temaslar\u0131n\u0131 tamamlad\u0131"},"content":{"rendered":"<h2>Ankara\u2019da temaslarda bulunan \u0130dari, Kamu ve Sa\u011fl\u0131k \u0130\u015fleri Komitesi, T\u00fcrkiye Sa\u011fl\u0131k, Aile, \u00c7al\u0131\u015fma ve Sosyal \u0130\u015fler Komisyonu ile ger\u00e7ekle\u015ftirdi. Heyet, b\u00f6ylece Ankara&#8217;daki temaslar\u0131n\u0131 tamamlad\u0131.<\/h2>\n<div class=\"news-copy\">\n<p>Cumhuriyet Meclisi\u2019nden verilen bilgiye g\u00f6re, \u0130dari, Kamu ve Sa\u011fl\u0131k \u0130\u015fleri Komitesi, Ankara\u2019daki temaslar\u0131 \u00e7er\u00e7evesinde T\u00fcrkiye B\u00fcy\u00fck Millet Meclisi (TBMM) b\u00fcnyesinde son g\u00f6r\u00fc\u015fmesini Recep Akda\u011f Ba\u015fkanl\u0131\u011f\u0131ndaki Sa\u011fl\u0131k, Aile, \u00c7al\u0131\u015fma ve Sosyal \u0130\u015fler Komisyonu ile ger\u00e7ekle\u015ftirdi<\/p>\n<p>Komisyon Ba\u015fkan\u0131 Recep Akda\u011f, heyeti Mecliste a\u011f\u0131rlamaktan b\u00fcy\u00fck memnuniyet duyduklar\u0131n\u0131 ifade ederek, KKTC\u2019nin her alanda oldu\u011fu gibi sa\u011fl\u0131k hizmetlerinin iyile\u015ftirilmesi i\u00e7in de \u00e7al\u0131\u015fmaya haz\u0131r olduklar\u0131n\u0131 kaydetti.<\/p>\n<p>Akda\u011f, KKTC halk\u0131n\u0131n y\u0131llard\u0131r \u00f6zg\u00fcr bir halk olarak bir\u00e7ok s\u0131k\u0131nt\u0131 ile m\u00fccadele etti\u011finin bilincinde olarak ge\u00e7mi\u015fte ve gelecekte de her konuda desteklerinin devam edece\u011fini vurgulad\u0131. Akda\u011f, KKTC\u2019nin T\u00fcrk Devletleri Te\u015fkilat\u0131nda g\u00f6zlemci \u00fcyeli\u011fe kabul edilmesini memnuniyetle kar\u015f\u0131lad\u0131klar\u0131n\u0131 ifade ederek, KKTC\u2019nin Egemen E\u015fitli\u011fi, Mara\u015f A\u00e7\u0131l\u0131m\u0131 ve Do\u011fu Akdeniz&#8217;de haklar\u0131 konusunda desteklerinin de tam oldu\u011funu s\u00f6zlerine ekledi.<\/p>\n<p><strong>BEROVA<\/strong><\/p>\n<p>\u0130dari, Kamu ve Sa\u011fl\u0131k \u0130\u015fleri Komitesi Ba\u015fkan\u0131 <span class=\"marked\">\u00d6zdemir Berova<\/span> da konu\u015fmas\u0131nda Anavatan T\u00fcrkiye\u2019nin K\u0131br\u0131s T\u00fcrk halk\u0131n\u0131n her zaman yan\u0131nda oldu\u011funu ifade ederek, KKTC\u2019ye uygulanan ambargolar nedeniyle bir\u00e7ok alanda s\u0131k\u0131nt\u0131 ya\u015fand\u0131\u011f\u0131n\u0131n, \u00f6zellikle pandemi sonras\u0131nda ila\u00e7 tedarikinde ciddi sorunlar\u0131n ba\u015f g\u00f6sterdi\u011fine ve bu sorunlar\u0131n daha da artt\u0131\u011f\u0131n\u0131n alt\u0131n\u0131 \u00e7izdi.<\/p>\n<p><strong>BES\u0130M<\/strong><\/p>\n<p>Komite ba\u015fkan vekili <span class=\"marked\">Filiz Besim<\/span> de burada yapt\u0131\u011f\u0131 konu\u015fmada, Parlamentolar ve Komisyonlar aras\u0131 i\u015fbirli\u011finin kurumsalla\u015fma a\u00e7\u0131s\u0131ndan \u00e7ok \u00f6nemli oldu\u011funu ifade ederek, sa\u011fl\u0131k alan\u0131nda do\u011fru bir d\u00f6n\u00fc\u015f\u00fcm\u00fcn hen\u00fcz ger\u00e7ekle\u015fmedi\u011fini kaydetti.<\/p>\n<p>Besim, \u00fclkede sa\u011fl\u0131kta ya\u015fanan di\u011fer sorunlar ile beraber \u00f6zellikle pandemi sonras\u0131nda ila\u00e7 tedarikinde ortaya \u00e7\u0131kan krizin \u00e7ok ciddi s\u0131k\u0131nt\u0131lara yol a\u00e7t\u0131\u011f\u0131n\u0131 ifade ederken, iki \u00fclke aras\u0131nda uygulanacak do\u011fru politikalar ile bu sorunlar\u0131n \u00f6n\u00fcne ge\u00e7ilmesinin m\u00fcmk\u00fcn olabilece\u011fini s\u00f6zlerine ekledi.<\/p>\n<p>Komisyon Ba\u015fkan\u0131 Recep Akda\u011f, ila\u00e7 konusunda d\u00fcnya genelinde ham madde tedarikinde sorunlar ya\u015fand\u0131\u011f\u0131n\u0131n bilincinde olduklar\u0131n\u0131 ancak bu s\u0131k\u0131nt\u0131lar\u0131n da yak\u0131n zamanda giderilece\u011fini belirtti.<\/p>\n<p>G\u00f6r\u00fc\u015fmede, \u0130dari, Kamu ve Sa\u011fl\u0131k \u0130\u015fleri Komitesi heyetinde Komite Ba\u015fkan\u0131 Berova\u2019n\u0131n yan\u0131 s\u0131ra, Komite Ba\u015fkan Vekili CTP Milletvekili <span class=\"marked\">Filiz Besim<\/span>, UBP Milletvekili <span class=\"marked\">Emr<\/span><span class=\"marked\">a<\/span><span class=\"marked\">h Ye\u015fil\u0131rmak<\/span>, CTP Milletvekili <span class=\"marked\">Devrim Bar\u00e7\u0131n<\/span>, UBP Milletvekili <span class=\"marked\">Ahmet Sava\u015fan<\/span> ve CTP Milletvekili <span class=\"marked\">Erkut \u015eahali<\/span>\u2019nin yan\u0131 s\u0131ra KKTC- Ankara B\u00fcy\u00fckel\u00e7isi \u0130smet Koruko\u011flu, KKTC Cumhuriyet Meclisi Genel Sekreteri Seral F\u0131rat, Yasalar, Kararlar ve Tutanaklar M\u00fcd\u00fcr\u00fc Pembe \u0130nan\u00e7 Unan Ers\u00f6z de yer ald\u0131.<\/p>\n<p>TBMM\u2019den ise Komisyon Ba\u015fkan\u0131 Recep Akda\u011f\u2019\u0131n yan\u0131 s\u0131ra Komisyon s\u00f6zc\u00fcs\u00fc Ankara Milletvekili Arife Polat D\u00fczg\u00fcn, Komisyon \u00fcyeleri Antalya Milletvekili Tuba Vural \u00c7okal, Hatay Milletvekili Hac\u0131 Bayram T\u00fcrko\u011flu, Karaman Milletvekili Recep \u015eeker, K\u00fctahya Milletvekili Ceyda \u00c7etin Erenler, \u015e\u0131rnak Milletvekili Rizgin Birlik, \u0130stanbul Milletvekili Ali \u015eeker, Ni\u011fde Milletvekili Selim G\u00fcltekin, Eski\u015fehir Milletvekili Arslan Kabukcuo\u011flu, Bal\u0131kesir Milletvekili Fikret \u015eahin ve \u0130zmir Milletvekili Kani Beko yer ald\u0131.<\/p>\n<p>G\u00f6r\u00fc\u015fme sonras\u0131nda, TBMM Sa\u011fl\u0131k, Aile, \u00c7al\u0131\u015fma ve Sosyal \u0130\u015fler Komisyonu Ba\u015fkan\u0131 Recep Akda\u011f taraf\u0131ndan TBMM Mermerli Salon\u2019da KKTC Cumhuriyet Meclisi Heyeti onuruna yemek verildi.<\/p>\n<p>Ankara temaslar\u0131n\u0131 tamamlayan Cumhuriyet Meclisi Ekonomi, Maliye, B\u00fct\u00e7e ve Plan Komitesi heyetinin bu ak\u015fam KKTC\u2019ye d\u00f6nmesi bekleniyor.<\/p>\n<\/div>\n","protected":false},"excerpt":{"rendered":"<p>Ankara\u2019da temaslarda bulunan \u0130dari, Kamu ve Sa\u011fl\u0131k \u0130\u015fleri Komitesi, T\u00fcrkiye Sa\u011fl\u0131k, Aile, \u00c7al\u0131\u015fma ve Sosyal \u0130\u015fler Komisyonu ile ger\u00e7ekle\u015ftirdi. Heyet, b\u00f6ylece Ankara&#8217;daki temaslar\u0131n\u0131 tamamlad\u0131. Cumhuriyet Meclisi\u2019nden verilen bilgiye g\u00f6re, \u0130dari, Kamu ve Sa\u011fl\u0131k \u0130\u015fleri Komitesi, Ankara\u2019daki temaslar\u0131 \u00e7er\u00e7evesinde T\u00fcrkiye B\u00fcy\u00fck Millet Meclisi (TBMM) b\u00fcnyesinde son g\u00f6r\u00fc\u015fmesini Recep Akda\u011f Ba\u015fkanl\u0131\u011f\u0131ndaki Sa\u011fl\u0131k, Aile, \u00c7al\u0131\u015fma ve Sosyal \u0130\u015fler [&hellip;]<\/p>\n","protected":false},"author":1,"featured_media":15452,"comment_status":"open","ping_status":"open","sticky":false,"template":"","format":"standard","meta":{"_monsterinsights_skip_tracking":false,"_monsterinsights_sitenote_active":false,"_monsterinsights_sitenote_note":"","_monsterinsights_sitenote_category":0,"footnotes":""},"categories":[102],"tags":[],"class_list":["post-15451","post","type-post","status-publish","format-standard","has-post-thumbnail","hentry","category-haberler"],"aioseo_notices":[],"_links":{"self":[{"href":"https:\/\/ahmetsavasan.com\/tr_tr\/wp-json\/wp\/v2\/posts\/15451","targetHints":{"allow":["GET"]}}],"collection":[{"href":"https:\/\/ahmetsavasan.com\/tr_tr\/wp-json\/wp\/v2\/posts"}],"about":[{"href":"https:\/\/ahmetsavasan.com\/tr_tr\/wp-json\/wp\/v2\/types\/post"}],"author":[{"embeddable":true,"href":"https:\/\/ahmetsavasan.com\/tr_tr\/wp-json\/wp\/v2\/users\/1"}],"replies":[{"embeddable":true,"href":"https:\/\/ahmetsavasan.com\/tr_tr\/wp-json\/wp\/v2\/comments?post=15451"}],"version-history":[{"count":0,"href":"https:\/\/ahmetsavasan.com\/tr_tr\/wp-json\/wp\/v2\/posts\/15451\/revisions"}],"wp:featuredmedia":[{"embeddable":true,"href":"https:\/\/ahmetsavasan.com\/tr_tr\/wp-json\/wp\/v2\/media\/15452"}],"wp:attachment":[{"href":"https:\/\/ahmetsavasan.com\/tr_tr\/wp-json\/wp\/v2\/media?parent=15451"}],"wp:term":[{"taxonomy":"category","embeddable":true,"href":"https:\/\/ahmetsavasan.com\/tr_tr\/wp-json\/wp\/v2\/categories?post=15451"},{"taxonomy":"post_tag","embeddable":true,"href":"https:\/\/ahmetsavasan.com\/tr_tr\/wp-json\/wp\/v2\/tags?post=15451"}],"curies":[{"name":"wp","href":"https:\/\/api.w.org\/{rel}","templated":true}]}}