{"id":15470,"date":"2023-01-27T12:26:46","date_gmt":"2023-01-27T12:26:46","guid":{"rendered":"https:\/\/www.ahmetsavasan.biz\/?p=15470"},"modified":"2023-01-27T12:26:46","modified_gmt":"2023-01-27T12:26:46","slug":"ab-uyum-yasa-tasarilari-ile-ilgili-olusturulan-gecici-ozel-komite-toplandi","status":"publish","type":"post","link":"https:\/\/ahmetsavasan.com\/tr_tr\/ab-uyum-yasa-tasarilari-ile-ilgili-olusturulan-gecici-ozel-komite-toplandi\/","title":{"rendered":"AB Uyum Yasa Tasar\u0131lar\u0131 ile ilgili olu\u015fturulan ge\u00e7ici \u00f6zel komite topland\u0131"},"content":{"rendered":"<h2>AB Uyum Yasa Tasar\u0131lar\u0131n\u0131 G\u00f6r\u00fc\u015fmek \u00dczere Olu\u015fturulan Ge\u00e7ici ve \u00d6zel Komite, bug\u00fcn UBP Milletvekili Komite Ba\u015fkan\u0131 O\u011fuzhan Hasipo\u011flu ba\u015fkanl\u0131\u011f\u0131nda topland\u0131.<\/h2>\n<div class=\"news-copy\">\n<p>Cumhuriyet Meclisi, Avrupa Birli\u011fi (AB) Uyum Yasa Tasar\u0131lar\u0131n\u0131 G\u00f6r\u00fc\u015fmek \u00dczere Olu\u015fturulan Ge\u00e7ici ve \u00d6zel Komite, bug\u00fcn UBP Milletvekili Komite Ba\u015fkan\u0131 <span class=\"marked\">O\u011fuzhan Hasipo\u011flu<\/span> Ba\u015fkanl\u0131\u011f\u0131nda topland\u0131.<\/p>\n<p>Meclisten verilen bilgiye g\u00f6re, Komite, \u201cKomite Ba\u015fkan Vekili Se\u00e7imi\u201d,\u00a0<strong>\u201c<\/strong>Hal Yasa \u00d6nerisi (\u00d6neri Sahibi <span class=\"marked\">\u0130zlem G\u00fcr\u00e7a\u011f<\/span> Altu\u011fra, UBP Girne Milletvekili) (Y.\u00d6 No: 5\/1\/2022)\u201d ve \u201cHal Yasa Tasar\u0131s\u0131 (Y.T No:36\/1\/2022)\u201d g\u00fcndemi ile topland\u0131.<\/p>\n<p>Komite, \u201cHal Yasa \u00d6nerisi\u201d (\u00d6neri Sahibi <span class=\"marked\">\u0130zlem G\u00fcr\u00e7a\u011f<\/span> Altu\u011fra, UBP Girne Milletvekili) (Y.\u00d6 No:5\/1\/2022)\u2019ni, \u201cHal Yasa Tasar\u0131s\u0131 (Y.T No: 36\/1\/2022)\u201d alt\u0131nda birle\u015ftirerek g\u00f6r\u00fc\u015fme karar\u0131 alm\u0131\u015ft\u0131.<\/p>\n<p><strong>BA\u015eKAN VEK\u0130L\u0130 CTP M\u0130LLETVEK\u0130L\u0130 \u00c7OLAKO\u011eLU&#8230;<\/strong><\/p>\n<p>AB Uyum Yasa Tasar\u0131lar\u0131n\u0131 G\u00f6r\u00fc\u015fmek \u00dczere Olu\u015fturulan Ge\u00e7ici ve \u00d6zel Komite, ilk olarak g\u00fcndeminde bulunan \u201cKomite Ba\u015fkan Vekili Se\u00e7imi\u201dni ger\u00e7ekle\u015ftirdi. Komite Ba\u015fkan Vekili olarak CTP Milletvekili <span class=\"marked\">\u015eifa \u00c7olako\u011flu<\/span> oy birli\u011fi ile se\u00e7ildi.<\/p>\n<p>Komite daha sonra, ilgili Yasa Tasar\u0131s\u0131\u2019n\u0131n madde madde g\u00f6r\u00fc\u015fmesine devam etti. Komite bahse konu Yasa Tasar\u0131s\u0131 ile ilgili \u00e7al\u0131\u015fmalar\u0131na bir sonraki toplant\u0131s\u0131nda devam edecek.<\/p>\n<p>Komite toplant\u0131s\u0131nda, Ekonomi ve Enerji Bakan\u0131 <span class=\"marked\">Olgun Amcao\u011flu<\/span> haz\u0131r bulundu.<\/p>\n<p>Komite toplant\u0131s\u0131na davetli olarak, Ekonomi ve Enerji Bakanl\u0131\u011f\u0131, Tar\u0131m ve Do\u011fal Kaynaklar Bakanl\u0131\u011f\u0131, Belediyeler Birli\u011fi, KKTC Serac\u0131lar Birli\u011fi, K\u0131br\u0131s T\u00fcrk Sebze ve Meyve Toptanc\u0131lar\u0131 Birli\u011fi, K\u0131br\u0131s T\u00fcrk \u00c7ift\u00e7iler Birli\u011fi, K\u0131br\u0131s T\u00fcrk Esnaf ve Zanaatkarlar Odas\u0131, K\u0131br\u0131s T\u00fcrk Ticaret Odas\u0131 ve Ziraat M\u00fchendisleri Odas\u0131\u2019ndan yetkililer kat\u0131larak konu ile ilgili g\u00f6r\u00fc\u015flerini aktard\u0131.<\/p>\n<p>AB Uyum Yasa Tasar\u0131lar\u0131n\u0131 G\u00f6r\u00fc\u015fmek \u00dczere Olu\u015fturulan Ge\u00e7ici ve \u00d6zel Komite toplant\u0131s\u0131na,\u00a0UBP Milletvekili Komite Ba\u015fkan\u0131 <span class=\"marked\">O\u011fuzhan Hasipo\u011flu<\/span>, CTP Milletvekili Komite Ba\u015fkan Vekili <span class=\"marked\">\u015eifa \u00c7olako\u011flu<\/span>, Komite \u00fcyesi UBP Milletvekili <span class=\"marked\">H\u00fcseyin \u00c7avu\u015f<\/span>, CTP Milletvekili <span class=\"marked\">Fide K\u00fcr\u015fat<\/span> ve UBP Milletvekili <span class=\"marked\">Ahmet Sava\u015fan<\/span> kat\u0131ld\u0131. Komite toplant\u0131s\u0131na ayr\u0131ca, CTP Milletvekilleri <span class=\"marked\">Erkut \u015eahali<\/span> ve <span class=\"marked\">Salahi \u015eahiner<\/span> de kat\u0131ld\u0131.<\/p>\n<\/div>\n","protected":false},"excerpt":{"rendered":"<p>AB Uyum Yasa Tasar\u0131lar\u0131n\u0131 G\u00f6r\u00fc\u015fmek \u00dczere Olu\u015fturulan Ge\u00e7ici ve \u00d6zel Komite, bug\u00fcn UBP Milletvekili Komite Ba\u015fkan\u0131 O\u011fuzhan Hasipo\u011flu ba\u015fkanl\u0131\u011f\u0131nda topland\u0131. Cumhuriyet Meclisi, Avrupa Birli\u011fi (AB) Uyum Yasa Tasar\u0131lar\u0131n\u0131 G\u00f6r\u00fc\u015fmek \u00dczere Olu\u015fturulan Ge\u00e7ici ve \u00d6zel Komite, bug\u00fcn UBP Milletvekili Komite Ba\u015fkan\u0131 O\u011fuzhan Hasipo\u011flu Ba\u015fkanl\u0131\u011f\u0131nda topland\u0131. Meclisten verilen bilgiye g\u00f6re, Komite, \u201cKomite Ba\u015fkan Vekili Se\u00e7imi\u201d,\u00a0\u201cHal Yasa \u00d6nerisi [&hellip;]<\/p>\n","protected":false},"author":1,"featured_media":15471,"comment_status":"open","ping_status":"open","sticky":false,"template":"","format":"standard","meta":{"_monsterinsights_skip_tracking":false,"_monsterinsights_sitenote_active":false,"_monsterinsights_sitenote_note":"","_monsterinsights_sitenote_category":0,"footnotes":""},"categories":[102],"tags":[],"class_list":["post-15470","post","type-post","status-publish","format-standard","has-post-thumbnail","hentry","category-haberler"],"aioseo_notices":[],"_links":{"self":[{"href":"https:\/\/ahmetsavasan.com\/tr_tr\/wp-json\/wp\/v2\/posts\/15470","targetHints":{"allow":["GET"]}}],"collection":[{"href":"https:\/\/ahmetsavasan.com\/tr_tr\/wp-json\/wp\/v2\/posts"}],"about":[{"href":"https:\/\/ahmetsavasan.com\/tr_tr\/wp-json\/wp\/v2\/types\/post"}],"author":[{"embeddable":true,"href":"https:\/\/ahmetsavasan.com\/tr_tr\/wp-json\/wp\/v2\/users\/1"}],"replies":[{"embeddable":true,"href":"https:\/\/ahmetsavasan.com\/tr_tr\/wp-json\/wp\/v2\/comments?post=15470"}],"version-history":[{"count":0,"href":"https:\/\/ahmetsavasan.com\/tr_tr\/wp-json\/wp\/v2\/posts\/15470\/revisions"}],"wp:featuredmedia":[{"embeddable":true,"href":"https:\/\/ahmetsavasan.com\/tr_tr\/wp-json\/wp\/v2\/media\/15471"}],"wp:attachment":[{"href":"https:\/\/ahmetsavasan.com\/tr_tr\/wp-json\/wp\/v2\/media?parent=15470"}],"wp:term":[{"taxonomy":"category","embeddable":true,"href":"https:\/\/ahmetsavasan.com\/tr_tr\/wp-json\/wp\/v2\/categories?post=15470"},{"taxonomy":"post_tag","embeddable":true,"href":"https:\/\/ahmetsavasan.com\/tr_tr\/wp-json\/wp\/v2\/tags?post=15470"}],"curies":[{"name":"wp","href":"https:\/\/api.w.org\/{rel}","templated":true}]}}