{"id":15476,"date":"2023-01-24T12:31:09","date_gmt":"2023-01-24T12:31:09","guid":{"rendered":"https:\/\/www.ahmetsavasan.biz\/?p=15476"},"modified":"2023-01-24T12:31:09","modified_gmt":"2023-01-24T12:31:09","slug":"eczacilar-birligi-degisiklik-yasa-tasarisi-genel-kurula-sevk-edildi","status":"publish","type":"post","link":"https:\/\/ahmetsavasan.com\/tr_tr\/eczacilar-birligi-degisiklik-yasa-tasarisi-genel-kurula-sevk-edildi\/","title":{"rendered":"Eczac\u0131lar Birli\u011fi (De\u011fi\u015fiklik) Yasa Tasar\u0131s\u0131 Genel Kurul\u2019a sevk edildi"},"content":{"rendered":"<h2>K\u0131br\u0131s T\u00fcrk Eczac\u0131lar Birli\u011fi (De\u011fi\u015fiklik) Yasa Tasar\u0131s\u0131,\u00a0\u0130dari, Kamu ve Sa\u011fl\u0131k \u0130\u015fleri Komitesi\u2019nde onaylanarak Cumhuriyet Meclisi\u00a0Genel Kurulu\u2019na sevk edildi.<\/h2>\n<div class=\"news-copy\">\n<p>\u0130dari, Kamu ve Sa\u011fl\u0131k \u0130\u015fleri Komitesi, CTP Milletvekili, Komite Ba\u015fkan Vekili <span class=\"marked\">Filiz Besim<\/span> ba\u015fkanl\u0131\u011f\u0131nda topland\u0131. Komite g\u00fcndeminde bulunan \u201cK\u0131br\u0131s T\u00fcrk Eczac\u0131lar Birli\u011fi (De\u011fi\u015fiklik) Yasa Tasar\u0131s\u0131\u2019n\u0131 oybirli\u011fiyle onaylayarak Cumhuriyet Meclisi\u00a0Genel Kurulu\u2019na sevk etti.<\/p>\n<p>Toplant\u0131ya komite \u00fcyeleri UBP Milletvekili <span class=\"marked\">Ahmet Sava\u015fan<\/span>, CTP Milletvekili <span class=\"marked\">Devrim Bar\u00e7\u0131n<\/span> ve UBP Milletvekili <span class=\"marked\">Emrah Ye\u015fil\u0131rmak<\/span> kat\u0131ld\u0131. Komite toplant\u0131s\u0131na ayr\u0131ca CTP Milletvekili <span class=\"marked\">Ceyhun Birinci<\/span> de yer ald\u0131.<\/p>\n<p>D\u00fczenleme kapsam\u0131nda eczane a\u00e7ma ve kapatma saatleri, etik d\u0131\u015f\u0131 davran\u0131\u015flar, n\u00f6bet saatlerinin kontrol\u00fc, sosyal sorumluluk projeleri ve hasta eczac\u0131 aras\u0131ndaki sorunlar\u0131n b\u00f6lgelerde olu\u015fturulacak kurullar taraf\u0131ndan \u00e7\u00f6z\u00fclebilmesi hedefleniyor.<\/p>\n<p>\u00d6te yandan yasa tasar\u0131s\u0131ndaki d\u00fczenlemeyle\u00a0K\u0131br\u0131s T\u00fcrk Eczac\u0131lar Birli\u011fi y\u00f6netim kurulunun g\u00f6rev s\u00fcresi\u00a02 y\u0131ldan 3 y\u0131la uzat\u0131l\u0131yor.<\/p>\n<\/div>\n","protected":false},"excerpt":{"rendered":"<p>K\u0131br\u0131s T\u00fcrk Eczac\u0131lar Birli\u011fi (De\u011fi\u015fiklik) Yasa Tasar\u0131s\u0131,\u00a0\u0130dari, Kamu ve Sa\u011fl\u0131k \u0130\u015fleri Komitesi\u2019nde onaylanarak Cumhuriyet Meclisi\u00a0Genel Kurulu\u2019na sevk edildi. \u0130dari, Kamu ve Sa\u011fl\u0131k \u0130\u015fleri Komitesi, CTP Milletvekili, Komite Ba\u015fkan Vekili Filiz Besim ba\u015fkanl\u0131\u011f\u0131nda topland\u0131. Komite g\u00fcndeminde bulunan \u201cK\u0131br\u0131s T\u00fcrk Eczac\u0131lar Birli\u011fi (De\u011fi\u015fiklik) Yasa Tasar\u0131s\u0131\u2019n\u0131 oybirli\u011fiyle onaylayarak Cumhuriyet Meclisi\u00a0Genel Kurulu\u2019na sevk etti. Toplant\u0131ya komite \u00fcyeleri UBP Milletvekili [&hellip;]<\/p>\n","protected":false},"author":1,"featured_media":15477,"comment_status":"open","ping_status":"open","sticky":false,"template":"","format":"standard","meta":{"_monsterinsights_skip_tracking":false,"_monsterinsights_sitenote_active":false,"_monsterinsights_sitenote_note":"","_monsterinsights_sitenote_category":0,"footnotes":""},"categories":[102],"tags":[],"class_list":["post-15476","post","type-post","status-publish","format-standard","has-post-thumbnail","hentry","category-haberler"],"aioseo_notices":[],"_links":{"self":[{"href":"https:\/\/ahmetsavasan.com\/tr_tr\/wp-json\/wp\/v2\/posts\/15476","targetHints":{"allow":["GET"]}}],"collection":[{"href":"https:\/\/ahmetsavasan.com\/tr_tr\/wp-json\/wp\/v2\/posts"}],"about":[{"href":"https:\/\/ahmetsavasan.com\/tr_tr\/wp-json\/wp\/v2\/types\/post"}],"author":[{"embeddable":true,"href":"https:\/\/ahmetsavasan.com\/tr_tr\/wp-json\/wp\/v2\/users\/1"}],"replies":[{"embeddable":true,"href":"https:\/\/ahmetsavasan.com\/tr_tr\/wp-json\/wp\/v2\/comments?post=15476"}],"version-history":[{"count":0,"href":"https:\/\/ahmetsavasan.com\/tr_tr\/wp-json\/wp\/v2\/posts\/15476\/revisions"}],"wp:featuredmedia":[{"embeddable":true,"href":"https:\/\/ahmetsavasan.com\/tr_tr\/wp-json\/wp\/v2\/media\/15477"}],"wp:attachment":[{"href":"https:\/\/ahmetsavasan.com\/tr_tr\/wp-json\/wp\/v2\/media?parent=15476"}],"wp:term":[{"taxonomy":"category","embeddable":true,"href":"https:\/\/ahmetsavasan.com\/tr_tr\/wp-json\/wp\/v2\/categories?post=15476"},{"taxonomy":"post_tag","embeddable":true,"href":"https:\/\/ahmetsavasan.com\/tr_tr\/wp-json\/wp\/v2\/tags?post=15476"}],"curies":[{"name":"wp","href":"https:\/\/api.w.org\/{rel}","templated":true}]}}