{"id":15479,"date":"2023-01-23T12:32:19","date_gmt":"2023-01-23T12:32:19","guid":{"rendered":"https:\/\/www.ahmetsavasan.biz\/?p=15479"},"modified":"2023-01-23T12:32:19","modified_gmt":"2023-01-23T12:32:19","slug":"ubp-milletvekili-savasan-millete-sozunu-yineledi-elimden-gelenin-fazlasini-yapmaya-calisiyorum","status":"publish","type":"post","link":"https:\/\/ahmetsavasan.com\/tr_tr\/ubp-milletvekili-savasan-millete-sozunu-yineledi-elimden-gelenin-fazlasini-yapmaya-calisiyorum\/","title":{"rendered":"UBP Milletvekili Sava\u015fan millete s\u00f6z\u00fcn\u00fc yineledi: &#8216;Elimden gelenin fazlas\u0131n\u0131 yapmaya \u00e7al\u0131\u015f\u0131yorum&#8217;"},"content":{"rendered":"<h2>UBP Milletvekili Ahmet Sava\u015fan, Cumhuriyet Meclisi\u2019nde g\u00f6rev alabilmek i\u00e7in \u00e7ok uzun y\u0131llar \u00e7al\u0131\u015ft\u0131\u011f\u0131n\u0131 ifade ederek, \u201cElimden gelenin fazlas\u0131n\u0131 yapmaya \u00e7al\u0131\u015f\u0131yorum&#8217;. G\u00f6revimi gere\u011fince yapabilmek i\u00e7in \u00e7al\u0131\u015faca\u011f\u0131m\u0131n s\u00f6z\u00fcn\u00fc yineliyorum\u201d dedi.<\/h2>\n<p>Ulusal Birlik Partisi (UBP) Milletvekili <span class=\"marked\">Ahmet Sava\u015fan<\/span>, ki\u015fisel sosyal medya hesab\u0131 \u00fczerinden Cumhuriyet Meclisi\u2019nde vekil olarak g\u00f6rev yapt\u0131\u011f\u0131 1 y\u0131l\u0131n de\u011ferlendirmesini yapt\u0131.<\/p>\n<p>K\u0131br\u0131s T\u00fcrk halk\u0131n\u0131n devlet olma hakk\u0131n\u0131n en anlaml\u0131 timsali olan KKTC Cumhuriyet Meclisi\u2019nde g\u00f6rev alabilmek i\u00e7in \u00e7ok uzun y\u0131llar \u00e7al\u0131\u015ft\u0131\u011f\u0131n\u0131 ifade eden Sava\u015fan, \u201cBunun i\u00e7in ne kadar \u00e7ok \u00e7aba g\u00f6sterdi\u011fimi sadece dostlar\u0131m de\u011fil, \u00fclkemizdeki pek \u00e7ok insan\u0131m\u0131z da bilmektedir\u201d dedi.<\/p>\n<p>Sava\u015fan, bir y\u0131ld\u0131r, \u015fanl\u0131 ve onurlu g\u00f6revini gerekti\u011fi \u015fekilde yapabilmek i\u00e7in elinden gelenin en iyisini ve hatta fazlas\u0131n\u0131 yapmaya \u00e7al\u0131\u015ft\u0131\u011f\u0131n\u0131 kaydetti.<\/p>\n<p>Kendisini bu onura lay\u0131k g\u00f6ren K\u0131br\u0131s T\u00fcrk halk\u0131na te\u015fekk\u00fcr eden Sava\u015fan, \u201cG\u00f6revimi gere\u011fince yapabilmek i\u00e7in \u00e7al\u0131\u015faca\u011f\u0131m\u0131n s\u00f6z\u00fcn\u00fc yineliyorum\u201d a\u00e7\u0131klamas\u0131nda bulundu.<\/p>\n","protected":false},"excerpt":{"rendered":"<p>UBP Milletvekili Ahmet Sava\u015fan, Cumhuriyet Meclisi\u2019nde g\u00f6rev alabilmek i\u00e7in \u00e7ok uzun y\u0131llar \u00e7al\u0131\u015ft\u0131\u011f\u0131n\u0131 ifade ederek, \u201cElimden gelenin fazlas\u0131n\u0131 yapmaya \u00e7al\u0131\u015f\u0131yorum&#8217;. G\u00f6revimi gere\u011fince yapabilmek i\u00e7in \u00e7al\u0131\u015faca\u011f\u0131m\u0131n s\u00f6z\u00fcn\u00fc yineliyorum\u201d dedi. Ulusal Birlik Partisi (UBP) Milletvekili Ahmet Sava\u015fan, ki\u015fisel sosyal medya hesab\u0131 \u00fczerinden Cumhuriyet Meclisi\u2019nde vekil olarak g\u00f6rev yapt\u0131\u011f\u0131 1 y\u0131l\u0131n de\u011ferlendirmesini yapt\u0131. K\u0131br\u0131s T\u00fcrk halk\u0131n\u0131n devlet olma [&hellip;]<\/p>\n","protected":false},"author":1,"featured_media":19190,"comment_status":"open","ping_status":"open","sticky":false,"template":"","format":"standard","meta":{"_monsterinsights_skip_tracking":false,"_monsterinsights_sitenote_active":false,"_monsterinsights_sitenote_note":"","_monsterinsights_sitenote_category":0,"footnotes":""},"categories":[102],"tags":[],"class_list":["post-15479","post","type-post","status-publish","format-standard","has-post-thumbnail","hentry","category-haberler"],"aioseo_notices":[],"_links":{"self":[{"href":"https:\/\/ahmetsavasan.com\/tr_tr\/wp-json\/wp\/v2\/posts\/15479","targetHints":{"allow":["GET"]}}],"collection":[{"href":"https:\/\/ahmetsavasan.com\/tr_tr\/wp-json\/wp\/v2\/posts"}],"about":[{"href":"https:\/\/ahmetsavasan.com\/tr_tr\/wp-json\/wp\/v2\/types\/post"}],"author":[{"embeddable":true,"href":"https:\/\/ahmetsavasan.com\/tr_tr\/wp-json\/wp\/v2\/users\/1"}],"replies":[{"embeddable":true,"href":"https:\/\/ahmetsavasan.com\/tr_tr\/wp-json\/wp\/v2\/comments?post=15479"}],"version-history":[{"count":0,"href":"https:\/\/ahmetsavasan.com\/tr_tr\/wp-json\/wp\/v2\/posts\/15479\/revisions"}],"wp:featuredmedia":[{"embeddable":true,"href":"https:\/\/ahmetsavasan.com\/tr_tr\/wp-json\/wp\/v2\/media\/19190"}],"wp:attachment":[{"href":"https:\/\/ahmetsavasan.com\/tr_tr\/wp-json\/wp\/v2\/media?parent=15479"}],"wp:term":[{"taxonomy":"category","embeddable":true,"href":"https:\/\/ahmetsavasan.com\/tr_tr\/wp-json\/wp\/v2\/categories?post=15479"},{"taxonomy":"post_tag","embeddable":true,"href":"https:\/\/ahmetsavasan.com\/tr_tr\/wp-json\/wp\/v2\/tags?post=15479"}],"curies":[{"name":"wp","href":"https:\/\/api.w.org\/{rel}","templated":true}]}}