{"id":15484,"date":"2023-01-17T12:34:55","date_gmt":"2023-01-17T12:34:55","guid":{"rendered":"https:\/\/www.ahmetsavasan.biz\/?p=15484"},"modified":"2023-01-17T12:34:55","modified_gmt":"2023-01-17T12:34:55","slug":"avrupa-birligi-uyum-komitesi-ab-koordinasyon-merkezini-ziyaret-etti","status":"publish","type":"post","link":"https:\/\/ahmetsavasan.com\/tr_tr\/avrupa-birligi-uyum-komitesi-ab-koordinasyon-merkezini-ziyaret-etti\/","title":{"rendered":"Avrupa Birli\u011fi Uyum Komitesi, AB Koordinasyon Merkezi\u2019ni ziyaret etti"},"content":{"rendered":"<h2>Cumhuriyet Meclisi Avrupa Birli\u011fi Uyum Komitesi \u00fcyeleri, Ba\u015fbakanl\u0131\u011fa Ba\u011fl\u0131 Avrupa Birli\u011fi Koordinasyon Merkezi\u2019ni ziyaret ederek yap\u0131lan \u00e7al\u0131\u015fmalar hakk\u0131nda bilgi ald\u0131<\/h2>\n<div class=\"news-copy\">\n<p>Ba\u015fbakanl\u0131ktan verilen bilgiye g\u00f6re, milletvekilleri <span class=\"marked\">\u015eifa \u00c7olako\u011flu<\/span>, <span class=\"marked\">O\u011fuzhan Hasipo\u011flu<\/span>, <span class=\"marked\">H\u00fcseyin \u00c7avu\u015f<\/span> ve <span class=\"marked\">Ahmet Sava\u015fan<\/span>\u2019dan olu\u015fan Avrupa Birli\u011fi Uyum Komitesi\u2019ne Ba\u015fbakanl\u0131k Avrupa Birli\u011fi Koordinasyon Merkezi\u2019nde Koordinat\u00f6r Bet\u00fcl Atasayan G\u00fclseven ba\u015fkanl\u0131\u011f\u0131nda, AB Koordinasyon Merkezi uzmanlar\u0131 taraf\u0131ndan bir sunum yap\u0131ld\u0131.<\/p>\n<p>Sunumda Avrupa Birli\u011fi Koordinasyon Merkezinin Avrupa Birli\u011fi ile ortakla\u015fa y\u00fcr\u00fctt\u00fc\u011f\u00fc siyasi, mali ve teknik \u00e7al\u0131\u015fmalar hakk\u0131nda detayl\u0131 bilgi verildi.<\/p>\n<p>Sunumda Kuzey K\u0131br\u0131s T\u00fcrk Cumhuriyeti ile Avrupa Birli\u011fi (AB) \u0130li\u015fkileri, AB M\u00fcktesebat\u0131na uyum \u00e7al\u0131\u015fmalar\u0131, D\u00fcnya Bankas\u0131 ve T\u00fcrkiye Cumhuriyeti ile y\u00fcr\u00fct\u00fclen \u00e7al\u0131\u015fmalar, ye\u015fil hat t\u00fcz\u00fc\u011f\u00fc, Hellim tescili ve m\u00fczakere s\u00fcrecine ili\u015fkin konular ele al\u0131narak bu \u00e7al\u0131\u015fmalar ile ilgili ya\u015fan\u0131lan s\u00fcre\u00e7 de\u011ferlendirildi.<\/p>\n<p>Yap\u0131lan sunumun ard\u0131ndan Avrupa Birli\u011fi Uyum Komitesi ile Avrupa Birli\u011fi Koordinasyon Merkezinin \u00f6n\u00fcm\u00fczdeki s\u00fcre\u00e7te yap\u0131lacak olan \u00e7al\u0131\u015fmalar\u0131n daha ileriye g\u00f6t\u00fcr\u00fclmesi ad\u0131na i\u015fbirli\u011finin art\u0131r\u0131lmas\u0131na karar vererek, Avrupa Birli\u011fi ile y\u00fcr\u00fct\u00fclecek \u00e7al\u0131\u015fmalarla ilgili uzun s\u00fcreli planlama yap\u0131lmas\u0131 konusunda g\u00f6r\u00fc\u015f birli\u011fine var\u0131ld\u0131.<\/p>\n<\/div>\n","protected":false},"excerpt":{"rendered":"<p>Cumhuriyet Meclisi Avrupa Birli\u011fi Uyum Komitesi \u00fcyeleri, Ba\u015fbakanl\u0131\u011fa Ba\u011fl\u0131 Avrupa Birli\u011fi Koordinasyon Merkezi\u2019ni ziyaret ederek yap\u0131lan \u00e7al\u0131\u015fmalar hakk\u0131nda bilgi ald\u0131 Ba\u015fbakanl\u0131ktan verilen bilgiye g\u00f6re, milletvekilleri \u015eifa \u00c7olako\u011flu, O\u011fuzhan Hasipo\u011flu, H\u00fcseyin \u00c7avu\u015f ve Ahmet Sava\u015fan\u2019dan olu\u015fan Avrupa Birli\u011fi Uyum Komitesi\u2019ne Ba\u015fbakanl\u0131k Avrupa Birli\u011fi Koordinasyon Merkezi\u2019nde Koordinat\u00f6r Bet\u00fcl Atasayan G\u00fclseven ba\u015fkanl\u0131\u011f\u0131nda, AB Koordinasyon Merkezi uzmanlar\u0131 taraf\u0131ndan bir [&hellip;]<\/p>\n","protected":false},"author":1,"featured_media":15485,"comment_status":"open","ping_status":"open","sticky":false,"template":"","format":"standard","meta":{"_monsterinsights_skip_tracking":false,"_monsterinsights_sitenote_active":false,"_monsterinsights_sitenote_note":"","_monsterinsights_sitenote_category":0,"footnotes":""},"categories":[102],"tags":[],"class_list":["post-15484","post","type-post","status-publish","format-standard","has-post-thumbnail","hentry","category-haberler"],"aioseo_notices":[],"_links":{"self":[{"href":"https:\/\/ahmetsavasan.com\/tr_tr\/wp-json\/wp\/v2\/posts\/15484","targetHints":{"allow":["GET"]}}],"collection":[{"href":"https:\/\/ahmetsavasan.com\/tr_tr\/wp-json\/wp\/v2\/posts"}],"about":[{"href":"https:\/\/ahmetsavasan.com\/tr_tr\/wp-json\/wp\/v2\/types\/post"}],"author":[{"embeddable":true,"href":"https:\/\/ahmetsavasan.com\/tr_tr\/wp-json\/wp\/v2\/users\/1"}],"replies":[{"embeddable":true,"href":"https:\/\/ahmetsavasan.com\/tr_tr\/wp-json\/wp\/v2\/comments?post=15484"}],"version-history":[{"count":0,"href":"https:\/\/ahmetsavasan.com\/tr_tr\/wp-json\/wp\/v2\/posts\/15484\/revisions"}],"wp:featuredmedia":[{"embeddable":true,"href":"https:\/\/ahmetsavasan.com\/tr_tr\/wp-json\/wp\/v2\/media\/15485"}],"wp:attachment":[{"href":"https:\/\/ahmetsavasan.com\/tr_tr\/wp-json\/wp\/v2\/media?parent=15484"}],"wp:term":[{"taxonomy":"category","embeddable":true,"href":"https:\/\/ahmetsavasan.com\/tr_tr\/wp-json\/wp\/v2\/categories?post=15484"},{"taxonomy":"post_tag","embeddable":true,"href":"https:\/\/ahmetsavasan.com\/tr_tr\/wp-json\/wp\/v2\/tags?post=15484"}],"curies":[{"name":"wp","href":"https:\/\/api.w.org\/{rel}","templated":true}]}}