{"id":15507,"date":"2023-03-13T12:53:35","date_gmt":"2023-03-13T12:53:35","guid":{"rendered":"https:\/\/www.ahmetsavasan.biz\/?p=15507"},"modified":"2023-03-13T12:53:35","modified_gmt":"2023-03-13T12:53:35","slug":"ahmet-savasan-intikam-turizmine-ragmen-2019-ancak-yakalanacak","status":"publish","type":"post","link":"https:\/\/ahmetsavasan.com\/tr_tr\/ahmet-savasan-intikam-turizmine-ragmen-2019-ancak-yakalanacak\/","title":{"rendered":"\u0130ntikam turizmine ra\u011fmen 2019 ancak yakalanacak"},"content":{"rendered":"<h2>ITB Berlin Kongresi\u2019ne kat\u0131lan Sa\u011fl\u0131k Turizmi Konseyi Ba\u015fkan\u0131, Milletvekili Dr. Ahmet Sava\u015fan, turizmdeki yeni e\u011filimlerin dikkate al\u0131nmas\u0131 gerekti\u011fine vurgulad\u0131. Sava\u015fan, uzmanlar\u0131n, gezginlerin 2023 y\u0131l\u0131nda \u201cintikam turizmi\u201dne y\u00f6neldik\u00e7e, harcamalar\u0131n 2019\u2019daki 1,4 trilyon dolara yakla\u015faca\u011f\u0131n\u0131, fakat 2019\u2019daki 1,8 milyar olan uluslararas\u0131 turist say\u0131s\u0131n\u0131n 1,6 milyar seviyesinde kalaca\u011f\u0131n\u0131 \u00f6n g\u00f6rd\u00fcklerine kaydetti.<\/h2>\n<div class=\"news-copy\">\n<p>D\u00fcnya Turizm Borsas\u0131 ITB Berlin Kongresi\u2019ne kat\u0131lan K\u0131br\u0131s Sa\u011fl\u0131k Turizmi Konseyi Ba\u015fkan\u0131, Milletvekili Dr. <span class=\"marked\">Ahmet Sava\u015fan<\/span>, uluslararas\u0131 alanda tan\u0131nan 400 \u00fcst d\u00fczey konu\u015fmac\u0131n\u0131n yer ald\u0131\u011f\u0131 ve 24 bin ki\u015finin izledi\u011fi oturumlarda turizmi b\u00fct\u00fcn y\u00f6nleriyle tart\u0131\u015fma f\u0131rsat\u0131 bulduklar\u0131n\u0131 belirtti.<\/p>\n<p>Sava\u015fan, uzmanlar\u0131n, gezginlerin 2023 y\u0131l\u0131nda \u201cintikam turizmi\u201dne y\u00f6neldik\u00e7e, harcamalar\u0131n 2019\u2019daki 1,4 trilyon dolara yakla\u015faca\u011f\u0131n\u0131, fakat 2019\u2019daki 1,8 milyar olan uluslararas\u0131 turist say\u0131s\u0131n\u0131n 1,6 milyar seviyesinde kalaca\u011f\u0131n\u0131 \u00f6n g\u00f6rd\u00fcklerine vurgu yapt\u0131.<\/p>\n<p>&nbsp;<\/p>\n<p><strong>\u201c2023 TOPARLANMA YILI OLACAK\u201d<\/strong><\/p>\n<p>ITB Berlin Kongresi\u2019nde sekt\u00f6re y\u00f6n veren uzmanlarla turizmde s\u00fcrd\u00fcr\u00fclebilir, ba\u015far\u0131l\u0131 bir gelece\u011fe y\u00f6nelik d\u00f6n\u00fc\u015f\u00fcme nas\u0131l ula\u015f\u0131labilece\u011fi konular\u0131nda pek \u00e7ok tart\u0131\u015fman\u0131n yap\u0131ld\u0131\u011f\u0131n\u0131 s\u00f6yleyen Dr. <span class=\"marked\">Ahmet Sava\u015fan<\/span>, \u201cKat\u0131ld\u0131\u011f\u0131m\u0131z oturumlarda uzmanlar, 2023\u2019\u00fcn bir yandan enflasyonlu ve resesyonlu bir y\u0131l olaca\u011f\u0131n\u0131, faiz art\u0131\u015flar\u0131n\u0131n ve talepte bozulmalar\u0131n ya\u015fanarak finansal istikrar\u0131n \u00f6nemli bir s\u0131nav verece\u011fini \u00f6ng\u00f6r\u00fcrken, di\u011fer bir yandan ise, pandemi boyunca durma noktas\u0131na gelen ve bor\u00e7lar\u0131 da\u011f gibi b\u00fcy\u00fcyen turizm sekt\u00f6r\u00fcn\u00fcn gezginlerin \u201cintikam turizmi\u201dne y\u00f6nelmeye devam etmesiyle toparlanma a\u015famas\u0131na girece\u011fini ortaya koyuyor\u201d dedi.<\/p>\n<p>&nbsp;<\/p>\n<p><strong>\u201cTUR\u0130ZMLE KEND\u0130 KEND\u0130NE YETEN B\u0130R EKONOM\u0130K YAPI KURULAB\u0130L\u0130R\u201d<\/strong><\/p>\n<p>Uzmanlar\u0131n turizm sekt\u00f6r\u00fcnde gezginlerin seyahat ama\u00e7lar\u0131 ve seyahatten beklentilerinden; ula\u015f\u0131m ve konaklama tercihlerine kadar her \u015feyin h\u0131zla de\u011fi\u015fti\u011fini ortaya koyduklar\u0131na i\u015faret eden <span class=\"marked\">Ahmet Sava\u015fan<\/span>, \u201cDe\u011fi\u015fen e\u011filimlere bakt\u0131\u011f\u0131m\u0131zda gezginlerin Paris, Roma gibi pop\u00fcler ve kalabal\u0131k destinasyonlardan ke\u015fif rotalar\u0131na kayd\u0131\u011f\u0131n\u0131, do\u011fayla i\u00e7 i\u00e7e tatil, kamp ve bungalov konaklama se\u00e7eneklerine y\u00f6neldi\u011fini g\u00f6r\u00fcyoruz. D\u00fcnyada meydana gelen de\u011fi\u015fimler g\u00f6z \u00f6n\u00fcne al\u0131nd\u0131\u011f\u0131nda Kuzey K\u0131br\u0131s\u2019\u0131n gezginlerin beklentilerini kar\u015f\u0131lama noktas\u0131nda \u00f6nemli bir potansiyele sahip oldu\u011fu ortadad\u0131r. Turizm ve \u00c7evre Bakanl\u0131\u011f\u0131 ile payda\u015flar\u0131n tecr\u00fcbe ve g\u00fc\u00e7lerini birle\u015ftirmesi halinde bu potansiyel kolayl\u0131kla kullan\u0131labilir ve Kuzey K\u0131br\u0131s T\u00fcrk Cumhuriyeti\u2019nde kendi kendine yeten bir ekonomik yap\u0131 kurulabilir\u201d diye konu\u015ftu.<\/p>\n<p>&nbsp;<\/p>\n<p><strong>\u201cTREND, FARKLI K\u00dcLT\u00dcRLER, YEN\u0130 DENEY\u0130MLER\u201d<\/strong><\/p>\n<p>Dr. <span class=\"marked\">Ahmet Sava\u015fan<\/span>, 2023\u2019te y\u00fckselece\u011fi \u00f6ng\u00f6r\u00fclen ve Kuzey K\u0131br\u0131s i\u00e7in de \u00f6nemli f\u0131rsatlar sunan turizm sekt\u00f6r\u00fcnde \u00fc\u00e7 yeni ana e\u011filimin \u00f6n plana \u00e7\u0131kt\u0131\u011f\u0131n\u0131 belirtti:<\/p>\n<p>&#8220;1. Bungalov, \u00e7ad\u0131r, karavan gibi do\u011fan\u0131n i\u00e7inde konaklama se\u00e7eneklerine ve rafting, do\u011fa y\u00fcr\u00fcy\u00fc\u015f\u00fc, da\u011f bisikleti, yama\u00e7 para\u015f\u00fct\u00fc gibi do\u011fa aktivitelerine olan ilginin artmas\u0131ndan do\u011fan do\u011faya d\u00f6n\u00fc\u015f;<\/p>\n<p>2. Gezginlerin k\u00fclt\u00fcr \u015foku ya\u015fayacaklar\u0131 ve egzotik deneyimler edinecekleri bir seyahat yapmak istedikleri, s\u0131n\u0131rlar\u0131n\u0131 zorlayan ve onlar\u0131 konfor alan\u0131n\u0131n d\u0131\u015f\u0131na \u00e7\u0131karacak bir seyahat deneyimlemek istedikleri i\u00e7in farkl\u0131 k\u00fclt\u00fcrler, yeni deneyimler;<\/p>\n<p>3. K\u00fcresel ekonomik belirsizli\u011fin hakim oldu\u011fu 2023&#8217;te, gezginlerin seyahati \u00f6nceliklendirmeye devam edecekleri ancak seyahat b\u00fct\u00e7elerinden maksimum verimi almak i\u00e7in ekstra \u00f6zen g\u00f6sterecekleri i\u00e7in artan fiyat hassasiyeti.&#8221;<\/p>\n<p>&nbsp;<\/p>\n<p><strong>\u201cSA\u011eLIK TUR\u0130ZM\u0130N\u0130 PEK \u00c7OK Y\u00d6N\u00dc \u0130LE TARTI\u015eTIK\u201d<\/strong><\/p>\n<p>Bu y\u0131l M2 Health Travel organizasyonu ile Turizm Borsas\u0131 ITB Berlin\u2019in \u00f6nceki y\u0131llara k\u0131yasla \u00e7ok daha fazla t\u0131p ve sa\u011fl\u0131k turizmi temsilcisini a\u011f\u0131rlad\u0131\u011f\u0131na dikkat \u00e7eken <span class=\"marked\">Ahmet Sava\u015fan<\/span>, \u00f6zel olarak olu\u015fturulan kongre alan\u0131nda ger\u00e7ekle\u015ftirilen oturumlarda Almanya, T\u00fcrkiye ve d\u00fcnyan\u0131n d\u00f6rt bir yan\u0131ndan gelen \u00e7ok say\u0131da t\u0131p ve sa\u011fl\u0131k turizmi uzman\u0131 ile sa\u011fl\u0131k turizmini pek \u00e7ok y\u00f6n\u00fc ile tart\u0131\u015ft\u0131klar\u0131n\u0131 anlatt\u0131.<\/p>\n<p><strong>\u201cSA\u011eLIK TUR\u0130ZM\u0130NDE BEKLENT\u0130LER DE DE\u011e\u0130\u015e\u0130KL\u0130K G\u00d6STERECEK\u201d<\/strong><\/p>\n<p>Sa\u011fl\u0131k Turizminin tart\u0131\u015f\u0131ld\u0131\u011f\u0131 oturumlarda 2022\u2019de, 2021 y\u0131l\u0131na oranla d\u00fcnyadaki taleplerin y\u00fczde 30\u2019dan fazla artt\u0131\u011f\u0131n\u0131n ortaya konuldu\u011funu belirten <span class=\"marked\">Ahmet Sava\u015fan<\/span>, 2023 y\u0131l\u0131nda sa\u011fl\u0131k turizmindeki beklentilerde de de\u011fi\u015fiklik olaca\u011f\u0131n\u0131n \u00f6n g\u00f6r\u00fcld\u00fc\u011f\u00fcn\u00fc s\u00f6yledi.<\/p>\n<p>&nbsp;<\/p>\n<p><strong>\u201cKUZEY KIBRIS SA\u011eLIK TUR\u0130ZM\u0130NDE \u00c7OK DAHA \u0130LER\u0130YE G\u0130DECEK\u201d<\/strong><\/p>\n<p>Sava\u015fan, yap\u0131lan sunumlarda uzmanlar\u0131n medikal turizme olan talebin 2023 y\u0131l\u0131nda da artmaya devam edece\u011fini, buna kar\u015f\u0131n sa\u011fl\u0131\u011f\u0131 koruma ve geli\u015ftirme noktas\u0131nda turistlerin geleneksel sa\u011fl\u0131kl\u0131 ya\u015fam gezilerinden s\u0131k\u0131larak daha heyecan verici alternatifler denemek istediklerini ortaya koydu\u011funu ifade etti. Bu yeni trendin sa\u011fl\u0131k turizmi alternatifleri i\u00e7erisinde, meyve hasad\u0131 ve bir insan\u0131n enerjisini ormanla ili\u015fkilendirdi\u011fi s\u00f6ylenen orman banyosu olarak da bilinen \u201cSylvotherapy\u201d oldu\u011funu vurgulayan <span class=\"marked\">Ahmet Sava\u015fan<\/span>, \u201cGerek medikal turizmde Kuzey K\u0131br\u0131s\u2019ta konsey \u00fcyelerinin sundu\u011fu \u00f6zellikli medikal hizmetler, gerekse de sa\u011fl\u0131kl\u0131 ya\u015fam tatilleri noktas\u0131ndaki avantajlar\u0131m\u0131z sa\u011fl\u0131k turizminde Kuzey K\u0131br\u0131s\u2019\u0131n \u00e7ok daha ileriye gidebilece\u011fini g\u00f6steriyor\u201d dedi.<\/p>\n<\/div>\n","protected":false},"excerpt":{"rendered":"<p>ITB Berlin Kongresi\u2019ne kat\u0131lan Sa\u011fl\u0131k Turizmi Konseyi Ba\u015fkan\u0131, Milletvekili Dr. Ahmet Sava\u015fan, turizmdeki yeni e\u011filimlerin dikkate al\u0131nmas\u0131 gerekti\u011fine vurgulad\u0131. Sava\u015fan, uzmanlar\u0131n, gezginlerin 2023 y\u0131l\u0131nda \u201cintikam turizmi\u201dne y\u00f6neldik\u00e7e, harcamalar\u0131n 2019\u2019daki 1,4 trilyon dolara yakla\u015faca\u011f\u0131n\u0131, fakat 2019\u2019daki 1,8 milyar olan uluslararas\u0131 turist say\u0131s\u0131n\u0131n 1,6 milyar seviyesinde kalaca\u011f\u0131n\u0131 \u00f6n g\u00f6rd\u00fcklerine kaydetti. D\u00fcnya Turizm Borsas\u0131 ITB Berlin Kongresi\u2019ne kat\u0131lan [&hellip;]<\/p>\n","protected":false},"author":1,"featured_media":15521,"comment_status":"open","ping_status":"open","sticky":false,"template":"","format":"standard","meta":{"_monsterinsights_skip_tracking":false,"_monsterinsights_sitenote_active":false,"_monsterinsights_sitenote_note":"","_monsterinsights_sitenote_category":0,"footnotes":""},"categories":[102],"tags":[],"class_list":["post-15507","post","type-post","status-publish","format-standard","has-post-thumbnail","hentry","category-haberler"],"aioseo_notices":[],"_links":{"self":[{"href":"https:\/\/ahmetsavasan.com\/tr_tr\/wp-json\/wp\/v2\/posts\/15507","targetHints":{"allow":["GET"]}}],"collection":[{"href":"https:\/\/ahmetsavasan.com\/tr_tr\/wp-json\/wp\/v2\/posts"}],"about":[{"href":"https:\/\/ahmetsavasan.com\/tr_tr\/wp-json\/wp\/v2\/types\/post"}],"author":[{"embeddable":true,"href":"https:\/\/ahmetsavasan.com\/tr_tr\/wp-json\/wp\/v2\/users\/1"}],"replies":[{"embeddable":true,"href":"https:\/\/ahmetsavasan.com\/tr_tr\/wp-json\/wp\/v2\/comments?post=15507"}],"version-history":[{"count":0,"href":"https:\/\/ahmetsavasan.com\/tr_tr\/wp-json\/wp\/v2\/posts\/15507\/revisions"}],"wp:featuredmedia":[{"embeddable":true,"href":"https:\/\/ahmetsavasan.com\/tr_tr\/wp-json\/wp\/v2\/media\/15521"}],"wp:attachment":[{"href":"https:\/\/ahmetsavasan.com\/tr_tr\/wp-json\/wp\/v2\/media?parent=15507"}],"wp:term":[{"taxonomy":"category","embeddable":true,"href":"https:\/\/ahmetsavasan.com\/tr_tr\/wp-json\/wp\/v2\/categories?post=15507"},{"taxonomy":"post_tag","embeddable":true,"href":"https:\/\/ahmetsavasan.com\/tr_tr\/wp-json\/wp\/v2\/tags?post=15507"}],"curies":[{"name":"wp","href":"https:\/\/api.w.org\/{rel}","templated":true}]}}