{"id":15523,"date":"2023-03-09T12:57:40","date_gmt":"2023-03-09T12:57:40","guid":{"rendered":"https:\/\/www.ahmetsavasan.biz\/?p=15523"},"modified":"2023-03-09T12:57:40","modified_gmt":"2023-03-09T12:57:40","slug":"hedefimiz-saglik-turizmi-gelirlerinde-yuzde-50-istihdamda-yuzde-20-artis","status":"publish","type":"post","link":"https:\/\/ahmetsavasan.com\/tr_tr\/hedefimiz-saglik-turizmi-gelirlerinde-yuzde-50-istihdamda-yuzde-20-artis\/","title":{"rendered":"Hedefimiz sa\u011fl\u0131k turizmi gelirlerinde y\u00fczde 50, istihdamda y\u00fczde 20 art\u0131\u015f"},"content":{"rendered":"<h2>K\u0131br\u0131s Sa\u011fl\u0131k Turizmi Konseyi Ba\u015fkan\u0131, Milletvekili Dr. Ahmet Sava\u015fan yar\u0131m asr\u0131 a\u015fan tarihiyle turizme y\u00f6n veren ve bu y\u0131l 161 \u00fclkeden 5 bin 500 kat\u0131l\u0131mc\u0131y\u0131 bir araya getiren Berlin Uluslararas\u0131 Turizm Borsas\u0131 (ITB Berlin) fuar\u0131na kat\u0131ld\u0131. Sava\u015fan konseyin uluslararas\u0131 platformdaki faaliyetleri ve Health North Cyprus markas\u0131yla yeni olu\u015fturulan dijital platform sayesinde Kuzey K\u0131br\u0131s\u2019\u0131n 2023 y\u0131l\u0131nda sa\u011fl\u0131k turizmi gelirlerinde y\u00fczde 50, istihdamda ise y\u00fczde 20 art\u0131\u015f elde etmesini hedeflediklerini s\u00f6yledi.<\/h2>\n<div class=\"news-copy\">\n<p>K\u0131br\u0131s Sa\u011fl\u0131k Turizmi Konseyi Ba\u015fkan\u0131, Milletvekili <span class=\"marked\">Ahmet Sava\u015fan<\/span> Berlin Uluslararas\u0131 Turizm Borsas\u0131 (ITB Berlin) fuar\u0131na kat\u0131ld\u0131.<\/p>\n<p><strong>MED\u0130KAL TUR\u0130ZM B\u00d6L\u00dcM\u00dcNDE \u00dcLKEM\u0130Z\u0130 VE \u00dcYELER\u0130M\u0130Z\u0130 TEMS\u0130L ETT\u0130K\u2026<\/strong><\/p>\n<p>Yeni tip <span class=\"marked\">Koronavir\u00fcs<\/span> salg\u0131n nedeniyle son \u00fc\u00e7 y\u0131ld\u0131r y\u00fcz y\u00fcze yap\u0131lamayan d\u00fcnyan\u0131n en b\u00fcy\u00fck turizm fuar\u0131 ITB Berlin\u2019e, KKTC Turizm, K\u00fclt\u00fcr, Gen\u00e7lik ve \u00c7evre Bakanl\u0131\u011f\u0131 \u015femsiyesi alt\u0131nda kat\u0131lan K\u0131br\u0131s Sa\u011fl\u0131k Turizmi Konseyi bu y\u0131l \u00f6zel bir alanda kurulan Sa\u011fl\u0131k ve Medikal Turizm b\u00f6l\u00fcm\u00fcnde Kuzey K\u0131br\u0131s\u2019\u0131 temsil ederek \u00fcyelerinin sundu\u011fu medikal hizmetleri tan\u0131tt\u0131.<\/p>\n<p><strong>\u201cSA\u011eLIK TUR\u0130ZM\u0130NDEN ALDI\u011eIMIZ PAYI ARTIRMAK \u0130\u00c7\u0130N \u00c7ALI\u015eIYORUZ\u2026\u201d<\/strong><\/p>\n<p>Sa\u011fl\u0131k turizminin genel k\u00fcresel turizm harcamalar\u0131 i\u00e7inde pay\u0131n\u0131n att\u0131\u011f\u0131na dikkat \u00e7eken Konsey Ba\u015fkan\u0131 Dr. <span class=\"marked\">Ahmet Sava\u015fan<\/span>, \u00f6n\u00fcm\u00fczdeki on y\u0131lda y\u00fczde 25 b\u00fcy\u00fcyerek milyarlarca dolarl\u0131k hacme sahip olaca\u011f\u0131 hesaplanan bu b\u00fcy\u00fck end\u00fcstriden, Kuzey K\u0131br\u0131s\u2019\u0131n da \u00f6nemli bir pay almas\u0131 i\u00e7in \u00e7al\u0131\u015ft\u0131klar\u0131na vurgu yapt\u0131.<\/p>\n<p><strong>\u201c20\u2019DEN FAZLA \u00dcLKE \u0130LE YEN\u0130 ANLA\u015eMALAR YAPILDI\u2026\u201d<\/strong><\/p>\n<p>ITB Berlin temaslar\u0131 kapsam\u0131nda T\u00fcrkiye Cumhuriyeti K\u00fclt\u00fcr ve Turizm Bakan\u0131 Mehmet Nuri Ersoy, TC Berlin B\u00fcy\u00fckel\u00e7isi Ahmet Ba\u015far \u015een, KKTC Berlin Temsilcisi B\u00fcy\u00fckel\u00e7i Beniz Uluer Kaymak, T\u00dcRSAB Y\u00f6netim Kurulu Ba\u015fkan\u0131 Firuz Ba\u011fl\u0131kaya yan\u0131 s\u0131ra 20\u2019den fazla \u00fclke temsilcisi ve pek \u00e7ok bas\u0131n mensubu ile bir araya geldi\u011fini belirten Dr. <span class=\"marked\">Ahmet Sava\u015fan<\/span>, \u201cBerlin\u2019de yapt\u0131\u011f\u0131m\u0131z g\u00f6r\u00fc\u015fmelerde bir araya geldi\u011fimiz \u00fclke temsilcileri ve payda\u015flar\u0131m\u0131za bekleme s\u00fcresi olmaks\u0131z\u0131n, ileri teknolojiye sahip t\u0131bbi cihazlar ve g\u00fcncel bilgi kullanan uzman hekimler eliyle, uygun ko\u015fullarda, konforlu hastane ve kliniklerde, turistik zenginlikler birle\u015ftirilerek sunulan sa\u011fl\u0131k hizmetlerimizi tan\u0131tt\u0131k. Kurdu\u011fumuz ba\u011flant\u0131lar ve yapt\u0131\u011f\u0131m\u0131z yeni anla\u015fmalar sayesinde Kuzey K\u0131br\u0131s\u2019a 2023 y\u0131l\u0131nda ba\u015fta Almanya\u2019dan olmak \u00fczere daha fazla \u00fclkeden sa\u011fl\u0131k turisti gelece\u011fini \u00f6n g\u00f6r\u00fcyoruz\u201d dedi.<\/p>\n<p><strong>\u201cHEALTH NORTH CYPRUS PLATFORMU 10 \u00dcLKEDE D\u0130J\u0130TAL PAZARLAMA YAPACAK\u2026\u201d<\/strong><\/p>\n<p>2 y\u0131ldan bu yana \u00fczerinde \u00e7al\u0131\u015f\u0131lan ve KKTC Turizm Bakanl\u0131\u011f\u0131, D\u00fcnya Sa\u011fl\u0131k Turizmi Konseyi, K\u0131br\u0131s Sa\u011fl\u0131k Turizmi Konseyi\u2019nin akredite etti\u011fi sa\u011fl\u0131k turizmi platformu Health North Cyprus\u2019un\u00a0 ( www.healthcyp.com ) Nisan ay\u0131ndan itibaren 10 \u00fclkede t\u00fcp bebek, sa\u00e7 ekimi, di\u015f ve fizik tedavi gibi se\u00e7ili alanlarda dijital pazarlama faaliyetlerine ba\u015flayaca\u011f\u0131na da dikkat \u00e7eken Dr. <span class=\"marked\">Ahmet Sava\u015fan<\/span>, \u201chedefimiz, konseyimizin uluslararas\u0131 platformda y\u00fcr\u00fctt\u00fc\u011f\u00fc \u00e7al\u0131\u015fmalar ve ilk olarak ITB Berlin\u2019de tan\u0131t\u0131m\u0131n\u0131 yapt\u0131\u011f\u0131m\u0131z dijital sa\u011fl\u0131k turizmi platformu sayesinde Kuzey K\u0131br\u0131s\u2019ta sunulan sa\u011fl\u0131k turizmi \u00fcr\u00fcnlerini \u00e7ok daha etkin bir \u015fekilde tan\u0131t\u0131p pazarlamak ve 2023 y\u0131l\u0131nda sa\u011fl\u0131k turizmi gelirlerinde y\u00fczde 50, istihdamda ise y\u00fczde 20 art\u0131\u015f elde etmektir\u201d \u015feklinde konu\u015ftu.<\/p>\n<\/div>\n","protected":false},"excerpt":{"rendered":"<p>K\u0131br\u0131s Sa\u011fl\u0131k Turizmi Konseyi Ba\u015fkan\u0131, Milletvekili Dr. Ahmet Sava\u015fan yar\u0131m asr\u0131 a\u015fan tarihiyle turizme y\u00f6n veren ve bu y\u0131l 161 \u00fclkeden 5 bin 500 kat\u0131l\u0131mc\u0131y\u0131 bir araya getiren Berlin Uluslararas\u0131 Turizm Borsas\u0131 (ITB Berlin) fuar\u0131na kat\u0131ld\u0131. Sava\u015fan konseyin uluslararas\u0131 platformdaki faaliyetleri ve Health North Cyprus markas\u0131yla yeni olu\u015fturulan dijital platform sayesinde Kuzey K\u0131br\u0131s\u2019\u0131n 2023 y\u0131l\u0131nda [&hellip;]<\/p>\n","protected":false},"author":1,"featured_media":15508,"comment_status":"open","ping_status":"open","sticky":false,"template":"","format":"standard","meta":{"_monsterinsights_skip_tracking":false,"_monsterinsights_sitenote_active":false,"_monsterinsights_sitenote_note":"","_monsterinsights_sitenote_category":0,"footnotes":""},"categories":[102],"tags":[],"class_list":["post-15523","post","type-post","status-publish","format-standard","has-post-thumbnail","hentry","category-haberler"],"aioseo_notices":[],"_links":{"self":[{"href":"https:\/\/ahmetsavasan.com\/tr_tr\/wp-json\/wp\/v2\/posts\/15523","targetHints":{"allow":["GET"]}}],"collection":[{"href":"https:\/\/ahmetsavasan.com\/tr_tr\/wp-json\/wp\/v2\/posts"}],"about":[{"href":"https:\/\/ahmetsavasan.com\/tr_tr\/wp-json\/wp\/v2\/types\/post"}],"author":[{"embeddable":true,"href":"https:\/\/ahmetsavasan.com\/tr_tr\/wp-json\/wp\/v2\/users\/1"}],"replies":[{"embeddable":true,"href":"https:\/\/ahmetsavasan.com\/tr_tr\/wp-json\/wp\/v2\/comments?post=15523"}],"version-history":[{"count":0,"href":"https:\/\/ahmetsavasan.com\/tr_tr\/wp-json\/wp\/v2\/posts\/15523\/revisions"}],"wp:featuredmedia":[{"embeddable":true,"href":"https:\/\/ahmetsavasan.com\/tr_tr\/wp-json\/wp\/v2\/media\/15508"}],"wp:attachment":[{"href":"https:\/\/ahmetsavasan.com\/tr_tr\/wp-json\/wp\/v2\/media?parent=15523"}],"wp:term":[{"taxonomy":"category","embeddable":true,"href":"https:\/\/ahmetsavasan.com\/tr_tr\/wp-json\/wp\/v2\/categories?post=15523"},{"taxonomy":"post_tag","embeddable":true,"href":"https:\/\/ahmetsavasan.com\/tr_tr\/wp-json\/wp\/v2\/tags?post=15523"}],"curies":[{"name":"wp","href":"https:\/\/api.w.org\/{rel}","templated":true}]}}