{"id":15531,"date":"2023-03-03T12:04:32","date_gmt":"2023-03-03T12:04:32","guid":{"rendered":"https:\/\/www.ahmetsavasan.biz\/?p=15531"},"modified":"2023-03-03T12:04:32","modified_gmt":"2023-03-03T12:04:32","slug":"hal-yasa-tasarisi-komiteden-gecti","status":"publish","type":"post","link":"https:\/\/ahmetsavasan.com\/tr_tr\/hal-yasa-tasarisi-komiteden-gecti\/","title":{"rendered":"Hal Yasa Tasar\u0131s\u0131 komiteden ge\u00e7ti"},"content":{"rendered":"<h2>Mal ticaretinin kay\u0131t alt\u0131na al\u0131n\u0131p, belli bir standartta g\u0131da g\u00fcvenilirli\u011fi ve sa\u011fl\u0131k kurallar\u0131na uygun serbest rekabet ko\u015fullarda haller arac\u0131l\u0131\u011f\u0131yla yap\u0131lmas\u0131 amac\u0131yla haz\u0131rlanan\u00a0Hal Yasa Tasar\u0131s\u0131 komiteden oy birli\u011fiyle ge\u00e7ti.<\/h2>\n<div class=\"news-copy\">\n<p>Cumhuriyet Meclisi\u2019nden verilen bilgiye g\u00f6re, Meclis g\u00fcndemine ilk kez 2010\u2019da g\u00fcndeme gelen hallerle ilgili d\u00fczenlemenin hayata ge\u00e7mesiyle g\u0131da g\u00fcvenli\u011finde \u00f6nemli bir ad\u0131m at\u0131lacak.<\/p>\n<p>Mecliste Avrupa Birli\u011fi Uyum Yasa Tasar\u0131lar\u0131n\u0131 G\u00f6r\u00fc\u015fmek \u00dczere Olu\u015fturulan Ge\u00e7ici ve \u00d6zel Komite bug\u00fcn UBP Milletvekili <span class=\"marked\">O\u011fuzhan Hasipo\u011flu<\/span> ba\u015fkanl\u0131\u011f\u0131nda topland\u0131. UBP Girne Milletvekili <span class=\"marked\">\u0130zlem G\u00fcr\u00e7a\u011f<\/span> Altu\u011fra\u2019n\u0131n \u00f6nerisi olan Hal Yasa \u00d6nerisi&#8217;nin Hal Yasa Tasar\u0131s\u0131 alt\u0131nda birle\u015ftirilerek g\u00f6r\u00fc\u015f\u00fcld\u00fc\u011f\u00fc bug\u00fcnk\u00fc toplant\u0131da yasa tasar\u0131s\u0131 oy birli\u011fiyle kabul edildi.<\/p>\n<p>Ekonomi ve Enerji Bakan\u0131 <span class=\"marked\">Olgun Amcao\u011flu<\/span> da haz\u0131r bulundu\u011fu komite toplant\u0131s\u0131na davetli olarak, Ekonomi ve Enerji Bakanl\u0131\u011f\u0131 ve Tar\u0131m ve Do\u011fal Kaynaklar Bakanl\u0131\u011f\u0131 yetkilileri de kat\u0131ld\u0131.\u00a0Avrupa Birli\u011fi Uyum Yasa Tasar\u0131lar\u0131n\u0131 G\u00f6r\u00fc\u015fmek \u00dczere Olu\u015fturulan Ge\u00e7ici ve \u00d6zel Komite toplant\u0131s\u0131nda\u00a0UBP Milletvekili Komite Ba\u015fkan\u0131 <span class=\"marked\">O\u011fuzhan Hasipo\u011flu<\/span>, UBP Milletvekili <span class=\"marked\">H\u00fcseyin \u00c7avu\u015f<\/span>, UBP Milletvekili <span class=\"marked\">Ahmet Sava\u015fan<\/span> ve CTP Milletvekili <span class=\"marked\">Fide K\u00fcr\u015fat<\/span> kat\u0131ld\u0131. Toplant\u0131ya ayr\u0131ca UBP Milletvekili <span class=\"marked\">Hasan K\u00fc\u00e7\u00fck<\/span> ve \u00a0CTP Milletvekili <span class=\"marked\">Salahi \u015eahiner<\/span> yer ald\u0131.<\/p>\n<p><strong>HAS\u0130PO\u011eLU<\/strong><\/p>\n<p>Avrupa Birli\u011fi Uyum Yasa Tasar\u0131lar\u0131n\u0131 G\u00f6r\u00fc\u015fmek \u00dczere Olu\u015fturulan Ge\u00e7ici ve \u00d6ze Komitenin Ba\u015fkan\u0131 UBP Milletvekili <span class=\"marked\">O\u011fuzhan Hasipo\u011flu<\/span>, toplant\u0131da ana muhalefet CTP\u2019nin baz\u0131 maddelere \u00e7ekince koyup itiraz etmi\u015f olsa da yasan\u0131n genelinin oybirli\u011fi ile ge\u00e7ti\u011fini kaydetti.<\/p>\n<p>D\u00fczenlemenin 2010 y\u0131l\u0131nda ilk kez meclis g\u00fcndemine geldi\u011fini kaydeden Hasipo\u011flu, \u201c13 y\u0131ll\u0131k s\u00fcre boyunca, farkl\u0131 iktidar d\u00f6nemlerinde ve bir\u00e7ok kurum kurulu\u015fun katk\u0131lar\u0131 sonucunda yasa son halini alm\u0131\u015ft\u0131r\u201d dedi. Katk\u0131 koyan t\u00fcm kesimlere te\u015fekk\u00fcr eden Hasipo\u011flu, 3 Ekim 2022\u2019de Komiteye ba\u015fkan yap\u0131ld\u0131\u011f\u0131n\u0131 ve d\u00fczenlemeye nihai \u015feklini verebilmek i\u00e7in 8 kez topland\u0131klar\u0131n\u0131 ifade etti.<\/p>\n<p>Hasipo\u011flu, d\u00fczenlemenin amac\u0131n\u0131n mal ticaretinin, kay\u0131t alt\u0131na al\u0131narak standartlara, g\u0131da g\u00fcvenilirli\u011fi ve sa\u011fl\u0131k kurallar\u0131na uygun serbest rekabet ko\u015fullar\u0131 i\u00e7erisinde haller arac\u0131l\u0131\u011f\u0131yla yap\u0131lmas\u0131; \u00fcretici ve t\u00fcketicinin hak ve \u00e7\u0131karlar\u0131n\u0131n korunmas\u0131, mal ticareti ile u\u011fra\u015fan ki\u015filerin faaliyetlerinin d\u00fczenlenmesi ve \u00e7a\u011fda\u015f altyap\u0131ya sahip hallerinin kurulmas\u0131 oldu\u011funu belirtti.<\/p>\n<p>B\u00fct\u00fcn \u00fcr\u00fcnlerin hallerde kay\u0131t alt\u0131na al\u0131nd\u0131ktan sonra piyasaya s\u00fcr\u00fclece\u011fini kaydeden Hasipo\u011flu, mallar\u0131n hal d\u0131\u015f\u0131nda toptan al\u0131m ve sat\u0131m\u0131n\u0131n yasak olaca\u011f\u0131n\u0131, hal say\u0131s\u0131n\u0131n az 2 en fazla 5 \u00a0olabilece\u011fini ifade etti.<\/p>\n<p>\u00dcr\u00fcnlerin referans fiyatlar\u0131n\u0131n her g\u00fcn vatanda\u015flar\u0131n da g\u00f6rebilece\u011fi bir \u015fekilde yay\u0131nlanaca\u011f\u0131n\u0131 s\u00f6yleyen Hasipo\u011flu, \u201cFarkl\u0131 payda\u015flar ve rekabet ortam\u0131 oldu\u011fu i\u00e7in, do\u011fal olarak her kesimi tatmin edecek m\u00fckemmel bir yasa belki olmam\u0131\u015ft\u0131r. Ancak vatanda\u015flar\u0131m\u0131z a\u00e7\u0131s\u0131ndan g\u0131da g\u00fcvenli\u011fi ve fiyat istikrar\u0131 ve belirlili\u011fi a\u00e7\u0131s\u0131ndan \u00e7ok b\u00fcy\u00fck bir bo\u015fluk doldurulmu\u015f olacakt\u0131r. Hal Yasas\u0131 Meclis\u2019ten ge\u00e7ti\u011fi zaman tarladan ba\u015flay\u0131p sofram\u0131za gelene kadar \u00fcr\u00fcnlerin bu yolculuk s\u00fcrecinde, \u00f6nemli bir d\u00fczenleme hayat\u0131m\u0131za girmi\u015f olacakt\u0131r\u201d dedi.<\/p>\n<\/div>\n","protected":false},"excerpt":{"rendered":"<p>Mal ticaretinin kay\u0131t alt\u0131na al\u0131n\u0131p, belli bir standartta g\u0131da g\u00fcvenilirli\u011fi ve sa\u011fl\u0131k kurallar\u0131na uygun serbest rekabet ko\u015fullarda haller arac\u0131l\u0131\u011f\u0131yla yap\u0131lmas\u0131 amac\u0131yla haz\u0131rlanan\u00a0Hal Yasa Tasar\u0131s\u0131 komiteden oy birli\u011fiyle ge\u00e7ti. Cumhuriyet Meclisi\u2019nden verilen bilgiye g\u00f6re, Meclis g\u00fcndemine ilk kez 2010\u2019da g\u00fcndeme gelen hallerle ilgili d\u00fczenlemenin hayata ge\u00e7mesiyle g\u0131da g\u00fcvenli\u011finde \u00f6nemli bir ad\u0131m at\u0131lacak. Mecliste Avrupa Birli\u011fi Uyum [&hellip;]<\/p>\n","protected":false},"author":1,"featured_media":15512,"comment_status":"open","ping_status":"open","sticky":false,"template":"","format":"standard","meta":{"_monsterinsights_skip_tracking":false,"_monsterinsights_sitenote_active":false,"_monsterinsights_sitenote_note":"","_monsterinsights_sitenote_category":0,"footnotes":""},"categories":[102],"tags":[],"class_list":["post-15531","post","type-post","status-publish","format-standard","has-post-thumbnail","hentry","category-haberler"],"aioseo_notices":[],"_links":{"self":[{"href":"https:\/\/ahmetsavasan.com\/tr_tr\/wp-json\/wp\/v2\/posts\/15531","targetHints":{"allow":["GET"]}}],"collection":[{"href":"https:\/\/ahmetsavasan.com\/tr_tr\/wp-json\/wp\/v2\/posts"}],"about":[{"href":"https:\/\/ahmetsavasan.com\/tr_tr\/wp-json\/wp\/v2\/types\/post"}],"author":[{"embeddable":true,"href":"https:\/\/ahmetsavasan.com\/tr_tr\/wp-json\/wp\/v2\/users\/1"}],"replies":[{"embeddable":true,"href":"https:\/\/ahmetsavasan.com\/tr_tr\/wp-json\/wp\/v2\/comments?post=15531"}],"version-history":[{"count":0,"href":"https:\/\/ahmetsavasan.com\/tr_tr\/wp-json\/wp\/v2\/posts\/15531\/revisions"}],"wp:featuredmedia":[{"embeddable":true,"href":"https:\/\/ahmetsavasan.com\/tr_tr\/wp-json\/wp\/v2\/media\/15512"}],"wp:attachment":[{"href":"https:\/\/ahmetsavasan.com\/tr_tr\/wp-json\/wp\/v2\/media?parent=15531"}],"wp:term":[{"taxonomy":"category","embeddable":true,"href":"https:\/\/ahmetsavasan.com\/tr_tr\/wp-json\/wp\/v2\/categories?post=15531"},{"taxonomy":"post_tag","embeddable":true,"href":"https:\/\/ahmetsavasan.com\/tr_tr\/wp-json\/wp\/v2\/tags?post=15531"}],"curies":[{"name":"wp","href":"https:\/\/api.w.org\/{rel}","templated":true}]}}