{"id":15533,"date":"2023-03-02T12:05:47","date_gmt":"2023-03-02T12:05:47","guid":{"rendered":"https:\/\/www.ahmetsavasan.biz\/?p=15533"},"modified":"2023-03-02T12:05:47","modified_gmt":"2023-03-02T12:05:47","slug":"idari-kamu-ve-saglik-isleri-komitesi-gundemindeki-oneri-ve-tasarilari-gorustu","status":"publish","type":"post","link":"https:\/\/ahmetsavasan.com\/tr_tr\/idari-kamu-ve-saglik-isleri-komitesi-gundemindeki-oneri-ve-tasarilari-gorustu\/","title":{"rendered":"\u0130dari, Kamu ve Sa\u011fl\u0131k \u0130\u015fleri Komitesi g\u00fcndemindeki \u00f6neri ve tasar\u0131lar\u0131 g\u00f6r\u00fc\u015ft\u00fc"},"content":{"rendered":"<h2>Cumhuriyet Meclisi, \u0130dari, Kamu ve Sa\u011fl\u0131k \u0130\u015fleri Komitesi bug\u00fcn g\u00fcndeminde bulunan \u201cKamu \u00c7al\u0131\u015fanlar\u0131n\u0131n Ayl\u0131k (Maa\u015f-\u00dccret) ve Di\u011fer \u00d6deneklerinin D\u00fczenlenmesi (De\u011fi\u015fiklik) Yasa \u00d6nerisi\u201d, \u201cRekabet (De\u011fi\u015fiklik) Yasa Tasar\u0131s\u0131\u201d, \u201cRekabet (De\u011fi\u015fiklik) Yasa Tasar\u0131s\u0131\u201d, \u201cKamu Sa\u011fl\u0131k \u00c7al\u0131\u015fanlar\u0131 (De\u011fi\u015fiklik) Yasa Tasar\u0131s\u0131\u201d ve \u201cKamu Sa\u011fl\u0131k \u00c7al\u0131\u015fanlar\u0131 (De\u011fi\u015fiklik) Yasa Tasar\u0131s\u0131\u201dn\u0131 ele ald\u0131.<\/h2>\n<div class=\"news-copy\">\n<p>Cumhuriyet Meclisi, \u0130dari, Kamu ve Sa\u011fl\u0131k \u0130\u015fleri Komitesi bug\u00fcn saat 10.00\u2019da UBP Milletvekili Komite Ba\u015fkan\u0131 <a href=\"https:\/\/www.kibrispostasi.com\/keyword\/79\" target=\"_blank\" rel=\"noopener\"><span class=\"marked\">\u00d6zdemir Berova<\/span><\/a> ba\u015fkanl\u0131\u011f\u0131nda yapt\u0131\u011f\u0131 toplant\u0131da, iki tasar\u0131y\u0131 birle\u015ftirerek g\u00f6r\u00fc\u015ft\u00fc\u011f\u00fc Kamu Sa\u011fl\u0131k \u00c7al\u0131\u015fanlar\u0131 (De\u011fi\u015fiklik) Yasa Tasar\u0131s\u0131\u2019n\u0131 oy birli\u011fiyle onaylad\u0131.<\/p>\n<p>Meclis\u2019ten verilen bilgiye g\u00f6re, \u0130dari, Kamu ve Sa\u011fl\u0131k \u0130\u015fleri Komitesi, g\u00fcndeminde bulunan \u201cKamu \u00c7al\u0131\u015fanlar\u0131n\u0131n Ayl\u0131k (Maa\u015f-\u00dccret) ve Di\u011fer \u00d6deneklerinin D\u00fczenlenmesi (De\u011fi\u015fiklik) Yasa \u00d6nerisi\u201d, \u201cRekabet (De\u011fi\u015fiklik) Yasa Tasar\u0131s\u0131\u201d, \u201cRekabet (De\u011fi\u015fiklik) Yasa Tasar\u0131s\u0131\u201d, \u201cKamu Sa\u011fl\u0131k \u00c7al\u0131\u015fanlar\u0131 (De\u011fi\u015fiklik) Yasa Tasar\u0131s\u0131\u201d ve \u201cKamu Sa\u011fl\u0131k \u00c7al\u0131\u015fanlar\u0131 (De\u011fi\u015fiklik) Yasa Tasar\u0131s\u0131\u201dn\u0131 ele ald\u0131.<\/p>\n<p>Komite, ilk olarak g\u00fcndeminde bulunan, Kamu \u00c7al\u0131\u015fanlar\u0131n\u0131n Ayl\u0131k (Maa\u015f-\u00dccret) ve Di\u011fer \u00d6deneklerinin D\u00fczenlenmesi (De\u011fi\u015fiklik) Yasa \u00d6nerisi\u2019nin genel g\u00f6r\u00fc\u015fmesini yapt\u0131. Komite, bu yasa \u00f6nerisiyle ilgili \u00e7al\u0131\u015fmalar\u0131na bir sonraki toplant\u0131s\u0131nda devam edecek.<\/p>\n<p>Komite toplant\u0131s\u0131na davetli olarak, Personel Dairesi, KTAMS ve Kamu-Sen\u2019den yetkililer kat\u0131larak konuyla ilgili g\u00f6r\u00fc\u015flerini ifade etti.<\/p>\n<p><strong>\u0130K\u0130 REKABET (DE\u011e\u0130\u015e\u0130KL\u0130K) YASA TASARISI B\u0130RLE\u015eT\u0130R\u0130LEREK G\u00d6R\u00dc\u015e\u00dcL\u00dcYOR<\/strong><\/p>\n<p>\u0130dari, Kamu ve Sa\u011fl\u0131k \u0130\u015fleri Komitesi, daha sonra Rekabet (De\u011fi\u015fiklik) Yasa Tasar\u0131s\u0131 (Y.T.No:35\/1\/2022) ve Rekabet (De\u011fi\u015fiklik) Yasa Tasar\u0131s\u0131\u2019n\u0131 (Y.T.No:72\/2\/2022) birle\u015ftirerek ele ald\u0131 ve ilgili Yasa Tasar\u0131s\u0131\u2019n\u0131n madde madde g\u00f6r\u00fc\u015f\u00fclmesini tamamlad\u0131. Komite, bir sonraki toplant\u0131s\u0131nda s\u00f6z konusu tasar\u0131n\u0131n \u00fc\u00e7\u00fcnc\u00fc okunu\u015funu yapacak.<\/p>\n<p>Komite toplant\u0131s\u0131na davetli olarak, Ekonomi ve Enerji Bakanl\u0131\u011f\u0131 ve Rekabet Kurulu\u2019ndan yetkililer de kat\u0131larak tasar\u0131yla ilgili g\u00f6r\u00fc\u015f ve \u00f6nerilerini dile getirdi.<\/p>\n<p>-Kamu Sa\u011fl\u0131k \u00c7al\u0131\u015fanlar\u0131 (De\u011fi\u015fiklik) Yasa Tasar\u0131lar\u0131 da birle\u015ftirildi ve oy birli\u011fiyle onaylad\u0131<\/p>\n<p>Komite son olarak g\u00fcndeminde bulunan Kamu Sa\u011fl\u0131k \u00c7al\u0131\u015fanlar\u0131 (De\u011fi\u015fiklik) Yasa Tasar\u0131s\u0131 (Y.T.No:30\/1\/2022) ve Kamu Sa\u011fl\u0131k \u00c7al\u0131\u015fanlar\u0131 (De\u011fi\u015fiklik) Yasa Tasar\u0131s\u0131\u2019n\u0131 (Y.T.No:41\/1\/2022) da birle\u015ftirerek ele ald\u0131 ve ilgili Yasa Tasar\u0131s\u0131\u2019n\u0131 oy birli\u011fiyle onaylayarak Genel Kurul\u2019un g\u00fcndemine sevk etti.<\/p>\n<p>Komite toplant\u0131s\u0131na davetli olarak, Sa\u011fl\u0131k Bakanl\u0131\u011f\u0131\u2019ndan yetkililer de kat\u0131ld\u0131.<\/p>\n<p>UBP Milletvekili <span class=\"marked\">\u00d6zdemir Berova<\/span> ba\u015fkanl\u0131\u011f\u0131nda toplanan \u0130dari, Kamu ve Sa\u011fl\u0131k \u0130\u015fleri Komitesi toplant\u0131s\u0131na, Komite Ba\u015fkan Vekili CTP Milletvekili <span class=\"marked\">Filiz Besim<\/span>, komite \u00fcyeleri UBP Milletvekili <span class=\"marked\">Ahmet Sava\u015fan<\/span>, CTP Milletvekili <span class=\"marked\">Devrim Bar\u00e7\u0131n<\/span> ve UBP Milletvekili <span class=\"marked\">Emrah Ye\u015fil\u0131rmak<\/span> kat\u0131ld\u0131. Komite toplant\u0131s\u0131na ayr\u0131ca, UBP Milletvekili <span class=\"marked\">Sad\u0131k Gardiyano\u011flu<\/span> ve CTP Milletvekili <span class=\"marked\">Erkut \u015eahali<\/span> de yer ald\u0131.<\/p>\n<\/div>\n","protected":false},"excerpt":{"rendered":"<p>Cumhuriyet Meclisi, \u0130dari, Kamu ve Sa\u011fl\u0131k \u0130\u015fleri Komitesi bug\u00fcn g\u00fcndeminde bulunan \u201cKamu \u00c7al\u0131\u015fanlar\u0131n\u0131n Ayl\u0131k (Maa\u015f-\u00dccret) ve Di\u011fer \u00d6deneklerinin D\u00fczenlenmesi (De\u011fi\u015fiklik) Yasa \u00d6nerisi\u201d, \u201cRekabet (De\u011fi\u015fiklik) Yasa Tasar\u0131s\u0131\u201d, \u201cRekabet (De\u011fi\u015fiklik) Yasa Tasar\u0131s\u0131\u201d, \u201cKamu Sa\u011fl\u0131k \u00c7al\u0131\u015fanlar\u0131 (De\u011fi\u015fiklik) Yasa Tasar\u0131s\u0131\u201d ve \u201cKamu Sa\u011fl\u0131k \u00c7al\u0131\u015fanlar\u0131 (De\u011fi\u015fiklik) Yasa Tasar\u0131s\u0131\u201dn\u0131 ele ald\u0131. Cumhuriyet Meclisi, \u0130dari, Kamu ve Sa\u011fl\u0131k \u0130\u015fleri Komitesi bug\u00fcn saat [&hellip;]<\/p>\n","protected":false},"author":1,"featured_media":15513,"comment_status":"open","ping_status":"open","sticky":false,"template":"","format":"standard","meta":{"_monsterinsights_skip_tracking":false,"_monsterinsights_sitenote_active":false,"_monsterinsights_sitenote_note":"","_monsterinsights_sitenote_category":0,"footnotes":""},"categories":[102],"tags":[],"class_list":["post-15533","post","type-post","status-publish","format-standard","has-post-thumbnail","hentry","category-haberler"],"aioseo_notices":[],"_links":{"self":[{"href":"https:\/\/ahmetsavasan.com\/tr_tr\/wp-json\/wp\/v2\/posts\/15533","targetHints":{"allow":["GET"]}}],"collection":[{"href":"https:\/\/ahmetsavasan.com\/tr_tr\/wp-json\/wp\/v2\/posts"}],"about":[{"href":"https:\/\/ahmetsavasan.com\/tr_tr\/wp-json\/wp\/v2\/types\/post"}],"author":[{"embeddable":true,"href":"https:\/\/ahmetsavasan.com\/tr_tr\/wp-json\/wp\/v2\/users\/1"}],"replies":[{"embeddable":true,"href":"https:\/\/ahmetsavasan.com\/tr_tr\/wp-json\/wp\/v2\/comments?post=15533"}],"version-history":[{"count":0,"href":"https:\/\/ahmetsavasan.com\/tr_tr\/wp-json\/wp\/v2\/posts\/15533\/revisions"}],"wp:featuredmedia":[{"embeddable":true,"href":"https:\/\/ahmetsavasan.com\/tr_tr\/wp-json\/wp\/v2\/media\/15513"}],"wp:attachment":[{"href":"https:\/\/ahmetsavasan.com\/tr_tr\/wp-json\/wp\/v2\/media?parent=15533"}],"wp:term":[{"taxonomy":"category","embeddable":true,"href":"https:\/\/ahmetsavasan.com\/tr_tr\/wp-json\/wp\/v2\/categories?post=15533"},{"taxonomy":"post_tag","embeddable":true,"href":"https:\/\/ahmetsavasan.com\/tr_tr\/wp-json\/wp\/v2\/tags?post=15533"}],"curies":[{"name":"wp","href":"https:\/\/api.w.org\/{rel}","templated":true}]}}