{"id":15535,"date":"2023-03-02T11:07:37","date_gmt":"2023-03-02T11:07:37","guid":{"rendered":"https:\/\/www.ahmetsavasan.biz\/?p=15535"},"modified":"2023-03-02T11:07:37","modified_gmt":"2023-03-02T11:07:37","slug":"bizi-dogal-afetlerin-yikici-etkisinden-koruyacak-olan-sey-onlemleri-hayata-gecirmektir","status":"publish","type":"post","link":"https:\/\/ahmetsavasan.com\/tr_tr\/bizi-dogal-afetlerin-yikici-etkisinden-koruyacak-olan-sey-onlemleri-hayata-gecirmektir\/","title":{"rendered":"Bizi do\u011fal afetlerin y\u0131k\u0131c\u0131 etkisinden koruyacak olan \u015fey \u00f6nlemleri hayata ge\u00e7irmektir!"},"content":{"rendered":"<h2>UBP Milletvekili Ahmet Sava\u015fan, \u201cBizi do\u011fal afetlerin y\u0131k\u0131c\u0131 etkisinden koruyacak olan \u015fey \u00f6nlemleri hayata ge\u00e7irmektir\u201d dedi.<\/h2>\n<p>Cumhuriyet Meclisi\u2019nde do\u011fal afet ve depremle ilgili mevzuat\u0131n d\u00fczenlenmesine ili\u015fkin olu\u015fturulan Ge\u00e7ici ve \u00d6zel (ad-hoc) Komite \u00fcyesi Ulusal Birlik Partisi (UBP) Milletvekili <span class=\"marked\">Ahmet Sava\u015fan<\/span>, ki\u015fisel sosyal medya hesab\u0131ndan bir payla\u015f\u0131m yapt\u0131.<\/p>\n<p>G\u00f6revlerinin bitmedi\u011fini; tam tersine yeni ba\u015flad\u0131\u011f\u0131n\u0131 dile getiren Sava\u015fan, \u201c\u00d6nlemli olan ka\u011f\u0131t \u00fczerinde saptamalar yapmak veya \u00f6nlemler almak de\u011fildir! \u00d6nemli olan ve bizi do\u011fal afetlerin y\u0131k\u0131c\u0131 etkisinden koruyacak olan \u015fey \u00f6nlemleri hayata ge\u00e7irmektir\u201d ifadelerini kulland\u0131.<\/p>\n<p>\u0130sias Otel\u2019de hayat\u0131n\u0131 kaybeden \u00e7ocuklar ve yurtta\u015flar konusuna da i\u015faret eden <span class=\"marked\">Ahmet Sava\u015fan<\/span>, \u201c\u0130sias Otel\u2019de hayat\u0131n\u0131 kaybeden \u00e7ocuklar\u0131m\u0131z ile yurtta\u015flar\u0131m\u0131z\u0131n ac\u0131s\u0131n\u0131 hafifletmeyecek olsa da yasal geli\u015fmeleri yak\u0131ndan takip etmek ve yarg\u0131 s\u00fcrecine m\u00fcdahil olmak i\u00e7in \u00e7al\u0131\u015f\u0131yoruz. Milletvekilleri olarak \u00fczerimize d\u00fc\u015fen \u00f6nemli g\u00f6revin bilincindeyiz. Bu g\u00f6revi b\u00fcy\u00fck bir hassasiyetle yerine getirecek ve s\u00fcreci g\u00f6zlem alt\u0131nda tutaca\u011f\u0131z\u201d dedi.<\/p>\n<p><strong><span class=\"marked\">Ahmet Sava\u015fan<\/span>\u2019\u0131n mesaj\u0131 \u015f\u00f6yle:<\/strong><\/p>\n<p><em>\u201cAc\u0131lar\u0131m\u0131z\u0131 kalbimize g\u00f6md\u00fck; onlarla ya\u015famaya devam edece\u011fiz. Olas\u0131 bir deprem ve di\u011fer do\u011fal afetlerin zararlar\u0131n\u0131 en aza indirmek i\u00e7in hemen \u00e7al\u0131\u015fmaya ba\u015flamak laz\u0131md\u0131; ba\u015flad\u0131k. <\/em><\/p>\n<p><em>\u00d6nce, do\u011fal afetlerin zararlar\u0131n\u0131 azaltmak i\u00e7in acil olarak yap\u0131lmas\u0131 gerekenleri saptad\u0131k: Okullardan ba\u015flayarak kamu binalar\u0131 incelenecek ve yap\u0131lmas\u0131 gerekenler belirlenecek. Do\u011fal afetlere m\u00fcdahale i\u00e7in gerekli ekip ve ekipman g\u00fc\u00e7lendirilecek. <\/em><\/p>\n<p><em>Gerek \u00fclkemizdeki tespit ve m\u00fcdahalelerin etkin bir \u015fekilde yap\u0131lmas\u0131 ve kurulacak yeni yap\u0131n\u0131n s\u00fcrd\u00fcr\u00fclebilir olabilmesi, gerekse de T\u00fcrkiye\u2019de deprem b\u00f6lgelerindeki bar\u0131nma ihtiya\u00e7lar\u0131 ile \u00fclkemizde \u00f6\u011frenim g\u00f6ren depremzede \u00f6\u011frencilerimize destek verilebilmesi i\u00e7in yasal d\u00fczenlemelere ihtiya\u00e7 duyuluyor. B\u00fcy\u00fcn bu d\u00fczenlemeleri kat\u0131l\u0131mc\u0131 bir anlay\u0131\u015fla yapmaya kararl\u0131y\u0131z.<\/em><\/p>\n<p><em>Bunlar\u0131 yapabilmek i\u00e7in sadece kararl\u0131l\u0131k yetmiyor! kaynak da gerekiyor\u2026 \u0130lk a\u015famada devlet b\u00fct\u00e7esinden ayr\u0131labilecek kayna\u011f\u0131 de\u011ferlendirdik. Yetmiyor\u2026 Acil harcamalar i\u00e7in halk\u0131m\u0131z\u0131n katk\u0131s\u0131na da ihtiya\u00e7 duyuluyor. Bu katk\u0131n\u0131n g\u00f6n\u00fcll\u00fcl\u00fck esas\u0131na g\u00f6re al\u0131nmas\u0131n\u0131 \u00f6n g\u00f6r\u00fcyoruz\u2026<\/em><\/p>\n<p><em>Ayr\u0131ca \u0130sias Otel\u2019de hayat\u0131n\u0131 kaybeden \u00e7ocuklar\u0131m\u0131z ve yurtta\u015flar\u0131m\u0131z\u0131n ac\u0131s\u0131n\u0131 hafifletmeyecek olsa da yasal geli\u015fmeleri yak\u0131ndan takip etmek ve yarg\u0131 s\u00fcrecine m\u00fcdahil olmak i\u00e7in de \u00e7al\u0131\u015f\u0131yoruz. Milletvekilleri olarak \u00fczerimize d\u00fc\u015fen \u00f6nemli g\u00f6revin bilincindeyiz. Bu g\u00f6revi b\u00fcy\u00fck bir hassasiyetle yerine getirecek ve s\u00fcreci g\u00f6zlem alt\u0131nda tutaca\u011f\u0131z.<\/em><\/p>\n<p><em>G\u00f6revimiz bitmedi; tam tersine yeni ba\u015fl\u0131yor. \u00d6nlemli olan ka\u011f\u0131t \u00fczerinde saptamalar yapmak veya \u00f6nlemler almak de\u011fildir! \u00d6nemli olan ve bizi do\u011fal afetlerin y\u0131k\u0131c\u0131 etkisinden koruyacak olan \u015fey bu \u00f6nlemleri hayata ge\u00e7irmektir.<\/em><\/p>\n<p><em>\u0130nsanlar\u0131m\u0131z\u0131 do\u011fal afetlerden koruyacak \u00f6nlemleri hayata ge\u00e7irmek i\u00e7in \u00e7al\u0131\u015fmaya devam edece\u011fiz. \u0130nan\u0131yorum ki h\u00fck\u00fcmetimizin meclisteki siyasi partiler yan\u0131nda b\u00fct\u00fcn payda\u015flar\u0131n katk\u0131lar\u0131 ile yapt\u0131\u011f\u0131 \u00e7al\u0131\u015fmalar halk\u0131m\u0131z\u0131n deste\u011fiyle ba\u015far\u0131ya ula\u015facakt\u0131r.\u201d<\/em><\/p>\n","protected":false},"excerpt":{"rendered":"<p>UBP Milletvekili Ahmet Sava\u015fan, \u201cBizi do\u011fal afetlerin y\u0131k\u0131c\u0131 etkisinden koruyacak olan \u015fey \u00f6nlemleri hayata ge\u00e7irmektir\u201d dedi. Cumhuriyet Meclisi\u2019nde do\u011fal afet ve depremle ilgili mevzuat\u0131n d\u00fczenlenmesine ili\u015fkin olu\u015fturulan Ge\u00e7ici ve \u00d6zel (ad-hoc) Komite \u00fcyesi Ulusal Birlik Partisi (UBP) Milletvekili Ahmet Sava\u015fan, ki\u015fisel sosyal medya hesab\u0131ndan bir payla\u015f\u0131m yapt\u0131. G\u00f6revlerinin bitmedi\u011fini; tam tersine yeni ba\u015flad\u0131\u011f\u0131n\u0131 dile getiren [&hellip;]<\/p>\n","protected":false},"author":1,"featured_media":15514,"comment_status":"open","ping_status":"open","sticky":false,"template":"","format":"standard","meta":{"_monsterinsights_skip_tracking":false,"_monsterinsights_sitenote_active":false,"_monsterinsights_sitenote_note":"","_monsterinsights_sitenote_category":0,"footnotes":""},"categories":[102],"tags":[],"class_list":["post-15535","post","type-post","status-publish","format-standard","has-post-thumbnail","hentry","category-haberler"],"aioseo_notices":[],"_links":{"self":[{"href":"https:\/\/ahmetsavasan.com\/tr_tr\/wp-json\/wp\/v2\/posts\/15535","targetHints":{"allow":["GET"]}}],"collection":[{"href":"https:\/\/ahmetsavasan.com\/tr_tr\/wp-json\/wp\/v2\/posts"}],"about":[{"href":"https:\/\/ahmetsavasan.com\/tr_tr\/wp-json\/wp\/v2\/types\/post"}],"author":[{"embeddable":true,"href":"https:\/\/ahmetsavasan.com\/tr_tr\/wp-json\/wp\/v2\/users\/1"}],"replies":[{"embeddable":true,"href":"https:\/\/ahmetsavasan.com\/tr_tr\/wp-json\/wp\/v2\/comments?post=15535"}],"version-history":[{"count":0,"href":"https:\/\/ahmetsavasan.com\/tr_tr\/wp-json\/wp\/v2\/posts\/15535\/revisions"}],"wp:featuredmedia":[{"embeddable":true,"href":"https:\/\/ahmetsavasan.com\/tr_tr\/wp-json\/wp\/v2\/media\/15514"}],"wp:attachment":[{"href":"https:\/\/ahmetsavasan.com\/tr_tr\/wp-json\/wp\/v2\/media?parent=15535"}],"wp:term":[{"taxonomy":"category","embeddable":true,"href":"https:\/\/ahmetsavasan.com\/tr_tr\/wp-json\/wp\/v2\/categories?post=15535"},{"taxonomy":"post_tag","embeddable":true,"href":"https:\/\/ahmetsavasan.com\/tr_tr\/wp-json\/wp\/v2\/tags?post=15535"}],"curies":[{"name":"wp","href":"https:\/\/api.w.org\/{rel}","templated":true}]}}