{"id":15544,"date":"2023-02-23T12:12:34","date_gmt":"2023-02-23T12:12:34","guid":{"rendered":"https:\/\/www.ahmetsavasan.biz\/?p=15544"},"modified":"2023-02-23T12:12:34","modified_gmt":"2023-02-23T12:12:34","slug":"dogal-afet-ve-depremle-ilgili-mevzuatin-duzenlenmesine-iliskin-ad-hoc-komite-toplandi","status":"publish","type":"post","link":"https:\/\/ahmetsavasan.com\/tr_tr\/dogal-afet-ve-depremle-ilgili-mevzuatin-duzenlenmesine-iliskin-ad-hoc-komite-toplandi\/","title":{"rendered":"Do\u011fal Afet ve Depremle \u0130lgili Mevzuat\u0131n D\u00fczenlenmesine \u0130li\u015fkin Ad-Hoc Komite topland\u0131"},"content":{"rendered":"<h2>Do\u011fal Afet ve Depremle \u0130lgili Mevzuat\u0131n D\u00fczenlenmesine \u0130li\u015fkin Olu\u015fturulan Ge\u00e7ici ve \u00d6zel (Ad-Hoc) Komite bug\u00fcn UBP Milletvekili Komite Ba\u015fkan\u0131 \u00d6zdemir Berova ba\u015fkanl\u0131\u011f\u0131nda topland\u0131.<\/h2>\n<div class=\"news-copy\">\n<p>Cumhuriyet Meclisi,\u00a0Do\u011fal Afet ve Depremle \u0130lgili Mevzuat\u0131n D\u00fczenlenmesine \u0130li\u015fkin Olu\u015fturulan Ge\u00e7ici ve \u00d6zel (Ad-Hoc) Komite bug\u00fcn UBP Milletvekili Komite Ba\u015fkan\u0131 <span class=\"marked\">\u00d6zdemir Berova<\/span> ba\u015fkanl\u0131\u011f\u0131nda topland\u0131.<\/p>\n<p>Meclis\u2019ten yap\u0131lan a\u00e7\u0131klamaya g\u00f6re, Komite, bug\u00fcn ger\u00e7ekle\u015ftirdi\u011fi toplant\u0131da g\u00fcndeminde bulunan davetlileri dinledi.<\/p>\n<p>Komite toplant\u0131s\u0131na davetli olarak kat\u0131lan, Maliye Bakanl\u0131\u011f\u0131, Ba\u015fsavc\u0131l\u0131k, K\u0131br\u0131s T\u00fcrk Hem\u015fireler ve Ebeler Sendikas\u0131 ve Memur-Sen\u2019den yetkililer kat\u0131larak konu ile ilgili g\u00f6r\u00fc\u015flerde bulundular.<\/p>\n<p>Komite toplant\u0131s\u0131nda Ekonomi ve Enerji Bakan\u0131 <span class=\"marked\">Olgun Amcao\u011flu<\/span> da haz\u0131r bulundu.<\/p>\n<p>UBP Milletvekili <span class=\"marked\">\u00d6zdemir Berova<\/span> ba\u015fkanl\u0131\u011f\u0131ndaki komite toplant\u0131s\u0131na CTP Milletvekili Komite Ba\u015fkan Vekili <span class=\"marked\">Fikri Toros<\/span>, Komite \u00fcyeleri YDP Milletvekili <span class=\"marked\">Talip Atalay<\/span>, CTP Milletvekili <span class=\"marked\">Devrim Bar\u00e7\u0131n<\/span>, UBP Milletvekili <span class=\"marked\">Ahmet Sava\u015fan<\/span>, DP Milletvekili <span class=\"marked\">Hasan Tosuno\u011flu<\/span> ve UBP Milletvekili <span class=\"marked\">Emrah Ye\u015fil\u0131rmak<\/span> kat\u0131ld\u0131. Komite toplant\u0131s\u0131na ayr\u0131ca, UBP Milletvekili <span class=\"marked\">Sad\u0131k Gardiyano\u011flu<\/span>, CTP Milletvekili <span class=\"marked\">Arma\u011fan Candan<\/span> ve Ba\u011f\u0131ms\u0131z Milletvekilleri <span class=\"marked\">Ay\u015feg\u00fcl Baybars<\/span> ve <span class=\"marked\">Jale Refik Rogers<\/span> kat\u0131ld\u0131.<\/p>\n<\/div>\n","protected":false},"excerpt":{"rendered":"<p>Do\u011fal Afet ve Depremle \u0130lgili Mevzuat\u0131n D\u00fczenlenmesine \u0130li\u015fkin Olu\u015fturulan Ge\u00e7ici ve \u00d6zel (Ad-Hoc) Komite bug\u00fcn UBP Milletvekili Komite Ba\u015fkan\u0131 \u00d6zdemir Berova ba\u015fkanl\u0131\u011f\u0131nda topland\u0131. Cumhuriyet Meclisi,\u00a0Do\u011fal Afet ve Depremle \u0130lgili Mevzuat\u0131n D\u00fczenlenmesine \u0130li\u015fkin Olu\u015fturulan Ge\u00e7ici ve \u00d6zel (Ad-Hoc) Komite bug\u00fcn UBP Milletvekili Komite Ba\u015fkan\u0131 \u00d6zdemir Berova ba\u015fkanl\u0131\u011f\u0131nda topland\u0131. Meclis\u2019ten yap\u0131lan a\u00e7\u0131klamaya g\u00f6re, Komite, bug\u00fcn ger\u00e7ekle\u015ftirdi\u011fi toplant\u0131da [&hellip;]<\/p>\n","protected":false},"author":1,"featured_media":15518,"comment_status":"open","ping_status":"open","sticky":false,"template":"","format":"standard","meta":{"_monsterinsights_skip_tracking":false,"_monsterinsights_sitenote_active":false,"_monsterinsights_sitenote_note":"","_monsterinsights_sitenote_category":0,"footnotes":""},"categories":[102],"tags":[],"class_list":["post-15544","post","type-post","status-publish","format-standard","has-post-thumbnail","hentry","category-haberler"],"aioseo_notices":[],"_links":{"self":[{"href":"https:\/\/ahmetsavasan.com\/tr_tr\/wp-json\/wp\/v2\/posts\/15544","targetHints":{"allow":["GET"]}}],"collection":[{"href":"https:\/\/ahmetsavasan.com\/tr_tr\/wp-json\/wp\/v2\/posts"}],"about":[{"href":"https:\/\/ahmetsavasan.com\/tr_tr\/wp-json\/wp\/v2\/types\/post"}],"author":[{"embeddable":true,"href":"https:\/\/ahmetsavasan.com\/tr_tr\/wp-json\/wp\/v2\/users\/1"}],"replies":[{"embeddable":true,"href":"https:\/\/ahmetsavasan.com\/tr_tr\/wp-json\/wp\/v2\/comments?post=15544"}],"version-history":[{"count":0,"href":"https:\/\/ahmetsavasan.com\/tr_tr\/wp-json\/wp\/v2\/posts\/15544\/revisions"}],"wp:featuredmedia":[{"embeddable":true,"href":"https:\/\/ahmetsavasan.com\/tr_tr\/wp-json\/wp\/v2\/media\/15518"}],"wp:attachment":[{"href":"https:\/\/ahmetsavasan.com\/tr_tr\/wp-json\/wp\/v2\/media?parent=15544"}],"wp:term":[{"taxonomy":"category","embeddable":true,"href":"https:\/\/ahmetsavasan.com\/tr_tr\/wp-json\/wp\/v2\/categories?post=15544"},{"taxonomy":"post_tag","embeddable":true,"href":"https:\/\/ahmetsavasan.com\/tr_tr\/wp-json\/wp\/v2\/tags?post=15544"}],"curies":[{"name":"wp","href":"https:\/\/api.w.org\/{rel}","templated":true}]}}