{"id":15546,"date":"2023-02-23T11:13:42","date_gmt":"2023-02-23T11:13:42","guid":{"rendered":"https:\/\/www.ahmetsavasan.biz\/?p=15546"},"modified":"2023-02-23T11:13:42","modified_gmt":"2023-02-23T11:13:42","slug":"deprem-kibris-turk-halki-ile-turk-halkinin-ne-kadar-ic-ice-oldugunu-gosterdi","status":"publish","type":"post","link":"https:\/\/ahmetsavasan.com\/tr_tr\/deprem-kibris-turk-halki-ile-turk-halkinin-ne-kadar-ic-ice-oldugunu-gosterdi\/","title":{"rendered":"Deprem, K\u0131br\u0131s T\u00fcrk halk\u0131 ile T\u00fcrk halk\u0131n\u0131n ne kadar i\u00e7 i\u00e7e oldu\u011funu g\u00f6sterdi"},"content":{"rendered":"<h2>UBP Milletvekili Ahmet Sava\u015fan, T\u00fcrkiye Lefko\u015fa B\u00fcy\u00fckel\u00e7ili\u011fi\u2019nde a\u00e7\u0131lan taziye defterini imzalad\u0131. Sava\u015fan taziye mesaj\u0131nda, \u201cDeprem, K\u0131br\u0131s T\u00fcrk halk\u0131 ile T\u00fcrk halk\u0131n\u0131n ne kadar i\u00e7 i\u00e7e oldu\u011funu g\u00f6sterdi\u201d ifadelerini kulland\u0131.<\/h2>\n<div class=\"news-copy\">\n<p>Ulusal Birlik Partisi (UBP) Milletvekili <span class=\"marked\">Ahmet Sava\u015fan<\/span>, T\u00fcrkiye Lefko\u015fa B\u00fcy\u00fckel\u00e7ili\u011fi\u2019nde a\u00e7\u0131lan taziye defterini imzalad\u0131.<\/p>\n<p><strong>\u201c\u015eAMP\u0130YON SPORCULARIMIZ, BU HALK AYAKTA DURDUK\u00c7A YA\u015eAMAYA DEVAM EDECEKLERD\u0130R\u201d<\/strong><\/p>\n<p>K\u0131br\u0131s T\u00fcrk halk\u0131 ile T\u00fcrk halk\u0131n\u0131n ne kadar i\u00e7 i\u00e7e olduklar\u0131, sevin\u00e7te oldu\u011fu gibi kederde de b\u00fct\u00fcnle\u015ftikleri; sadece duygusal anlamda de\u011fil ekonomik ve sosyal olarak da birlikte ya\u015famakta olduklar\u0131n\u0131n bu deprem felaketi nedeniyle bir kez daha g\u00f6r\u00fcld\u00fc\u011f\u00fcne i\u015faret eden UBP Milletvekili Dr. <span class=\"marked\">Ahmet Sava\u015fan<\/span>, T\u00fcrkiye\u2019de ya\u015fanan b\u00fcy\u00fck depremin, K\u0131br\u0131s T\u00fcrk halk\u0131n\u0131 da derinden yaralad\u0131\u011f\u0131na vurgu yapt\u0131. Sava\u015fan, \u201cBu deprem \u00e7ok sevdi\u011fimiz \u00e7ocuklar\u0131m\u0131z\u0131 ve baz\u0131 vatanda\u015flar\u0131m\u0131z\u0131 da aram\u0131zdan ald\u0131, g\u00f6t\u00fcrd\u00fc. Onlar\u0131n an\u0131lar\u0131n\u0131 ya\u015fatmak hepimizin boynunun borcudur. \u015eampiyon sporcular\u0131m\u0131z, bu halk ayakta durduk\u00e7a ya\u015famaya devam edeceklerdir\u201d ifadelerini kulland\u0131.<\/p>\n<p><strong><span class=\"marked\">Ahmet Sava\u015fan<\/span>, taziye defterine \u015funlar\u0131 yazd\u0131:<\/strong><\/p>\n<p><em>&#8220;T\u00fcrkiye\u2019yi sarsan b\u00fcy\u00fck depremde hayatlar\u0131n\u0131 kaybedenlere Allah\u2019tan rahmet dilerim. Hepimizin ba\u015f\u0131 sa\u011f olsun. K\u0131br\u0131s T\u00fcrk halk\u0131 ile T\u00fcrk halk\u0131n\u0131n ne kadar i\u00e7 i\u00e7e olduklar\u0131, sevin\u00e7te oldu\u011fu gibi kederde de b\u00fct\u00fcnle\u015ftikleri; sadece duygusal anlamda de\u011fil ekonomik ve sosyal olarak da birlikte ya\u015famakta olduklar\u0131 bu deprem felaketi nedeniyle bir kez daha g\u00f6r\u00fcld\u00fc. Biz biriz; bir b\u00fct\u00fcn\u00fcn ayr\u0131lmaz par\u00e7alar\u0131y\u0131z.<\/em><\/p>\n<p><em>T\u00fcrkiye\u2019mizde ya\u015fanan b\u00fcy\u00fck deprem, K\u0131br\u0131s T\u00fcrk halk\u0131n\u0131 da derinden yaralarken, \u00e7ok sevdi\u011fimiz \u00e7ocuklar\u0131m\u0131z\u0131 ve baz\u0131 vatanda\u015flar\u0131m\u0131z\u0131 da aram\u0131zdan ald\u0131, g\u00f6t\u00fcrd\u00fc. Onlar\u0131n an\u0131lar\u0131n\u0131 ya\u015fatmak hepimizin boynunun borcudur. \u015eampiyon sporcular\u0131m\u0131z, bu halk ayakta durduk\u00e7a ya\u015famaya devam edeceklerdir.<\/em><\/p>\n<p><em>Ac\u0131lar\u0131m\u0131z\u0131 ya\u015famaya devam ederken depremzedeleri en iyi ko\u015fullarla hayata d\u00f6nd\u00fcrmek; bundan sonraki afetlerin y\u0131k\u0131c\u0131l\u0131\u011f\u0131n\u0131 asgariye indirmek i\u00e7in \u00e7al\u0131\u015fmak boynumuzun borcudur. K\u0131br\u0131s T\u00fcrk halk\u0131 bundan sonraki ya\u015fam m\u00fccadelesinde de depremzedelerin ve T\u00fcrk halk\u0131n\u0131n yan\u0131nda olmaya devam edecektir.<\/em><\/p>\n<p><em>Kederimiz ortakt\u0131r; ba\u015far\u0131lar\u0131m\u0131z da ortak olacakt\u0131r. Depremlere kar\u015f\u0131 daha diren\u00e7li olacak; ya\u015fam\u0131n zorluklar\u0131n\u0131 birlikte a\u015faca\u011f\u0131z. Birlikteli\u011fimizi koruyacak; \u00e7ok \u00e7al\u0131\u015facak ve ba\u015faraca\u011f\u0131z.\u201d<\/em><\/p>\n<\/div>\n","protected":false},"excerpt":{"rendered":"<p>UBP Milletvekili Ahmet Sava\u015fan, T\u00fcrkiye Lefko\u015fa B\u00fcy\u00fckel\u00e7ili\u011fi\u2019nde a\u00e7\u0131lan taziye defterini imzalad\u0131. Sava\u015fan taziye mesaj\u0131nda, \u201cDeprem, K\u0131br\u0131s T\u00fcrk halk\u0131 ile T\u00fcrk halk\u0131n\u0131n ne kadar i\u00e7 i\u00e7e oldu\u011funu g\u00f6sterdi\u201d ifadelerini kulland\u0131. Ulusal Birlik Partisi (UBP) Milletvekili Ahmet Sava\u015fan, T\u00fcrkiye Lefko\u015fa B\u00fcy\u00fckel\u00e7ili\u011fi\u2019nde a\u00e7\u0131lan taziye defterini imzalad\u0131. \u201c\u015eAMP\u0130YON SPORCULARIMIZ, BU HALK AYAKTA DURDUK\u00c7A YA\u015eAMAYA DEVAM EDECEKLERD\u0130R\u201d K\u0131br\u0131s T\u00fcrk halk\u0131 [&hellip;]<\/p>\n","protected":false},"author":1,"featured_media":15519,"comment_status":"open","ping_status":"open","sticky":false,"template":"","format":"standard","meta":{"_monsterinsights_skip_tracking":false,"_monsterinsights_sitenote_active":false,"_monsterinsights_sitenote_note":"","_monsterinsights_sitenote_category":0,"footnotes":""},"categories":[102],"tags":[],"class_list":["post-15546","post","type-post","status-publish","format-standard","has-post-thumbnail","hentry","category-haberler"],"aioseo_notices":[],"_links":{"self":[{"href":"https:\/\/ahmetsavasan.com\/tr_tr\/wp-json\/wp\/v2\/posts\/15546","targetHints":{"allow":["GET"]}}],"collection":[{"href":"https:\/\/ahmetsavasan.com\/tr_tr\/wp-json\/wp\/v2\/posts"}],"about":[{"href":"https:\/\/ahmetsavasan.com\/tr_tr\/wp-json\/wp\/v2\/types\/post"}],"author":[{"embeddable":true,"href":"https:\/\/ahmetsavasan.com\/tr_tr\/wp-json\/wp\/v2\/users\/1"}],"replies":[{"embeddable":true,"href":"https:\/\/ahmetsavasan.com\/tr_tr\/wp-json\/wp\/v2\/comments?post=15546"}],"version-history":[{"count":0,"href":"https:\/\/ahmetsavasan.com\/tr_tr\/wp-json\/wp\/v2\/posts\/15546\/revisions"}],"wp:featuredmedia":[{"embeddable":true,"href":"https:\/\/ahmetsavasan.com\/tr_tr\/wp-json\/wp\/v2\/media\/15519"}],"wp:attachment":[{"href":"https:\/\/ahmetsavasan.com\/tr_tr\/wp-json\/wp\/v2\/media?parent=15546"}],"wp:term":[{"taxonomy":"category","embeddable":true,"href":"https:\/\/ahmetsavasan.com\/tr_tr\/wp-json\/wp\/v2\/categories?post=15546"},{"taxonomy":"post_tag","embeddable":true,"href":"https:\/\/ahmetsavasan.com\/tr_tr\/wp-json\/wp\/v2\/tags?post=15546"}],"curies":[{"name":"wp","href":"https:\/\/api.w.org\/{rel}","templated":true}]}}