{"id":15610,"date":"2023-03-15T23:46:37","date_gmt":"2023-03-15T23:46:37","guid":{"rendered":"https:\/\/www.ahmetsavasan.biz\/?p=15610"},"modified":"2023-03-15T23:46:37","modified_gmt":"2023-03-15T23:46:37","slug":"deprem-ve-diger-afetlere-yonelik-mali-yardim-ve-hazirlik-yasa-onerisi-komitede-oy-birligiyle-onaylandi","status":"publish","type":"post","link":"https:\/\/ahmetsavasan.com\/tr_tr\/deprem-ve-diger-afetlere-yonelik-mali-yardim-ve-hazirlik-yasa-onerisi-komitede-oy-birligiyle-onaylandi\/","title":{"rendered":"\u201cDeprem ve Di\u011fer Afetlere Y\u00f6nelik Mali Yard\u0131m ve Haz\u0131rl\u0131k Yasa \u00d6nerisi\u201d komitede oy birli\u011fiyle onayland\u0131"},"content":{"rendered":"<h2>Cumhuriyet Meclisi, Deprem ve Di\u011fer Afetlere Y\u00f6nelik Mali Yard\u0131m ve Haz\u0131rl\u0131k Yasa \u00d6nerisi\u2019ni oy birli\u011fiyle onaylad\u0131.<\/h2>\n<div class=\"news-copy\">\n<p>Cumhuriyet Meclisi, Do\u011fal Afet ve Depremle \u0130lgili Mevzuat\u0131n D\u00fczenlenmesine \u0130li\u015fkin Olu\u015fturulan Ge\u00e7ici ve \u00d6zel (Ad-Hoc) Komite, \u201cDeprem ve Di\u011fer Afetlere Y\u00f6nelik Mali Yard\u0131m ve Haz\u0131rl\u0131k Yasa \u00d6nerisi\u201dni, UBP, DP ve YDP\u2019li \u00fcyelerin kat\u0131ld\u0131\u011f\u0131 bug\u00fcnk\u00fc toplant\u0131s\u0131nda oy birli\u011fiyle onaylad\u0131.<\/p>\n<p>Meclis\u2019ten yap\u0131lan a\u00e7\u0131klamaya g\u00f6re komite bug\u00fcn UBP Milletvekili Komite Ba\u015fkan\u0131 <span class=\"marked\">\u00d6zdemir Berova<\/span> ba\u015fkanl\u0131\u011f\u0131nda, saat 10.00\u2019da topland\u0131.<\/p>\n<p>Do\u011fal Afet ve Depremle \u0130lgili Mevzuat\u0131n D\u00fczenlenmesine \u0130li\u015fkin Olu\u015fturulan Ge\u00e7ici ve \u00d6zel (Ad-Hoc) Komite, \u201cDeprem ve Di\u011fer Afetlere Y\u00f6nelik Mali Yard\u0131m ve Haz\u0131rl\u0131k Yasa \u00d6nerisi\u201d g\u00fcndemi ile yapt\u0131\u011f\u0131 toplant\u0131da, yasa \u00f6nerisiyle ilgili \u00e7al\u0131\u015fmalar\u0131n\u0131 tamamlad\u0131 oy birli\u011fiyle onaylayarak Genel Kurul\u2019un g\u00fcndemine sevk etti.<\/p>\n<p>Komite toplant\u0131s\u0131na davetli olarak, Maliye Bakanl\u0131\u011f\u0131, Ekonomi ve Enerji Bakanl\u0131\u011f\u0131, Ba\u015fsavc\u0131l\u0131k, K\u0131br\u0131s T\u00fcrk Emlak\u00e7\u0131lar Birli\u011fi, K\u0131br\u0131s T\u00fcrk Otelciler Birli\u011fi, K\u0131br\u0131s T\u00fcrk Ticaret Odas\u0131 ve K\u0131br\u0131s T\u00fcrk Sanayi Odas\u0131\u2019ndan yetkililer kat\u0131larak konu ile ilgili g\u00f6r\u00fc\u015flerini ifade etti, \u00f6nerilerde bulundu.<\/p>\n<p>Komite toplant\u0131s\u0131nda ayr\u0131ca, Milli E\u011fitim Bakan\u0131 <span class=\"marked\">Naz\u0131m \u00c7avu\u015fo\u011flu<\/span> da haz\u0131r bulundu.<\/p>\n<p><strong>\u00d6NER\u0130N\u0130N GENEL GEREK\u00c7ES\u0130<\/strong><\/p>\n<p>\u201cDeprem ve Di\u011fer Afetlere Y\u00f6nelik Mali Yard\u0131m ve Haz\u0131rl\u0131k Yasa \u00d6nerisi\u201dnin genel gerek\u00e7esinde \u201c6 \u015eubat 2023 tarihinde T\u00fcrkiye Cumhuriyeti\u2019nde meydana gelen deprem nedeniyle, T\u00fcrkiye\u2019de ortaya \u00e7\u0131kan bar\u0131nma ihtiyac\u0131n\u0131n kar\u015f\u0131lanmas\u0131na katk\u0131 koyabilmek, \u00fclkemizde ortaya \u00e7\u0131kan ihtiya\u00e7lar\u0131n tespiti ve giderilmesi ile ileriki s\u00fcre\u00e7te do\u011fabilecek do\u011fal afetlerle m\u00fccadele kapsam\u0131ndaki haz\u0131rl\u0131klar\u0131n tespiti ve giderilmesi amac\u0131yla mali kayna\u011f\u0131n olu\u015fturulmas\u0131 i\u00e7in bu Yasa \u00d6nerisi haz\u0131rlanm\u0131\u015ft\u0131r.\u201d ifadeleri yer al\u0131yor.<\/p>\n<p>Bu gerek\u00e7e \u0131\u015f\u0131\u011f\u0131nda olu\u015fturulan yasa \u00f6nerisi ile \u201cDeprem ve Do\u011fal Afet De\u011ferlendirme ve \u0130zleme Komisyonu\u201d olu\u015fturuldu\u011fu belirtilen a\u00e7\u0131klamada komitenin yasa \u00f6nerisi kapsam\u0131nda yap\u0131lacak maa\u015f kesintilerinin, devlet okul ve binalar\u0131n\u0131n bak\u0131m\u0131 ve onar\u0131m\u0131, gerekli olmas\u0131 halinde yeni okul yap\u0131m\u0131, sa\u011fl\u0131k alan\u0131nda mevcut binalar\u0131n depreme kar\u015f\u0131 bak\u0131m ve onar\u0131m\u0131na katk\u0131 sa\u011flamak amac\u0131 ile kullan\u0131laca\u011f\u0131n\u0131 vurgulad\u0131\u011f\u0131 kaydedildi.<\/p>\n<p>A\u00e7\u0131klamada, komitenin h\u00fck\u00fcmet taraf\u0131ndan yap\u0131lan \u00e7al\u0131\u015fmada da tasarruf tedbirleri kapsam\u0131na dahil etti\u011fi kalemlerde, Yurt D\u0131\u015f\u0131 Ge\u00e7ici G\u00f6rev Yolluklar\u0131, T\u00f6ren ve A\u011f\u0131rlama, Tan\u0131tma, Temsil Giderleri, Siyasi Tan\u0131tma Giderleri, Dernek ve Hane Halk\u0131na Yard\u0131m ve Mahalli Projeler (\u00d6rt\u00fcl\u00fc \u00d6denekler dahil) oldu\u011fu bilgisini verdi\u011fi ifade edildi.<\/p>\n<p>Do\u011fal Afet ve Depremle \u0130lgili Mevzuat\u0131n D\u00fczenlenmesine \u0130li\u015fkin Olu\u015fturulan Ge\u00e7ici ve \u00d6zel (Ad-Hoc) Komite\u2019nin bu yasa \u00f6nerisi kapsam\u0131nda yap\u0131lacak maa\u015f kesintilerinin d\u0131\u015f\u0131nda ayr\u0131ca 20 kalemde ve alanda gerekli d\u00fczenlemeleri yaparak katk\u0131 sa\u011flamay\u0131 ama\u00e7lad\u0131\u011f\u0131 ve ilgili yasa \u00f6nerisi kapsam\u0131nda olu\u015fturulacak kayna\u011f\u0131n da bu yasa \u00f6nerisi amac\u0131 d\u0131\u015f\u0131nda kullan\u0131lmayaca\u011f\u0131 bilgisini verdi.<\/p>\n<p>UBP Milletvekili <span class=\"marked\">\u00d6zdemir Berova<\/span> ba\u015fkanl\u0131\u011f\u0131ndaki komite toplant\u0131s\u0131na Komite \u00fcyeleri YDP Milletvekili <span class=\"marked\">Talip Atalay<\/span>, UBP Milletvekili <span class=\"marked\">Ahmet Sava\u015fan<\/span>, DP Milletvekili <span class=\"marked\">Hasan Tosuno\u011flu<\/span> ve UBP Milletvekili <span class=\"marked\">Emrah Ye\u015fil\u0131rmak<\/span> kat\u0131ld\u0131.<\/p>\n<\/div>\n","protected":false},"excerpt":{"rendered":"<p>Cumhuriyet Meclisi, Deprem ve Di\u011fer Afetlere Y\u00f6nelik Mali Yard\u0131m ve Haz\u0131rl\u0131k Yasa \u00d6nerisi\u2019ni oy birli\u011fiyle onaylad\u0131. Cumhuriyet Meclisi, Do\u011fal Afet ve Depremle \u0130lgili Mevzuat\u0131n D\u00fczenlenmesine \u0130li\u015fkin Olu\u015fturulan Ge\u00e7ici ve \u00d6zel (Ad-Hoc) Komite, \u201cDeprem ve Di\u011fer Afetlere Y\u00f6nelik Mali Yard\u0131m ve Haz\u0131rl\u0131k Yasa \u00d6nerisi\u201dni, UBP, DP ve YDP\u2019li \u00fcyelerin kat\u0131ld\u0131\u011f\u0131 bug\u00fcnk\u00fc toplant\u0131s\u0131nda oy birli\u011fiyle onaylad\u0131. Meclis\u2019ten [&hellip;]<\/p>\n","protected":false},"author":1,"featured_media":15611,"comment_status":"open","ping_status":"open","sticky":false,"template":"","format":"standard","meta":{"_monsterinsights_skip_tracking":false,"_monsterinsights_sitenote_active":false,"_monsterinsights_sitenote_note":"","_monsterinsights_sitenote_category":0,"footnotes":""},"categories":[102],"tags":[],"class_list":["post-15610","post","type-post","status-publish","format-standard","has-post-thumbnail","hentry","category-haberler"],"aioseo_notices":[],"_links":{"self":[{"href":"https:\/\/ahmetsavasan.com\/tr_tr\/wp-json\/wp\/v2\/posts\/15610","targetHints":{"allow":["GET"]}}],"collection":[{"href":"https:\/\/ahmetsavasan.com\/tr_tr\/wp-json\/wp\/v2\/posts"}],"about":[{"href":"https:\/\/ahmetsavasan.com\/tr_tr\/wp-json\/wp\/v2\/types\/post"}],"author":[{"embeddable":true,"href":"https:\/\/ahmetsavasan.com\/tr_tr\/wp-json\/wp\/v2\/users\/1"}],"replies":[{"embeddable":true,"href":"https:\/\/ahmetsavasan.com\/tr_tr\/wp-json\/wp\/v2\/comments?post=15610"}],"version-history":[{"count":0,"href":"https:\/\/ahmetsavasan.com\/tr_tr\/wp-json\/wp\/v2\/posts\/15610\/revisions"}],"wp:featuredmedia":[{"embeddable":true,"href":"https:\/\/ahmetsavasan.com\/tr_tr\/wp-json\/wp\/v2\/media\/15611"}],"wp:attachment":[{"href":"https:\/\/ahmetsavasan.com\/tr_tr\/wp-json\/wp\/v2\/media?parent=15610"}],"wp:term":[{"taxonomy":"category","embeddable":true,"href":"https:\/\/ahmetsavasan.com\/tr_tr\/wp-json\/wp\/v2\/categories?post=15610"},{"taxonomy":"post_tag","embeddable":true,"href":"https:\/\/ahmetsavasan.com\/tr_tr\/wp-json\/wp\/v2\/tags?post=15610"}],"curies":[{"name":"wp","href":"https:\/\/api.w.org\/{rel}","templated":true}]}}