{"id":15692,"date":"2023-06-08T22:27:48","date_gmt":"2023-06-08T22:27:48","guid":{"rendered":"https:\/\/www.ahmetsavasan.biz\/?p=15692"},"modified":"2025-09-01T10:00:35","modified_gmt":"2025-09-01T10:00:35","slug":"ahmet-savasan-baslica-hedefimiz-saglik-turizmini-gelistirmek","status":"publish","type":"post","link":"https:\/\/ahmetsavasan.com\/tr_tr\/ahmet-savasan-baslica-hedefimiz-saglik-turizmini-gelistirmek\/","title":{"rendered":"Ahmet Sava\u015fan: Ba\u015fl\u0131ca hedefimiz sa\u011fl\u0131k turizmini geli\u015ftirmek"},"content":{"rendered":"<h2>D\u00fcnya Sa\u011fl\u0131k Turizmi Konseyi D\u00f6nem Ba\u015fkanl\u0131\u011f\u0131 bayra\u011f\u0131 14 \u00fclkenin kat\u0131l\u0131m\u0131 ile ger\u00e7ekle\u015fen t\u00f6renle KKTC\u2019yi temsilen Dr. Ahmet Sava\u015fan\u2019a devredildi.<\/h2>\n<p>D\u00fcnya Sa\u011fl\u0131k Turizmi Konseyi (GHTC) D\u00f6nem Ba\u015fkanl\u0131\u011f\u0131 bayra\u011f\u0131 14 \u00fclkenin kat\u0131l\u0131m\u0131 ve 56 \u00fclkenin kat\u0131l\u0131m\u0131 ile d\u00fczenlenen t\u00f6renle Kuzey K\u0131br\u0131s T\u00fcrk Cumhuriyeti\u2019ni temsilen Dr. <span class=\"marked\">Ahmet Sava\u015fan<\/span>\u2019a devredildi. Ba\u015fkanl\u0131k g\u00f6revini devralan Dr. <span class=\"marked\">Ahmet Sava\u015fan<\/span>, ba\u015fl\u0131ca hedeflerinin sa\u011fl\u0131k turizminin bilimsel ve s\u00fcrd\u00fcr\u00fclebilir temelde geli\u015fimi ile d\u00fcnya sa\u011fl\u0131k turizmi pazar\u0131n\u0131n b\u00fcy\u00fcmesine katk\u0131da bulunmak oldu\u011funu a\u00e7\u0131klad\u0131.<\/p>\n<p>Monako\u2019da kurulan ve bug\u00fcn 56 \u00fclkenin yer ald\u0131\u011f\u0131 D\u00fcnya Sa\u011fl\u0131k Turizmi Konseyi\u2019nin D\u00f6nem Ba\u015fkanl\u0131\u011f\u0131 bayra\u011f\u0131, Girne Vuni Palace Hotel Kongre Merkezi\u2019nde ABD, Azerbaycan, Bel\u00e7ika, \u00c7in, Dubai, Fas, Hindistan, Kazakistan, K\u0131rg\u0131zistan, Moldova, Romanya, Suudi Arabistan, T\u00fcrkiye ve Kuzey K\u0131br\u0131s\u2019tan delegelerin kat\u0131l\u0131m\u0131 ile ger\u00e7ekle\u015fen t\u00f6rende Kuzey K\u0131br\u0131s T\u00fcrk Cumhuriyeti\u2019ni temsilen Dr. <span class=\"marked\">Ahmet Sava\u015fan<\/span>\u2019a devredildi.<\/p>\n<p><strong>BAYRAK DE\u011e\u0130\u015e\u0130M T\u00d6REN\u0130\u2019NE 14 \u00dcLKE KATILDI<\/strong><\/p>\n<p>D\u00fcnya Sa\u011fl\u0131k Turizmi Konseyi Bayrak De\u011fi\u015fim T\u00f6reni\u2019ne konseyin 14 \u00fcye \u00fclkesinden delegelerin yan\u0131 s\u0131ra, Kuzey K\u0131br\u0131s T\u00fcrk Cumhuriyeti Ba\u015fbakan\u0131 <span class=\"marked\">\u00dcnal \u00dcstel<\/span>, Ba\u015fbakan Yard\u0131mc\u0131s\u0131, Turizm, K\u00fclt\u00fcr, Gen\u00e7lik ve \u00c7evre Bakan\u0131 <span class=\"marked\">Fikri Atao\u011flu<\/span>, D\u0131\u015fi\u015fleri Bakan\u0131 <span class=\"marked\">Tahsin Ertu\u011frulo\u011flu<\/span>, Sa\u011fl\u0131k Bakan\u0131 <span class=\"marked\">\u0130zlem G\u00fcr\u00e7a\u011f<\/span> Altu\u011fra ile KKTC\u2019deki turizm ve sa\u011fl\u0131k alanlar\u0131nda faaliyet g\u00f6steren kurulu\u015flar\u0131n \u00fcst d\u00fczey temsilcileri kat\u0131ld\u0131.<\/p>\n<p><strong>\u00dcSTEL: SA\u011eLIK TUR\u0130ZM\u0130 ALANINA \u00d6ZEL \u00d6NEM VERECE\u011e\u0130Z<\/strong><\/p>\n<p>T\u00f6rende konu\u015fan Ba\u015fbakan <span class=\"marked\">\u00dcnal \u00dcstel<\/span>, Kuzey K\u0131br\u0131s T\u00fcrk Cumhuriyeti\u2019nin y\u0131llard\u0131r haks\u0131z izolasyonlar alt\u0131nda tutularak d\u00fcnya ile ba\u011flar\u0131 kopar\u0131lmak istenmesine ra\u011fmen, d\u00fcnyan\u0131n y\u00fczden fazla \u00fclkesi ile turizm, e\u011fitim ve sa\u011fl\u0131k ba\u015fta olmak \u00fczere hayat\u0131n pek \u00e7ok alan\u0131nda i\u015fbirli\u011fi yapt\u0131\u011f\u0131n\u0131 belirterek, D\u00fcnya Sa\u011fl\u0131k Turizmi Konseyi\u2019nin Ba\u015fkanl\u0131k bayra\u011f\u0131n\u0131 devralmas\u0131n\u0131n KKTC\u2019nin uluslararas\u0131 g\u00f6r\u00fcn\u00fcrl\u00fc\u011f\u00fcn\u00fc artt\u0131rmas\u0131n\u0131n yan\u0131 s\u0131ra \u00fcye \u00fclkelerle kar\u015f\u0131l\u0131kl\u0131 i\u015fbirli\u011finin geli\u015fmesine de olanak yarataca\u011f\u0131n\u0131 vurgulad\u0131.<\/p>\n<p style=\"text-align: left;\"><img fetchpriority=\"high\" decoding=\"async\" class=\"size-full wp-image-15709\" src=\"https:\/\/www.ahmetsavasan.biz\/wp-content\/uploads\/2023\/06\/WhatsApp-Image-2023-06-28-at-20.48.01.jpg\" alt=\"\" width=\"1024\" height=\"682\" \/><\/p>\n<p style=\"text-align: left;\"><strong>H\u00dcK\u00dcMET\u0130M\u0130Z SA\u011eLIK TUR\u0130ZM\u0130N\u0130N GEL\u0130\u015eMES\u0130 \u0130\u00c7\u0130N \u00d6ZEL GAYRET G\u00d6STERECEK<\/strong><\/p>\n<p>Kuzey K\u0131br\u0131s T\u00fcrk Cumhuriyeti\u2019nin gerek \u00fcniversite hastanelerinde, \u00f6zel hastaneler ve kliniklerinde, gerekse devlet hastanelerinde hemen hemen b\u00fct\u00fcn bran\u015flarda Kuzey K\u0131br\u0131s\u2019a e\u011fitim, turizm, i\u015f, sa\u011fl\u0131k gibi pek \u00e7ok ama\u00e7la gelen y\u00fczden fazla \u00fclke insan\u0131na y\u00fcksek standartlarda sa\u011fl\u0131k hizmeti sundu\u011funa dikkat \u00e7eken Ba\u015fbakan <span class=\"marked\">\u00dcnal \u00dcstel<\/span>, Kuzey K\u0131br\u0131s\u2019\u0131n sa\u011fl\u0131k turizminin medikal yan\u0131 s\u0131ra, sa\u011fl\u0131\u011f\u0131 koruma ve geli\u015ftirme alanlar\u0131nda da e\u015fsiz f\u0131rsatlar sundu\u011funu s\u00f6yledi. Ba\u015fbakan \u00dcstel, KKTC\u2019nin D\u00fcnya Sa\u011fl\u0131k Turizmi Konseyi\u2019ne Ba\u015fkanl\u0131k yapaca\u011f\u0131 d\u00f6nem i\u00e7inde h\u00fck\u00fcmetin Sa\u011fl\u0131k Turizmi\u2019nin geli\u015fmesi i\u00e7in \u00f6zel gayret g\u00f6sterece\u011fini de s\u00f6zlerine ekledi.<\/p>\n<p><strong>ATAO\u011eLU: SA\u011eLIK TUR\u0130ZM\u0130 YATIRIMLARININ ARTMASINA DESTE\u011e\u0130M\u0130Z TAM<\/strong><\/p>\n<p>D\u00fcnya Sa\u011fl\u0131k Turizmi Konseyi \u201cBayrak De\u011fi\u015fim T\u00f6reni\u201dnin Kuzey K\u0131br\u0131s T\u00fcrk Cumhuriyeti tarihinde \u00f6nemli bir yere sahip olaca\u011f\u0131n\u0131 ifade eden Ba\u015fbakan Yard\u0131mc\u0131s\u0131, Turizm, K\u00fclt\u00fcr, Gen\u00e7lik ve \u00c7evre Bakan\u0131 <span class=\"marked\">Fikri Atao\u011flu<\/span> da konu\u015fmas\u0131nda, Dr. <span class=\"marked\">Ahmet Sava\u015fan<\/span>\u2019\u0131n 2018 y\u0131l\u0131ndan bu yana D\u00fcnya Sa\u011fl\u0131k Turizmi Konseyi\u2019nde y\u00fcr\u00fctt\u00fc\u011f\u00fc Ba\u015fkan Yard\u0131mc\u0131l\u0131\u011f\u0131 g\u00f6revi s\u00fcresince gerek KKTC\u2019de, gerekse de D\u00fcnya\u2019da sa\u011fl\u0131k turizminin geli\u015fmesine \u00f6nemli katk\u0131larda bulundu\u011funun alt\u0131n\u0131 \u00e7izdi. KKTC\u2019nin D\u00fcnya Sa\u011fl\u0131k Turizmi Konseyi\u2019ne \u00fcye oldu\u011fu ilk g\u00fcnden bu yana Turizm Bakanl\u0131\u011f\u0131\u2019n\u0131n da s\u00fcrecin i\u00e7inde yer ald\u0131\u011f\u0131n\u0131 ve pek \u00e7ok a\u015famas\u0131nda destek verdi\u011fini ifade eden Atao\u011flu, GHTC\u2019nin Kuzey K\u0131br\u0131s T\u00fcrk Cumhuriyeti d\u00f6nem ba\u015fkanl\u0131\u011f\u0131nda \u00fcye \u00fclkeler aras\u0131nda i\u015f birli\u011finin geli\u015ftirilmesi ve ayr\u0131ca Kuzey K\u0131br\u0131s\u2019a uluslararas\u0131 alandan sa\u011fl\u0131k turizmi yat\u0131r\u0131mlar\u0131n\u0131n gelmesi i\u00e7in gereken deste\u011fin verilece\u011fini vurgulad\u0131. Bakan Atao\u011flu konu\u015fmas\u0131n\u0131n sonunda D\u00fcnya Sa\u011fl\u0131k Turizmi Konseyi\u2019ne \u00fcye \u00fclkelerle KKTC\u2019yi ayn\u0131 platformda bulu\u015fturan Kurucu Ba\u015fkan Emin \u00c7akmak ile ba\u015fkanl\u0131\u011f\u0131 KKTC\u2019ye devreden H\u0131rvatistan yan\u0131 s\u0131ra bayrak de\u011fi\u015fim t\u00f6reni i\u00e7in Kuzey K\u0131br\u0131s\u2019a gelen veya gelemeyen b\u00fct\u00fcn delegelere kat\u0131l\u0131mlar\u0131ndan \u00f6t\u00fcr\u00fc te\u015fekk\u00fcr etti.<\/p>\n<p><strong><img decoding=\"async\" class=\"size-full wp-image-15711 alignnone\" src=\"https:\/\/www.ahmetsavasan.biz\/wp-content\/uploads\/2023\/06\/WhatsApp-Image-2023-06-28-at-20.48.42.jpg\" alt=\"\" width=\"1024\" height=\"682\" \/><\/strong><\/p>\n<p><strong>ALTU\u011eRA: BAKANLI\u011eIMIZ SA\u011eLIK TUR\u0130ZM\u0130\u2019N\u0130N GEL\u0130\u015eMES\u0130 \u0130\u00c7\u0130N GEREKEN ADIMLARI ATACAK<\/strong><\/p>\n<p>N\u00fcfusunun \u00fc\u00e7 kat\u0131ndan fazla say\u0131da D\u00fcnyan\u0131n d\u00f6rt bir yan\u0131ndan getirdi\u011fi turiste sundu\u011fu kaliteli hizmetler ve 100 bin civar\u0131ndaki uluslararas\u0131 \u00f6\u011frenciye verdi\u011fi kaliteli e\u011fitim sayesinde KKTC\u2019nin d\u00fcnyada turizm ve e\u011fitim alan\u0131nda tercih edilen bir \u00fclke oldu\u011funun alt\u0131n\u0131 \u00e7izen Sa\u011fl\u0131k Bakan\u0131 <span class=\"marked\">\u0130zlem G\u00fcr\u00e7a\u011f<\/span> Altu\u011fra da yapt\u0131\u011f\u0131 konu\u015fmada, KKTC\u2019nin, sa\u011fl\u0131\u011fa yapt\u0131\u011f\u0131 yat\u0131r\u0131mlar ve turistik zenginlikler yan\u0131 s\u0131ra sundu\u011fu avantajlar ile sa\u011fl\u0131k turizminde geli\u015fmek i\u00e7in gereken \u00f6zelliklere sahip oldu\u011funu vurgulad\u0131. GHTC\u2019nin Ba\u015fkanl\u0131\u011f\u0131n\u0131 y\u00fcr\u00fctecek olan Dr. <span class=\"marked\">Ahmet Sava\u015fan<\/span> ve ekibinin bu alan\u0131n geli\u015fmesine yapaca\u011f\u0131 katk\u0131dan emin olduklar\u0131n\u0131 dile getiren Bakan Altu\u011fra, Sa\u011fl\u0131k Bakanl\u0131\u011f\u0131\u2019n\u0131n da Kuzey K\u0131br\u0131s\u2019ta Sa\u011fl\u0131k Turizmi\u2019nin daha da geli\u015fmesi i\u00e7in gereken ad\u0131mlar\u0131 ataca\u011f\u0131n\u0131 s\u00f6yledi.<\/p>\n<p><img decoding=\"async\" class=\"alignnone size-full wp-image-15712\" src=\"https:\/\/www.ahmetsavasan.biz\/wp-content\/uploads\/2023\/06\/WhatsApp-Image-2023-06-28-at-20.49.14.jpg\" alt=\"\" width=\"1024\" height=\"682\" \/><\/p>\n<p>&nbsp;<\/p>\n<p><strong>\u00c7AKMAK: BA\u015eBAKAN \u00dcSTEL VE BAKANLARA TE\u015eEKK\u00dcR EDER\u0130M <\/strong><\/p>\n<p>Konseyin (GHTC) Monako\u2019da, T\u00fcrkiye, Amerika Birle\u015fik Devletleri, Birle\u015fik Arap Emirlikleri Dubai, Birle\u015fik Krall\u0131k, Estonya, H\u0131rvatistan, Hindistan, Nijerya, Panama, Polonya, Senegal, Ukrayna, \u00dcrd\u00fcn ve Yunanistan\u2019\u0131n kat\u0131l\u0131m\u0131 ile kuruldu\u011funu ve bu g\u00fcn \u00fcye \u00fclke say\u0131s\u0131n\u0131n 56\u2019ya ula\u015ft\u0131\u011f\u0131n\u0131 ifade eden D\u00fcnya Sa\u011fl\u0131k Turizmi Konseyi Kurucu Ba\u015fkan\u0131 Emin \u00c7akmak da yapt\u0131\u011f\u0131 konu\u015fmada, uluslararas\u0131 kat\u0131l\u0131mla ger\u00e7ekle\u015fen t\u00f6rende Ba\u015fkanl\u0131k bayra\u011f\u0131n\u0131n H\u0131rvatistan\u2019dan Kuzey K\u0131br\u0131s T\u00fcrk Cumhuriyeti\u2019ne devredildi\u011fini s\u00f6yledi. Yeni d\u00f6nemde Konseyin Ba\u015fkanl\u0131\u011f\u0131n\u0131 Dr. <span class=\"marked\">Ahmet Sava\u015fan<\/span>, Y\u00fcksek \u0130sti\u015fare Kurulu Ba\u015fkanl\u0131\u011f\u0131n\u0131 ise KKTC Turizm, K\u00fclt\u00fcr, Gen\u00e7lik ve \u00c7evre Bakan\u0131 <span class=\"marked\">Fikri Atao\u011flu<\/span>\u2019nun y\u00fcr\u00fctecek olmas\u0131ndan duyduklar\u0131 memnuniyeti dile getiren Emin \u00c7akmak, Kuzey K\u0131br\u0131s\u2019ta sa\u011fl\u0131k turizmi yat\u0131r\u0131mlar\u0131n\u0131n artmas\u0131 i\u00e7in Bakan Atao\u011flu ile yak\u0131n temasta olacaklar\u0131n\u0131 s\u00f6yledi.<\/p>\n<p><strong><img loading=\"lazy\" decoding=\"async\" class=\"alignnone size-full wp-image-15713\" src=\"https:\/\/www.ahmetsavasan.biz\/wp-content\/uploads\/2023\/06\/WhatsApp-Image-2023-06-28-at-20.49.57.jpg\" alt=\"\" width=\"1024\" height=\"682\" \/><\/strong><\/p>\n<p>&nbsp;<\/p>\n<p><strong>&#8220;SA\u011eLIK TUR\u0130ZM\u0130 POTANS\u0130YEL\u0130 1 TR\u0130LYON USD&#8221;<\/strong><\/p>\n<p>D\u00fcnya Sa\u011fl\u0131k Turizmi potansiyelinin bu g\u00fcn 100 milyon seyahat eden d\u00fcnya vatanda\u015f\u0131 ile 1 Trilyona USD\u2019ye ula\u015ft\u0131\u011f\u0131n\u0131 belirten \u00c7akmak, KKTC\u2019nin bu potansiyelden pay\u0131n\u0131 almas\u0131 i\u00e7in <span class=\"marked\">Ahmet Sava\u015fan<\/span> ile birlikte \u00e7al\u0131\u015facaklar\u0131n\u0131 s\u00f6yledi. Bu yeni d\u00f6nemde T\u00fcrkiye Sa\u011fl\u0131k Turizm Konseyi\u2019nin de ayr\u0131ca 92 \u00fclkede bulunan 168 temsilcili\u011fi \u00fczerinden KKTC\u2019ye g\u00f6nderdi\u011fi sa\u011fl\u0131k turisti say\u0131s\u0131n\u0131n artt\u0131r\u0131lmas\u0131 i\u00e7in de \u00f6zel \u00e7al\u0131\u015fmalar yap\u0131laca\u011f\u0131n\u0131 belirten Emin \u00c7akmak, 2015 y\u0131l\u0131nda <span class=\"marked\">Ahmet Sava\u015fan<\/span> ile yola \u00e7\u0131karken hedeflerinin KKTC\u2019yi sa\u011fl\u0131k \u00fcss\u00fc yapmak oldu\u011funu ve GHTC Ba\u015fkanl\u0131\u011f\u0131 ile bu hedefe bir ad\u0131m daha yakla\u015f\u0131ld\u0131\u011f\u0131n\u0131 s\u00f6yledi.<\/p>\n<p><strong><img loading=\"lazy\" decoding=\"async\" class=\"alignnone size-full wp-image-15718\" src=\"https:\/\/www.ahmetsavasan.biz\/wp-content\/uploads\/2023\/06\/4.jpg\" alt=\"\" width=\"1024\" height=\"683\" \/><\/strong><\/p>\n<p><strong>&#8220;KKTC\u2019YE YATIRIMCI \u00c7EKEB\u0130LMEK \u0130\u00c7\u0130N \u00c7ALI\u015eILIYOR&#8221;<\/strong><\/p>\n<p>KKTC\u2019nin \u00f6zellikle IVF (t\u00fcp bebek) tedavileri konusunda yakalad\u0131\u011f\u0131 y\u00fcksek ba\u015far\u0131n\u0131n sa\u011fl\u0131k turizminin bir\u00e7ok di\u011fer alan\u0131nda da elde edilebilmesi ve KKTC\u2019nin sa\u011fl\u0131k adas\u0131 olmas\u0131 i\u00e7in sa\u011fl\u0131k yat\u0131r\u0131mlar\u0131n\u0131n armas\u0131na ihtiya\u00e7 oldu\u011funu ifade eden \u00c7akmak, bu yeni d\u00f6nemde KKTC\u2019ye yat\u0131r\u0131mc\u0131 \u00e7ekilmesine y\u00f6nelik <span class=\"marked\">Ahmet Sava\u015fan<\/span> ve Bakan Atao\u011flu ile \u00e7al\u0131\u015ft\u0131klar\u0131n\u0131 s\u00f6zlerine ekledi.<\/p>\n<p>&nbsp;<\/p>\n<p><strong><img loading=\"lazy\" decoding=\"async\" class=\"alignnone size-full wp-image-15714\" src=\"https:\/\/www.ahmetsavasan.biz\/wp-content\/uploads\/2023\/06\/WhatsApp-Image-2023-06-28-at-20.49.57-1.jpg\" alt=\"\" width=\"1024\" height=\"682\" \/><\/strong><\/p>\n<p><strong>&#8220;SAVA\u015eAN\u2019IN BA\u015eKANLIK D\u00d6NEM\u0130NDE K\u00dcRESEL \u0130\u015e B\u0130RL\u0130\u011e\u0130 ARTACAK&#8221;<\/strong><\/p>\n<p>Dr. <span class=\"marked\">Ahmet Sava\u015fan<\/span> ile uzun y\u0131llard\u0131r d\u00fcnyan\u0131n d\u00f6rt bir yan\u0131nda Sa\u011fl\u0131k Turizmi alan\u0131nda toplant\u0131lara kat\u0131larak pek \u00e7ok \u00e7al\u0131\u015fma yapt\u0131klar\u0131n\u0131 dile getiren Emin \u00c7akmak, Sava\u015fan\u2019\u0131n Ba\u015fkanl\u0131k d\u00f6neminde k\u00fcresel i\u015f birli\u011finin artmas\u0131 ve sa\u011fl\u0131k turizminin bilimsel temelde geli\u015fimi y\u00f6n\u00fcnde mesafe al\u0131naca\u011f\u0131na inan\u00e7 belirtti. \u00c7akmak konu\u015fmas\u0131n\u0131n sonunda Ba\u015fbakan <span class=\"marked\">\u00dcnal \u00dcstel<\/span>\u2019e ve Bakanlara; konsey \u00fcyelerine g\u00f6sterdikleri samimi misafirperverlik ve GHTC Global Forum\u2019un 2024 y\u0131l\u0131nda KKTC\u2019de yap\u0131lmas\u0131na verdikleri destekten \u00f6t\u00fcr\u00fc te\u015fekk\u00fcr etti.<\/p>\n<p><strong><img loading=\"lazy\" decoding=\"async\" class=\"alignnone size-full wp-image-15715\" src=\"https:\/\/www.ahmetsavasan.biz\/wp-content\/uploads\/2023\/06\/WhatsApp-Image-2023-06-28-at-20.50.55.jpg\" alt=\"\" width=\"1024\" height=\"682\" \/><\/strong><\/p>\n<p>&nbsp;<\/p>\n<p><strong>&#8220;HEDEF\u0130M\u0130Z KONSEY\u0130N B\u00dcT\u00dcN \u00dcYELER\u0130NE DE\u011eER KATMAK VE \u00dcYE \u00dcLKE SAYISINI ARTIRMAK&#8221;<\/strong><\/p>\n<p>D\u00fcnya Sa\u011fl\u0131k Turizmi Konseyi\u2019nin uluslararas\u0131 alanda sa\u011fl\u0131k turizmi politikalar\u0131n\u0131n ilerletilmesinde, sorumlu sa\u011fl\u0131k turizminin savunulmas\u0131nda ve sa\u011fl\u0131k turizminin ekonomik b\u00fcy\u00fcme, kapsay\u0131c\u0131 kalk\u0131nma ve \u00e7evresel s\u00fcrd\u00fcr\u00fclebilirli\u011fe do\u011fru itici bir g\u00fc\u00e7 olarak te\u015fvik edilmesinde sekt\u00f6re liderlik ve destek sunan \u00e7ok uluslu bir kurulu\u015f oldu\u011funu dile getiren <span class=\"marked\">Ahmet Sava\u015fan<\/span> da konu\u015fmas\u0131nda, KKTC\u2019nin Ba\u015fkanl\u0131k d\u00f6nemindeki \u00f6nceli\u011fin sa\u011fl\u0131k turizminin bilimsel geli\u015fimine katk\u0131 koyarken, konseyin b\u00fct\u00fcn \u00fcyelerine de\u011fer katmak ve \u00fcye \u00fclke say\u0131s\u0131n\u0131 art\u0131rmak oldu\u011funu a\u00e7\u0131klad\u0131.<img loading=\"lazy\" decoding=\"async\" class=\"alignnone size-full wp-image-15716\" src=\"https:\/\/www.ahmetsavasan.biz\/wp-content\/uploads\/2023\/06\/2.jpg\" alt=\"\" width=\"1024\" height=\"642\" \/><\/p>\n<p>&nbsp;<\/p>\n<p><strong>&#8220;SA\u011eLIK TUR\u0130ZM\u0130 VE HAYATIN D\u0130\u011eER ALANLARINDA 55 \u00dcLKE \u0130LE SAM\u0130M\u0130 \u0130L\u0130\u015eK\u0130LER KURULACAK&#8221;<\/strong><\/p>\n<p>Kuruldu\u011fu g\u00fcnden bug\u00fcne, sa\u011fl\u0131k turizmi sekt\u00f6r\u00fcn\u00fcn k\u00fcresel ve s\u00fcrd\u00fcr\u00fclebilir geli\u015fimi i\u00e7in kapsaml\u0131 bir vizyon \u00e7er\u00e7evesinde hareket eden D\u00fcnya Sa\u011fl\u0131k Turizmi Konseyi\u2019nin, kendi kapasitesi ile etkinli\u011fini anlaml\u0131 i\u015f birlikleri yoluyla g\u00fc\u00e7lendirdi\u011fini belirten Dr. <span class=\"marked\">Ahmet Sava\u015fan<\/span>, Kuzey K\u0131br\u0131s T\u00fcrk Cumhuriyeti\u2019nin Ba\u015fkanl\u0131k d\u00f6neminde 55 \u00fcye \u00fclkenin her biri ile sa\u011fl\u0131k turizmi ve hayat\u0131n di\u011fer alanlar\u0131nda samimi ili\u015fkiler kurmak i\u00e7in \u00e7al\u0131\u015facaklar\u0131n\u0131 d\u00fcnyaya duyurdu.<\/p>\n<p><strong><img loading=\"lazy\" decoding=\"async\" class=\"alignnone size-full wp-image-15717\" src=\"https:\/\/www.ahmetsavasan.biz\/wp-content\/uploads\/2023\/06\/3.jpg\" alt=\"\" width=\"1024\" height=\"682\" \/><\/strong><\/p>\n<p><strong>&#8220;SA\u011eLIK TUR\u0130ZM\u0130 SEKT\u00d6R\u00dcNE B\u0130R B\u00dcT\u00dcN OLARAK H\u0130ZMET ED\u0130LECEK&#8221;<\/strong><\/p>\n<p><span class=\"marked\">Ahmet Sava\u015fan<\/span> konu\u015fmas\u0131n\u0131n sonunda, stratejik, politik, ticari ve dini sebeplerle cazibesini y\u00fczy\u0131llard\u0131r yitirmeyen 10 bin y\u0131ll\u0131k k\u00f6kl\u00fc tarihe sahip K\u0131br\u0131s adas\u0131nda 1983 y\u0131l\u0131nda kurulan Kuzey K\u0131br\u0131s T\u00fcrk Cumhuriyeti\u2019nin d\u00f6nem Ba\u015fkanl\u0131\u011f\u0131nda \u00fcye \u00fclkelerin temsilcileriyle birlikte yap\u0131lacak \u00e7al\u0131\u015fmalarla, sa\u011fl\u0131k turizmi sekt\u00f6r\u00fcne bir b\u00fct\u00fcn olarak hizmet etmeye ve d\u00fcnya sa\u011fl\u0131k turizmi pazar\u0131n\u0131 ekonomik olarak b\u00fcy\u00fctmeye kararl\u0131 olduklar\u0131n\u0131 s\u00f6yledi.<\/p>\n<p>&nbsp;<\/p>\n<div class=\"iframe-container\"><iframe title=\"YouTube video player\" src=\"https:\/\/www.youtube.com\/embed\/02n4IKE_gLA\" width=\"560\" height=\"315\" frameborder=\"0\" allowfullscreen=\"allowfullscreen\" data-mce-fragment=\"1\"><\/iframe><\/div>\n<p>[\/vc_column_text][\/vc_column][\/vc_row]<\/p>\n","protected":false},"excerpt":{"rendered":"<p>D\u00fcnya Sa\u011fl\u0131k Turizmi Konseyi D\u00f6nem Ba\u015fkanl\u0131\u011f\u0131 bayra\u011f\u0131 14 \u00fclkenin kat\u0131l\u0131m\u0131 ile ger\u00e7ekle\u015fen t\u00f6renle KKTC\u2019yi temsilen Dr. Ahmet Sava\u015fan\u2019a devredildi. D\u00fcnya Sa\u011fl\u0131k Turizmi Konseyi (GHTC) D\u00f6nem Ba\u015fkanl\u0131\u011f\u0131 bayra\u011f\u0131 14 \u00fclkenin kat\u0131l\u0131m\u0131 ve 56 \u00fclkenin kat\u0131l\u0131m\u0131 ile d\u00fczenlenen t\u00f6renle Kuzey K\u0131br\u0131s T\u00fcrk Cumhuriyeti\u2019ni temsilen Dr. Ahmet Sava\u015fan\u2019a devredildi. Ba\u015fkanl\u0131k g\u00f6revini devralan Dr. Ahmet Sava\u015fan, ba\u015fl\u0131ca hedeflerinin sa\u011fl\u0131k [&hellip;]<\/p>\n","protected":false},"author":1,"featured_media":16048,"comment_status":"open","ping_status":"open","sticky":false,"template":"","format":"standard","meta":{"_monsterinsights_skip_tracking":false,"_monsterinsights_sitenote_active":false,"_monsterinsights_sitenote_note":"","_monsterinsights_sitenote_category":0,"footnotes":""},"categories":[140],"tags":[],"class_list":["post-15692","post","type-post","status-publish","format-standard","has-post-thumbnail","hentry","category-chtc"],"aioseo_notices":[],"_links":{"self":[{"href":"https:\/\/ahmetsavasan.com\/tr_tr\/wp-json\/wp\/v2\/posts\/15692","targetHints":{"allow":["GET"]}}],"collection":[{"href":"https:\/\/ahmetsavasan.com\/tr_tr\/wp-json\/wp\/v2\/posts"}],"about":[{"href":"https:\/\/ahmetsavasan.com\/tr_tr\/wp-json\/wp\/v2\/types\/post"}],"author":[{"embeddable":true,"href":"https:\/\/ahmetsavasan.com\/tr_tr\/wp-json\/wp\/v2\/users\/1"}],"replies":[{"embeddable":true,"href":"https:\/\/ahmetsavasan.com\/tr_tr\/wp-json\/wp\/v2\/comments?post=15692"}],"version-history":[{"count":1,"href":"https:\/\/ahmetsavasan.com\/tr_tr\/wp-json\/wp\/v2\/posts\/15692\/revisions"}],"predecessor-version":[{"id":20344,"href":"https:\/\/ahmetsavasan.com\/tr_tr\/wp-json\/wp\/v2\/posts\/15692\/revisions\/20344"}],"wp:featuredmedia":[{"embeddable":true,"href":"https:\/\/ahmetsavasan.com\/tr_tr\/wp-json\/wp\/v2\/media\/16048"}],"wp:attachment":[{"href":"https:\/\/ahmetsavasan.com\/tr_tr\/wp-json\/wp\/v2\/media?parent=15692"}],"wp:term":[{"taxonomy":"category","embeddable":true,"href":"https:\/\/ahmetsavasan.com\/tr_tr\/wp-json\/wp\/v2\/categories?post=15692"},{"taxonomy":"post_tag","embeddable":true,"href":"https:\/\/ahmetsavasan.com\/tr_tr\/wp-json\/wp\/v2\/tags?post=15692"}],"curies":[{"name":"wp","href":"https:\/\/api.w.org\/{rel}","templated":true}]}}