{"id":15799,"date":"2023-08-25T10:24:57","date_gmt":"2023-08-25T10:24:57","guid":{"rendered":"https:\/\/www.ahmetsavasan.biz\/?p=15799"},"modified":"2023-08-25T10:24:57","modified_gmt":"2023-08-25T10:24:57","slug":"ahmet-savasan-ve-sunat-atun-ubp-grup-baskanvekili-secildi","status":"publish","type":"post","link":"https:\/\/ahmetsavasan.com\/tr_tr\/ahmet-savasan-ve-sunat-atun-ubp-grup-baskanvekili-secildi\/","title":{"rendered":"Ahmet Sava\u015fan ve Sunat Atun, UBP Grup Ba\u015fkanvekili se\u00e7ildi"},"content":{"rendered":"<h3>Ahmet Sava\u015fan ve Sunat Atun, UBP Grup Ba\u015fkanvekili se\u00e7ildi<\/h3>\n<div class=\"news-copy\">\n<p>Ulusal Birlik Partisi (UBP) Grubu <span class=\"marked\">\u00d6zdemir Berova<\/span> ile <span class=\"marked\">Hakan Din\u00e7y\u00fcrek<\/span>\u2019in bakan olmalar\u0131ndan \u00f6t\u00fcr\u00fc bo\u015falan UBP Grup Ba\u015fkanvekilliklerini se\u00e7mek \u00fczere UBP Genel Ba\u015fkan\u0131, Ba\u015fbakan <span class=\"marked\">\u00dcnal \u00dcstel<\/span> ba\u015fkanl\u0131\u011f\u0131nda topland\u0131.<\/p>\n<p>Yap\u0131lan toplant\u0131da Lefko\u015fa Milletvekili <span class=\"marked\">Ahmet Sava\u015fan<\/span> ile Gazima\u011fusa Milletvekili <span class=\"marked\">Sunat Atun<\/span> oy birli\u011fi ile UBP Grup Ba\u015fkanvekilleri olarak se\u00e7ildi.<\/p>\n<p>Lefko\u015fa Milletvekili <span class=\"marked\">Ahmet Sava\u015fan<\/span> ile Gazima\u011fusa Milletvekili <span class=\"marked\">Sunat Atun<\/span>\u2019un UBP Grup Ba\u015fkanvekili oldu\u011funa y\u00f6nelik teskere Bakanlar Kurulu\u2019nun istemi \u00fczerine 25 A\u011fustos 2023 tarihinde ola\u011fan\u00fcst\u00fc toplanan Cumhuriyet Meclisi Genel Kurulunda okutularak resmile\u015fti.<\/p>\n<\/div>\n","protected":false},"excerpt":{"rendered":"<p>Ahmet Sava\u015fan ve Sunat Atun, UBP Grup Ba\u015fkanvekili se\u00e7ildi Ulusal Birlik Partisi (UBP) Grubu \u00d6zdemir Berova ile Hakan Din\u00e7y\u00fcrek\u2019in bakan olmalar\u0131ndan \u00f6t\u00fcr\u00fc bo\u015falan UBP Grup Ba\u015fkanvekilliklerini se\u00e7mek \u00fczere UBP Genel Ba\u015fkan\u0131, Ba\u015fbakan \u00dcnal \u00dcstel ba\u015fkanl\u0131\u011f\u0131nda topland\u0131. Yap\u0131lan toplant\u0131da Lefko\u015fa Milletvekili Ahmet Sava\u015fan ile Gazima\u011fusa Milletvekili Sunat Atun oy birli\u011fi ile UBP Grup Ba\u015fkanvekilleri olarak se\u00e7ildi. [&hellip;]<\/p>\n","protected":false},"author":1,"featured_media":16072,"comment_status":"open","ping_status":"open","sticky":false,"template":"","format":"standard","meta":{"_monsterinsights_skip_tracking":false,"_monsterinsights_sitenote_active":false,"_monsterinsights_sitenote_note":"","_monsterinsights_sitenote_category":0,"footnotes":""},"categories":[102],"tags":[],"class_list":["post-15799","post","type-post","status-publish","format-standard","has-post-thumbnail","hentry","category-haberler"],"aioseo_notices":[],"_links":{"self":[{"href":"https:\/\/ahmetsavasan.com\/tr_tr\/wp-json\/wp\/v2\/posts\/15799","targetHints":{"allow":["GET"]}}],"collection":[{"href":"https:\/\/ahmetsavasan.com\/tr_tr\/wp-json\/wp\/v2\/posts"}],"about":[{"href":"https:\/\/ahmetsavasan.com\/tr_tr\/wp-json\/wp\/v2\/types\/post"}],"author":[{"embeddable":true,"href":"https:\/\/ahmetsavasan.com\/tr_tr\/wp-json\/wp\/v2\/users\/1"}],"replies":[{"embeddable":true,"href":"https:\/\/ahmetsavasan.com\/tr_tr\/wp-json\/wp\/v2\/comments?post=15799"}],"version-history":[{"count":0,"href":"https:\/\/ahmetsavasan.com\/tr_tr\/wp-json\/wp\/v2\/posts\/15799\/revisions"}],"wp:featuredmedia":[{"embeddable":true,"href":"https:\/\/ahmetsavasan.com\/tr_tr\/wp-json\/wp\/v2\/media\/16072"}],"wp:attachment":[{"href":"https:\/\/ahmetsavasan.com\/tr_tr\/wp-json\/wp\/v2\/media?parent=15799"}],"wp:term":[{"taxonomy":"category","embeddable":true,"href":"https:\/\/ahmetsavasan.com\/tr_tr\/wp-json\/wp\/v2\/categories?post=15799"},{"taxonomy":"post_tag","embeddable":true,"href":"https:\/\/ahmetsavasan.com\/tr_tr\/wp-json\/wp\/v2\/tags?post=15799"}],"curies":[{"name":"wp","href":"https:\/\/api.w.org\/{rel}","templated":true}]}}