{"id":15802,"date":"2023-08-21T10:29:18","date_gmt":"2023-08-21T10:29:18","guid":{"rendered":"https:\/\/www.ahmetsavasan.biz\/?p=15802"},"modified":"2023-08-21T10:29:18","modified_gmt":"2023-08-21T10:29:18","slug":"libya-saglik-heyeti-kktcdeki-saglik-turizmi-olanaklarini-inceledi","status":"publish","type":"post","link":"https:\/\/ahmetsavasan.com\/tr_tr\/libya-saglik-heyeti-kktcdeki-saglik-turizmi-olanaklarini-inceledi\/","title":{"rendered":"Libya sa\u011fl\u0131k heyeti KKTC\u2019deki sa\u011fl\u0131k turizmi olanaklar\u0131n\u0131 inceledi"},"content":{"rendered":"<h3>Libya Ba\u015fbakanl\u0131k Sa\u011fl\u0131k heyeti ba\u015fkan\u0131 Hasan Abdulmajid, D\u00fcnya Sa\u011fl\u0131k Turizmi Konseyi D\u00f6nem Ba\u015fkanl\u0131\u011f\u0131n\u0131 da y\u00fcr\u00fcten K\u0131br\u0131s Sa\u011fl\u0131k Turizmi Konseyi Ba\u015fkan\u0131 Dr. Ahmet Sava\u015fan ile yapt\u0131\u011f\u0131 toplant\u0131da iki \u00fclke aras\u0131ndaki ili\u015fkilerin geli\u015fece\u011fine inan\u00e7 belirtti. Sava\u015fan ise, Kuzey K\u0131br\u0131s\u2019\u0131n Libya ile sa\u011fl\u0131k alan\u0131nda i\u015f birli\u011fi yapmak i\u00e7in gereken ad\u0131mlar\u0131 atmaya haz\u0131r oldu\u011funu s\u00f6yledi.<\/h3>\n<div class=\"news-copy\">\n<p>Libya Ba\u015fbakanl\u0131k Sa\u011fl\u0131k heyeti ba\u015fkan\u0131 Hasan Abdulmajid, D\u00fcnya Sa\u011fl\u0131k Turizmi Konseyi D\u00f6nem Ba\u015fkanl\u0131\u011f\u0131n\u0131 da y\u00fcr\u00fcten K\u0131br\u0131s Sa\u011fl\u0131k Turizmi Konseyi Ba\u015fkan\u0131 Dr. <span class=\"marked\">Ahmet Sava\u015fan<\/span> ile yapt\u0131\u011f\u0131 toplant\u0131da iki \u00fclke aras\u0131ndaki ili\u015fkilerin geli\u015fece\u011fine inan\u00e7 belirtti.<\/p>\n<p><img decoding=\"async\" class=\"lazy loaded\" src=\"https:\/\/www.kibrispostasi.com\/upload\/news\/v\/v2\/v2lib_1692529676.jpg\" data-ll-status=\"loaded\" \/><\/p>\n<p>Libya\u2019dan Kuzey K\u0131br\u0131s\u2019a sa\u011fl\u0131k turisti g\u00f6nderilmesine olanak sa\u011flamak amac\u0131yla Kuzey K\u0131br\u0131s T\u00fcrk Cumhuriyeti\u2019ndeki hastaneleri incelemek ve \u00e7e\u015fitli temaslarda bulunmak \u00fczere adam\u0131za gelen Libya Ba\u015fbakanl\u0131k Sa\u011fl\u0131k Geli\u015ftirme Komitesi Ba\u015fkan\u0131 ve doktorlardan olu\u015fan heyet, D\u00fcnya Sa\u011fl\u0131k Turizmi Konseyi D\u00f6nem Ba\u015fkanl\u0131\u011f\u0131n\u0131 y\u00fcr\u00fcten, K\u0131br\u0131s Sa\u011fl\u0131k Turizmi Konseyi Ba\u015fkan\u0131, Milletvekili Dr. <span class=\"marked\">Ahmet Sava\u015fan<\/span> ile bir araya geldi.<\/p>\n<p><img decoding=\"async\" class=\"lazy loaded\" src=\"https:\/\/www.kibrispostasi.com\/upload\/news\/v\/v2\/v2lbya1_1692529691.jpg\" data-ll-status=\"loaded\" \/><\/p>\n<p>KKTC Cumhuriyet Meclisi\u2019nde ger\u00e7ekle\u015fen toplant\u0131da konu\u015fan Dr. <span class=\"marked\">Ahmet Sava\u015fan<\/span>,\u00a0Akdeniz&#8217;in \u00fc\u00e7\u00fcnc\u00fc, do\u011fu Akdeniz&#8217;in ise en b\u00fcy\u00fck adas\u0131 konumundaki K\u0131br\u0131s\u2019\u0131n kuzeyinde 1983 y\u0131l\u0131nda kurulan Kuzey K\u0131br\u0131s T\u00fcrk Cumhuriyeti\u2019nin (KKTC) 400 bin\u00a0olan\u00a0n\u00fcfusuna kar\u015f\u0131n,\u00a0y\u0131lda 1 milyon 200 bin civar\u0131nda\u00a0turist a\u011f\u0131rlad\u0131\u011f\u0131na, 100\u2019den fazla \u00fclkeden 100 bin \u00f6\u011frenciye tan\u0131nm\u0131\u015f \u00fcniversitelerinde e\u011fitim verdi\u011fine dikkat \u00e7ekerek, Kuzey K\u0131br\u0131s\u2019\u0131n sa\u011fl\u0131\u011f\u0131n korunmas\u0131,\u00a0geli\u015ftirilmesi\u00a0ve geri kazan\u0131lmas\u0131\u00a0alanlar\u0131nda \u00f6nemli avantajlar sundu\u011funa i\u015faret etti.<\/p>\n<p><strong>SAVA\u015eAN: KUZEY KIBRIS SA\u011eLIK TUR\u0130ZM\u0130 PAZARINA \u00d6NEML\u0130 B\u0130R ALTERNAT\u0130F SUNUYOR <\/strong><\/p>\n<p>D\u00fcnya Sa\u011fl\u0131k Turizmi potansiyelinin 100 milyon seyahat eden d\u00fcnya vatanda\u015f\u0131 ile 1 Trilyona\u00a0USD\u2019ye\u00a0ula\u015ft\u0131\u011f\u0131n\u0131 belirten <span class=\"marked\">Ahmet Sava\u015fan<\/span>,\u00a0Kuzey K\u0131br\u0131s\u2019\u0131n,\u00a0co\u011frafi konumu, tarihi, turistik ve insani \u00f6zellikleri, uluslararas\u0131 akreditasyon, y\u00fcksek konfor ve teknolojiye sahip hastaneleri, d\u00fcnya ortalamas\u0131n\u0131n \u00e7ok \u00fczerindeki gebelik oranlar\u0131 ile hizmet veren kaliteli t\u00fcp bebek merkezleri, g\u00fcncel bilgi kullanan uzman hekimleri,\u00a0<span class=\"marked\">Koronavir\u00fcs<\/span>\u00a0ile m\u00fccadelede elde etti\u011fi ba\u015far\u0131\u00a0ve yaratt\u0131\u011f\u0131 fiyat avantajlar\u0131 sayesinde sa\u011fl\u0131k turizmi pazar\u0131na \u00f6nemli bir alternatif sundu\u011funu s\u00f6yledi.<\/p>\n<p><strong>&#8220;H\u00dcK\u00dcMET\u0130N DESTE\u011e\u0130 TAM&#8221;<br \/>\n<\/strong><\/p>\n<p>Ba\u015fbakan <span class=\"marked\">\u00dcnal \u00dcstel<\/span>\u2019in k\u0131sa s\u00fcre \u00f6nce KKTC\u2019nin D\u00fcnya Sa\u011fl\u0131k Turizmi Konseyi ba\u015fkanl\u0131k bayra\u011f\u0131n\u0131 devrald\u0131\u011f\u0131 uluslararas\u0131 kat\u0131l\u0131mla ger\u00e7ekle\u015fen t\u00f6rende Kuzey K\u0131br\u0131s T\u00fcrk Cumhuriyeti\u2019nin gerek \u00fcniversite hastanelerinde, \u00f6zel hastaneler ve kliniklerinde, gerekse devlet hastanelerinde hemen hemen b\u00fct\u00fcn bran\u015flarda Kuzey K\u0131br\u0131s\u2019a e\u011fitim, turizm, i\u015f, sa\u011fl\u0131k gibi pek \u00e7ok ama\u00e7la gelen y\u00fczden fazla \u00fclke insan\u0131na y\u00fcksek standartlarda sa\u011fl\u0131k hizmeti sundu\u011funa vurgu yaparak, h\u00fck\u00fcmetin Sa\u011fl\u0131k Turizminin geli\u015fmesine \u00f6zel gayret g\u00f6sterece\u011fini d\u00fcnyaya duyurdu\u011funu an\u0131msatan <span class=\"marked\">Ahmet Sava\u015fan<\/span>, Kuzey K\u0131br\u0131s\u2019\u0131n Libya ile sa\u011fl\u0131k alan\u0131nda i\u015fbirli\u011fi yapmak i\u00e7in gereken ad\u0131mlar\u0131 atmaya haz\u0131r oldu\u011funu s\u00f6yledi.<\/p>\n<p><strong><img decoding=\"async\" class=\"lazy loaded\" src=\"https:\/\/www.kibrispostasi.com\/upload\/news\/v\/v2\/v2lbya2_1692529711.jpg\" data-ll-status=\"loaded\" \/><\/strong><\/p>\n<p><strong>&#8220;L\u0130BYALILAR \u0130LE KIBRIS T\u00dcRK HALKI ARASINDA SAM\u0130M\u0130 B\u0130R \u0130L\u0130\u015eK\u0130 VAR&#8221;<br \/>\n<\/strong><\/p>\n<p>Libya\u2019n\u0131n uzun y\u0131llar \u00f6ncesinden bug\u00fcne de\u011fin\u00a0binlerce\u00a0K\u0131br\u0131s T\u00fcrk insan\u0131na i\u015f olanaklar\u0131 sundu\u011funu an\u0131msatan <span class=\"marked\">Ahmet Sava\u015fan<\/span>, KKTC\u2019de ya\u015fayan inanlar\u0131n son y\u0131llarda Libyal\u0131 \u00f6\u011frenciler ile\u00a0turistleri Kuzey K\u0131br\u0131s\u2019ta a\u011f\u0131rlamaktan\u00a0duydu\u011fu\u00a0memnuniyeti dile getirdi. Sava\u015fan, h\u00fck\u00fcmetin g\u00fc\u00e7l\u00fc deste\u011fi, K\u0131br\u0131s Sa\u011fl\u0131k Turizmi Konseyi\u2019nin koordinasyonu ve\u00a0K\u0131br\u0131s T\u00fcrk Halk\u0131\u2019n\u0131n Libyal\u0131larla\u00a0kurdu\u011fu samimi\u00a0ili\u015fkilerle sa\u011fl\u0131k turizmi alan\u0131nda\u00a0i\u015fbirli\u011finin\u00a0k\u0131sa s\u00fcrede geli\u015fece\u011fine inan\u00e7 belirtti.<\/p>\n<p><strong>ABUFANAS: KUZEY KIBRIS\u2019TA Y\u00dcKSEK STANDARTTA SA\u011eLIK H\u0130ZMET\u0130 VER\u0130L\u0130YOR<\/strong><\/p>\n<p>Libya Ba\u015fbakanl\u0131k Sa\u011fl\u0131k Geli\u015ftirme Komitesi\u00a0Ba\u015fkan\u0131 Hasan\u00a0Abdulmajid\u00a0Hasan\u00a0Abufanas\u00a0da toplant\u0131da yapt\u0131\u011f\u0131 konu\u015fmada\u00a0K\u0131br\u0131s T\u00fcrk Halk\u0131\u2019n\u0131n kendilerine g\u00f6sterdi\u011fi i\u00e7ten misafirperverlikten duyduklar\u0131 memnuniyeti dile getirerek, Kuzey K\u0131br\u0131s\u2019ta bulunan sa\u011fl\u0131k kurulu\u015flar\u0131nda sunulan y\u00fcksek standartlardaki hizmetlerin\u00a0ve\u00a0KKTC H\u00fck\u00fcmeti\u2019nin konuya verdi\u011fi deste\u011fin\u00a0yan\u0131 s\u0131ra K\u0131br\u0131s Sa\u011fl\u0131k Turizmi Konseyi\u2019nin konuya g\u00f6sterdi\u011fi hassasiyetle sa\u011fl\u0131k turizmi alan\u0131ndaki kar\u015f\u0131l\u0131kl\u0131 i\u015fbirli\u011finin geli\u015fece\u011fine inan\u00e7 belirtti.<\/p>\n<\/div>\n","protected":false},"excerpt":{"rendered":"<p>Libya Ba\u015fbakanl\u0131k Sa\u011fl\u0131k heyeti ba\u015fkan\u0131 Hasan Abdulmajid, D\u00fcnya Sa\u011fl\u0131k Turizmi Konseyi D\u00f6nem Ba\u015fkanl\u0131\u011f\u0131n\u0131 da y\u00fcr\u00fcten K\u0131br\u0131s Sa\u011fl\u0131k Turizmi Konseyi Ba\u015fkan\u0131 Dr. Ahmet Sava\u015fan ile yapt\u0131\u011f\u0131 toplant\u0131da iki \u00fclke aras\u0131ndaki ili\u015fkilerin geli\u015fece\u011fine inan\u00e7 belirtti. Sava\u015fan ise, Kuzey K\u0131br\u0131s\u2019\u0131n Libya ile sa\u011fl\u0131k alan\u0131nda i\u015f birli\u011fi yapmak i\u00e7in gereken ad\u0131mlar\u0131 atmaya haz\u0131r oldu\u011funu s\u00f6yledi. Libya Ba\u015fbakanl\u0131k Sa\u011fl\u0131k heyeti [&hellip;]<\/p>\n","protected":false},"author":1,"featured_media":16071,"comment_status":"open","ping_status":"open","sticky":false,"template":"","format":"standard","meta":{"_monsterinsights_skip_tracking":false,"_monsterinsights_sitenote_active":false,"_monsterinsights_sitenote_note":"","_monsterinsights_sitenote_category":0,"footnotes":""},"categories":[102],"tags":[],"class_list":["post-15802","post","type-post","status-publish","format-standard","has-post-thumbnail","hentry","category-haberler"],"aioseo_notices":[],"_links":{"self":[{"href":"https:\/\/ahmetsavasan.com\/tr_tr\/wp-json\/wp\/v2\/posts\/15802","targetHints":{"allow":["GET"]}}],"collection":[{"href":"https:\/\/ahmetsavasan.com\/tr_tr\/wp-json\/wp\/v2\/posts"}],"about":[{"href":"https:\/\/ahmetsavasan.com\/tr_tr\/wp-json\/wp\/v2\/types\/post"}],"author":[{"embeddable":true,"href":"https:\/\/ahmetsavasan.com\/tr_tr\/wp-json\/wp\/v2\/users\/1"}],"replies":[{"embeddable":true,"href":"https:\/\/ahmetsavasan.com\/tr_tr\/wp-json\/wp\/v2\/comments?post=15802"}],"version-history":[{"count":0,"href":"https:\/\/ahmetsavasan.com\/tr_tr\/wp-json\/wp\/v2\/posts\/15802\/revisions"}],"wp:featuredmedia":[{"embeddable":true,"href":"https:\/\/ahmetsavasan.com\/tr_tr\/wp-json\/wp\/v2\/media\/16071"}],"wp:attachment":[{"href":"https:\/\/ahmetsavasan.com\/tr_tr\/wp-json\/wp\/v2\/media?parent=15802"}],"wp:term":[{"taxonomy":"category","embeddable":true,"href":"https:\/\/ahmetsavasan.com\/tr_tr\/wp-json\/wp\/v2\/categories?post=15802"},{"taxonomy":"post_tag","embeddable":true,"href":"https:\/\/ahmetsavasan.com\/tr_tr\/wp-json\/wp\/v2\/tags?post=15802"}],"curies":[{"name":"wp","href":"https:\/\/api.w.org\/{rel}","templated":true}]}}