{"id":15804,"date":"2023-08-08T10:31:11","date_gmt":"2023-08-08T10:31:11","guid":{"rendered":"https:\/\/www.ahmetsavasan.biz\/?p=15804"},"modified":"2023-08-08T10:31:11","modified_gmt":"2023-08-08T10:31:11","slug":"ubp-milletvekili-savasan-erenkoy-direnisi-vesilesiyle-mesaj-yayimladi","status":"publish","type":"post","link":"https:\/\/ahmetsavasan.com\/tr_tr\/ubp-milletvekili-savasan-erenkoy-direnisi-vesilesiyle-mesaj-yayimladi\/","title":{"rendered":"UBP Milletvekili Sava\u015fan, Erenk\u00f6y Direni\u015fi vesilesiyle mesaj yay\u0131mlad\u0131"},"content":{"rendered":"<h3>UBP Milletvekili Ahmet Sava\u015fan, Erenk\u00f6y Direni\u015fi dolay\u0131s\u0131yla yay\u0131mlad\u0131\u011f\u0131 mesajda, \u201cErenk\u00f6y destan\u0131, K\u0131br\u0131s T\u00fcrk halk\u0131n\u0131n adam\u0131zdaki varl\u0131\u011f\u0131n\u0131n ve varolu\u015f m\u00fccadelemizin hakl\u0131l\u0131\u011f\u0131n\u0131n en b\u00fcy\u00fck kan\u0131t\u0131d\u0131r\u201d ifadelerini kulland\u0131.<\/h3>\n<div class=\"news-copy\">\n<p>K\u0131br\u0131s Sa\u011fl\u0131k Turizmi Konseyi Ba\u015fkan\u0131, Ulusal Birlik Partisi (UBP) Milletvekili\u00a0<span class=\"marked\">Ahmet Sava\u015fan<\/span>, Erenk\u00f6y Direni\u015fi&#8217;nin y\u0131l d\u00f6n\u00fcm\u00fc nedeniyle mesaj yay\u0131mlad\u0131.<\/p>\n<p>Yay\u0131mlad\u0131\u011f\u0131 mesajda Sava\u015fan \u201cErenk\u00f6y destan\u0131, K\u0131br\u0131s T\u00fcrk halk\u0131n\u0131n adam\u0131zdaki varl\u0131\u011f\u0131n\u0131n ve varolu\u015f m\u00fccadelemizin hakl\u0131l\u0131\u011f\u0131n\u0131n en b\u00fcy\u00fck kan\u0131t\u0131d\u0131r\u201d dedi.<\/p>\n<p>Erenk\u00f6y Direni\u015fi\u2019nin, K\u0131br\u0131s T\u00fcrk halk\u0131n\u0131n var olu\u015f m\u00fccadelesinde \u00e7ok \u00f6nemli bir d\u00f6n\u00fcm noktas\u0131 olu\u015fturdu\u011funa i\u015faret eden <span class=\"marked\">Ahmet Sava\u015fan<\/span>, \u00fcniversite e\u011fitimlerini yar\u0131da b\u0131rakarak, Erenk\u00f6y\u2019e direni\u015f i\u00e7in ko\u015fan ve b\u00f6lge halk\u0131yla omuz omuza m\u00fccadele vererek, stratejik bir k\u00f6pr\u00fcba\u015f\u0131n\u0131 tutan \u00f6\u011frencilerin, 20 Temmuz &#8220;mutlu&#8221; Bar\u0131\u015f Harekat\u0131\u2019na ve Kuzey K\u0131br\u0131s T\u00fcrk Cumhuriyeti Devleti\u2019nin kurulu\u015funa giden yolun temel ta\u015flar\u0131n\u0131 d\u00f6\u015fediklerini vurgulad\u0131.<\/p>\n<p>D\u00fcnya tarihinde benzerine rastlanmayan bir m\u00fccadele \u00f6rne\u011fi olan \u015fanl\u0131 Erenk\u00f6y Direni\u015fi\u2019nin \u00e7ok anlaml\u0131 ve unutulmayacak bir zafer ile ta\u00e7land\u0131\u011f\u0131n\u0131n alt\u0131n\u0131 \u00e7izen <span class=\"marked\">Ahmet Sava\u015fan<\/span>, \u015fanl\u0131 Erenk\u00f6y Direni\u015fi ve zaferinin gen\u00e7 ku\u015faklara anlat\u0131lmas\u0131n\u0131n ve aktar\u0131lmas\u0131n\u0131n K\u0131br\u0131s T\u00fcrk halk\u0131n\u0131n devletinin adada sonsuza kadar payidar kalmas\u0131na katk\u0131da bulunaca\u011f\u0131na inan\u00e7 belirtti.<\/p>\n<\/div>\n","protected":false},"excerpt":{"rendered":"<p>UBP Milletvekili Ahmet Sava\u015fan, Erenk\u00f6y Direni\u015fi dolay\u0131s\u0131yla yay\u0131mlad\u0131\u011f\u0131 mesajda, \u201cErenk\u00f6y destan\u0131, K\u0131br\u0131s T\u00fcrk halk\u0131n\u0131n adam\u0131zdaki varl\u0131\u011f\u0131n\u0131n ve varolu\u015f m\u00fccadelemizin hakl\u0131l\u0131\u011f\u0131n\u0131n en b\u00fcy\u00fck kan\u0131t\u0131d\u0131r\u201d ifadelerini kulland\u0131. K\u0131br\u0131s Sa\u011fl\u0131k Turizmi Konseyi Ba\u015fkan\u0131, Ulusal Birlik Partisi (UBP) Milletvekili\u00a0Ahmet Sava\u015fan, Erenk\u00f6y Direni\u015fi&#8217;nin y\u0131l d\u00f6n\u00fcm\u00fc nedeniyle mesaj yay\u0131mlad\u0131. Yay\u0131mlad\u0131\u011f\u0131 mesajda Sava\u015fan \u201cErenk\u00f6y destan\u0131, K\u0131br\u0131s T\u00fcrk halk\u0131n\u0131n adam\u0131zdaki varl\u0131\u011f\u0131n\u0131n ve varolu\u015f [&hellip;]<\/p>\n","protected":false},"author":1,"featured_media":15621,"comment_status":"open","ping_status":"open","sticky":false,"template":"","format":"standard","meta":{"_monsterinsights_skip_tracking":false,"_monsterinsights_sitenote_active":false,"_monsterinsights_sitenote_note":"","_monsterinsights_sitenote_category":0,"footnotes":""},"categories":[102],"tags":[],"class_list":["post-15804","post","type-post","status-publish","format-standard","has-post-thumbnail","hentry","category-haberler"],"aioseo_notices":[],"_links":{"self":[{"href":"https:\/\/ahmetsavasan.com\/tr_tr\/wp-json\/wp\/v2\/posts\/15804","targetHints":{"allow":["GET"]}}],"collection":[{"href":"https:\/\/ahmetsavasan.com\/tr_tr\/wp-json\/wp\/v2\/posts"}],"about":[{"href":"https:\/\/ahmetsavasan.com\/tr_tr\/wp-json\/wp\/v2\/types\/post"}],"author":[{"embeddable":true,"href":"https:\/\/ahmetsavasan.com\/tr_tr\/wp-json\/wp\/v2\/users\/1"}],"replies":[{"embeddable":true,"href":"https:\/\/ahmetsavasan.com\/tr_tr\/wp-json\/wp\/v2\/comments?post=15804"}],"version-history":[{"count":0,"href":"https:\/\/ahmetsavasan.com\/tr_tr\/wp-json\/wp\/v2\/posts\/15804\/revisions"}],"wp:featuredmedia":[{"embeddable":true,"href":"https:\/\/ahmetsavasan.com\/tr_tr\/wp-json\/wp\/v2\/media\/15621"}],"wp:attachment":[{"href":"https:\/\/ahmetsavasan.com\/tr_tr\/wp-json\/wp\/v2\/media?parent=15804"}],"wp:term":[{"taxonomy":"category","embeddable":true,"href":"https:\/\/ahmetsavasan.com\/tr_tr\/wp-json\/wp\/v2\/categories?post=15804"},{"taxonomy":"post_tag","embeddable":true,"href":"https:\/\/ahmetsavasan.com\/tr_tr\/wp-json\/wp\/v2\/tags?post=15804"}],"curies":[{"name":"wp","href":"https:\/\/api.w.org\/{rel}","templated":true}]}}