{"id":15810,"date":"2023-07-31T10:33:51","date_gmt":"2023-07-31T10:33:51","guid":{"rendered":"https:\/\/www.ahmetsavasan.biz\/?p=15810"},"modified":"2023-07-31T10:33:51","modified_gmt":"2023-07-31T10:33:51","slug":"ahmet-savasana-dunya-capinda-saglik-turizmi-basari-odulu-verildi","status":"publish","type":"post","link":"https:\/\/ahmetsavasan.com\/tr_tr\/ahmet-savasana-dunya-capinda-saglik-turizmi-basari-odulu-verildi\/","title":{"rendered":"Ahmet Sava\u015fan\u2019a \u201cD\u00fcnya \u00c7ap\u0131nda Sa\u011fl\u0131k Turizmi Ba\u015far\u0131 \u00d6d\u00fcl\u00fc\u201d verildi"},"content":{"rendered":"<h3>D\u00fcnya Sa\u011fl\u0131k Turizmi Konseyi Ba\u015fkan\u0131, Milletvekili Dr. Ahmet Sava\u015fan, \u201cTurizm Ve Ba\u015far\u0131 \u00d6d\u00fcl\u201d t\u00f6reninde \u201cD\u00fcnya \u00c7ap\u0131nda Sa\u011fl\u0131k Turizmi Ba\u015far\u0131 \u00d6d\u00fcl\u00fc\u201dne lay\u0131k g\u00f6r\u00fcld\u00fc.<\/h3>\n<div class=\"news-copy\">\n<p>D\u00fcnya Sa\u011fl\u0131k Turizmi Konseyi Ba\u015fkan\u0131, Milletvekili Dr. <span class=\"marked\">Ahmet Sava\u015fan<\/span> kat\u0131ld\u0131\u011f\u0131 televizyon program\u0131nda, konseyin \u00e7al\u0131\u015fmalar\u0131 ile Gazima\u011fusa\u2019ya yap\u0131lacak sa\u011fl\u0131k yat\u0131r\u0131m hakk\u0131nda bilgi verdi.<\/p>\n<p><strong>\u201cYUNAN\u0130STAN \u0130LE G\u00dcNEY KIBRIS DELEGELER\u0130 DEVLETLER\u0130 TARAFINDAN ZORLA KONSEYDEN \u0130ST\u0130FA ETT\u0130R\u0130LD\u0130!\u201d<\/strong><\/p>\n<p>D\u00fcnya Sa\u011fl\u0131k Turizmi Konseyi\u2019nde verdikleri m\u00fccadele ile s\u00fcrd\u00fcrd\u00fckleri faaliyetler hakk\u0131nda bilgiler veren D\u00fcnya Sa\u011fl\u0131k Turizmi Konseyi Ba\u015fkan\u0131, Milletvekili Dr. <span class=\"marked\">Ahmet Sava\u015fan<\/span>, bug\u00fcnlerde ba\u015fkanl\u0131\u011f\u0131n\u0131 yapt\u0131\u011f\u0131 Konsey&#8217;de ba\u015fkan yard\u0131mc\u0131s\u0131 g\u00f6revine ilk se\u00e7ildi\u011fi y\u0131l olan 2018\u2019de Yunanistan ile G\u00fcney K\u0131br\u0131s\u2019ta meclis ve kamuoyunda b\u00fcy\u00fck tart\u0131\u015fmalar ya\u015fand\u0131\u011f\u0131n\u0131, Yunanistan ile G\u00fcney K\u0131br\u0131s\u2019\u0131 temsil eden delegelerin konseyden devletleri taraf\u0131ndan zorla istifa ettirildi\u011fini an\u0131msatt\u0131.<\/p>\n<p><strong>\u201cBAZI AB \u00dcLKELER\u0130 KKTC\u2019N\u0130N TANINMADI\u011eINI \u0130LER\u0130 S\u00dcREREK ENGELLENMEYE \u00c7ALI\u015eTI\u2026\u201d<\/strong><\/p>\n<p>D\u00fcnya Sa\u011fl\u0131k Turizmi Konseyi\u2019nde KKTC\u2019yi temsilen 2018-22 y\u0131llar\u0131 aras\u0131nda Ba\u015fkan Yard\u0131mc\u0131l\u0131\u011f\u0131 g\u00f6revi yapt\u0131\u011f\u0131n\u0131 belirten Ahmet Sava\u015fan, \u00a0ba\u015fkanl\u0131k se\u00e7imine adayl\u0131\u011f\u0131n\u0131n ise yine baz\u0131 AB \u00fclkeleri taraf\u0131ndan \u201cKKTC\u2019nin BM taraf\u0131ndan tan\u0131nmad\u0131\u011f\u0131\u201d ileri s\u00fcrerek engellenmeye \u00e7al\u0131\u015f\u0131ld\u0131\u011f\u0131n\u0131 anlatt\u0131. Ba\u015fta T\u00fcrkiye olmak \u00fczere di\u011fer pek \u00e7ok \u00fcye \u00fclkenin deste\u011fini alarak D\u00fcnya Sa\u011fl\u0131k Turizmi Konseyi Ba\u015fkanl\u0131\u011f\u0131n\u0131n KKTC\u2019ye ge\u00e7mesinin sa\u011fland\u0131\u011f\u0131n\u0131 ifade eden Sava\u015fan, bu s\u00fcre\u00e7te Kurucu Ba\u015fkan Emin \u00c7akmak ile Turizm ve \u00c7evre Bakan\u0131 <span class=\"marked\">Fikri Atao\u011flu<\/span>\u2019nun emeklerinin de b\u00fcy\u00fck oldu\u011funu dile getirdi.<\/p>\n<p><strong>\u201cD\u00dcNYA BA\u015eKANLI\u011eI KARARLI VE \u00d6ZVER\u0130L\u0130 \u00c7ALI\u015eMALAR SONUCUNDA KKTC\u2019YE KAZANDIRILDI\u2026\u201d<\/strong><\/p>\n<p>D\u00fcnya Sa\u011fl\u0131k Turizmi Konseyi&#8217;nde y\u0131llarca birlikte ba\u015fkan yard\u0131mc\u0131s\u0131 \u00fclke temsilcisi olarak g\u00f6rev yapt\u0131klar\u0131, d\u00fcnyan\u0131n pek \u00e7ok yerinde kongrelere kat\u0131larak sa\u011fl\u0131k turizminin geli\u015fmesi i\u00e7in \u00e7al\u0131\u015ft\u0131klar\u0131 H\u0131rvatistan ve Almanya delegelerinin konseyin genel kurul toplant\u0131s\u0131nda \u201cKKTC&#8217;nin tan\u0131nmad\u0131\u011f\u0131n\u0131\u201d ileri s\u00fcrerek ba\u015fkanl\u0131k se\u00e7iminin yap\u0131lmas\u0131n\u0131 engellemeye \u00e7al\u0131\u015fmalar\u0131ndan duydu\u011funu b\u00fcy\u00fck \u00fcz\u00fcnt\u00fcy\u00fc dile getiren <span class=\"marked\">Ahmet Sava\u015fan<\/span>, b\u00fct\u00fcn bu ya\u015fanan s\u00fcrece ra\u011fmen kararl\u0131 ve \u00f6zverili \u00e7al\u0131\u015fmalar ile T\u00fcrkiye\u2019nin de belirleyici deste\u011fiyle do\u011fru ileti\u015fim y\u00f6ntemlerini kullanarak y\u00fcr\u00fctt\u00fckleri lobi faaliyetleri sonucunda d\u00f6nem ba\u015fkanl\u0131\u011f\u0131n\u0131 KKTC\u2019ye kazand\u0131rd\u0131klar\u0131n\u0131 anlatt\u0131.<\/p>\n<p><strong>\u201cS\u00d6Z VERD\u0130KLER\u0130M\u0130ZDEN DAHA FAZLASINI YAPACA\u011eIZ\u2026\u201d<\/strong><\/p>\n<p>\u201cVerilen m\u00fccadele <span class=\"marked\">Ahmet Sava\u015fan<\/span>\u2019\u0131 ba\u015fkan yapma m\u00fccadelesi de\u011fildi. \u0130tirazlar vard\u0131 ve KKTC\u2019nin tan\u0131nmam\u0131\u015f bir devlet olmas\u0131 her zamanki gibi istismar ediliyordu. Se\u00e7imin politize edilmesine olanak versek i\u015f ba\u015fka mecralara gidebilirdi. Kimli\u011fimize ve devletimize sahip \u00e7\u0131karak D\u00fcnya Sa\u011fl\u0131k Turizmi Konseyi Ba\u015fkanl\u0131k d\u00f6neminde yapacaklar\u0131m\u0131z\u0131 anlatt\u0131k ve sonu\u00e7ta destek almay\u0131 ba\u015fard\u0131k\u201d diyen Dr. <span class=\"marked\">Ahmet Sava\u015fan<\/span>, \u201cSekiz y\u0131ll\u0131k bir m\u00fccadelenin sonucunda KKTC\u2019ye kazand\u0131rmay\u0131 ba\u015fard\u0131\u011f\u0131m\u0131z bu ba\u015fkanl\u0131k, ekonomimiz a\u00e7\u0131s\u0131ndan, uluslararas\u0131 temsiliyetimiz bak\u0131m\u0131ndan \u00e7ok \u00f6nemlidir. Verdi\u011fimiz s\u00f6zleri tutmak ve hatta s\u00f6z verdiklerimizden daha fazlas\u0131n\u0131 yaparak ba\u015far\u0131l\u0131 olmak zorunday\u0131z. Tak\u0131m arkada\u015flar\u0131m\u0131zla birlikte \u00e7ok \u00e7al\u0131\u015farak ba\u015far\u0131l\u0131 olaca\u011f\u0131m\u0131za g\u00f6n\u00fclden inan\u0131yorum\u201d dedi.<\/p>\n<p><strong>\u201cYEN\u0130 SA\u011eLIK TUR\u0130ZM\u0130 YATIRIMLARI GET\u0130RMEK \u0130\u00c7\u0130N \u00d6ZEL GAYRET G\u00d6STERECE\u011e\u0130Z\u2026\u201d<\/strong><\/p>\n<p>D\u00f6nem Ba\u015fkanl\u0131klar\u0131 s\u00fcresince yap\u0131lacak \u00e7al\u0131\u015fmalar\u0131n sadece KKTC i\u00e7in olmayaca\u011f\u0131n\u0131, di\u011fer \u00fcye \u00fclke temsilcilerine de\u011fer katmak ve kar\u015f\u0131l\u0131kl\u0131 i\u015fbirliklerini geli\u015ftirmeye y\u00f6nelik de olaca\u011f\u0131n\u0131n alt\u0131n\u0131 \u00e7izen <span class=\"marked\">Ahmet Sava\u015fan<\/span>, ba\u015fkanl\u0131k d\u00f6nemlerinde KKTC\u2019ye T\u00fcrkiye ve uluslararas\u0131 alandan sa\u011fl\u0131k yat\u0131r\u0131mlar\u0131n\u0131n getirilmesine de \u00f6zel gayret g\u00f6stereceklerine vurgu yapt\u0131.<\/p>\n<p><strong>\u201c2024 \u0130LK \u00c7EYRE\u011e\u0130NDE HASTA KABUL ED\u0130LMEYE BA\u015eLANACAK\u2026\u201d<\/strong><\/p>\n<p>Yapt\u0131klar\u0131 giri\u015fimler ve cesaretlendirmelerle Gazima\u011fusa\u2019ya yeni nesil otel ve rehabilitasyon merkezi yap\u0131lmas\u0131 i\u00e7in yat\u0131r\u0131m protokol\u00fcn\u00fcn imzaland\u0131\u011f\u0131na i\u015faret eden <span class=\"marked\">Ahmet Sava\u015fan<\/span>, merkezin 2024 y\u0131l\u0131n\u0131n ilk \u00e7eyre\u011finde hasta kabul etmeye ba\u015flayaca\u011f\u0131n\u0131 duyurdu.<\/p>\n<p><strong>\u201cMERKEZ \u0130LK YIL 2 B\u0130N SA\u011eLIK TUR\u0130ST\u0130 A\u011eIRLAYACAK\u2026\u201d<\/strong><\/p>\n<p>Sava\u015fan, \u201cBa\u015fkanl\u0131k d\u00f6nemimizin ba\u015f\u0131nda \u00fclkemize yeni nesil otel ve D\u00fcnyadaki en geli\u015fmi\u015f robotik sistemlerle donat\u0131lm\u0131\u015f konsept bir fizik tedavi rehabilitasyon merkezi yat\u0131r\u0131m\u0131 kazand\u0131r\u0131yoruz. Gazima\u011fusa\u2019m\u0131zda y\u00fczde y\u00fcz eri\u015filebilirlik standartlar\u0131nda olu\u015fturulacak otel ve multidisipliner yakla\u015f\u0131mla hizmet verecek merkez Kuzey K\u0131br\u0131s\u2019\u0131n sa\u011fl\u0131k turizminde parlayan y\u0131ld\u0131z\u0131 olacak\u201d dedi. Dr. <span class=\"marked\">Ahmet Sava\u015fan<\/span>, merkezin 2024\u2019te hasta kabul etmeye ba\u015flayaca\u011f\u0131n\u0131 ve 2024 y\u0131l\u0131nda 2 bin sa\u011fl\u0131k turistini a\u011f\u0131rlayaca\u011f\u0131n\u0131 a\u00e7\u0131klad\u0131.<\/p>\n<p><strong>\u201c\u0130NSANIMIZ SA\u011eLIK TUR\u0130ZM\u0130N\u0130N \u00dcLKEM\u0130ZE OLUMLU ETK\u0130S\u0130N\u0130 KISA ZAMANDA G\u00d6RECEK\u2026\u201d<\/strong><\/p>\n<p>Sava\u015fan, \u201cS\u00fcrd\u00fcrd\u00fc\u011f\u00fcm\u00fcz \u00e7al\u0131\u015fmalarla medikal turizm i\u00e7in gerek mevcut \u00fcniversite ve \u00f6zel hastaneler ile kliniklere gerekse de \u00fclkemize yeni kazand\u0131raca\u011f\u0131m\u0131z merkezlere gelen hasta say\u0131n\u0131 art\u0131rmaya ve gerekse de d\u00fcnyada her ge\u00e7en g\u00fcn sa\u011fl\u0131\u011f\u0131n\u0131 korumak ve geli\u015ftirmek i\u00e7in 1 g\u00fcnde 1000 dolar \u00f6deyen veya \u00f6deyebilen insanlar\u0131n sa\u011fl\u0131kl\u0131 tatil yapabilmeleri i\u00e7in otellerimizi tercih etmelerini sa\u011flayarak ekonomimize katk\u0131da bulunmaya kararl\u0131y\u0131z. Bunun i\u00e7in durmaks\u0131z\u0131n \u00e7al\u0131\u015f\u0131yoruz. \u0130nsan\u0131m\u0131z\u0131n da birka\u00e7 y\u0131l i\u00e7erisinde sa\u011fl\u0131k turizminin \u00fclkemizdeki b\u00fct\u00fcn sekt\u00f6rlere yapaca\u011f\u0131 olumlu etkiyi hissedece\u011fine inan\u0131yorum\u201d ifadelerini kulland\u0131.<\/p>\n<p><strong>\u201c\u00d6D\u00dcLLER BA\u015eARIYI OLUMLU Y\u00d6NDE ETK\u0130LER\u2026\u201d<\/strong><\/p>\n<p>Kuzey K\u0131br\u0131s T\u00fcrk Cumhuriyeti\u2019nde turizmin geli\u015fmesine katk\u0131da bulunan ve bu alanda ba\u015far\u0131lara imza atm\u0131\u015f i\u015f insanlar\u0131 ile sanat d\u00fcnyas\u0131ndan ki\u015filerin \u00f6d\u00fcllendirildi\u011fi \u201cTurizm ve Ba\u015far\u0131 \u00d6d\u00fcl\u201d t\u00f6reninde konseyi temsilen kendilerine verilen \u201cD\u00fcnya \u00c7ap\u0131nda Sa\u011fl\u0131k Turizmi Ba\u015far\u0131 \u00d6d\u00fcl\u00fc\u201dn\u00fc almaktan duydu\u011fu memnuniyeti dile getiren Sava\u015fan, konu\u015fmas\u0131n\u0131n sonunda bu gibi \u00f6d\u00fcllerin ba\u015far\u0131y\u0131 olumlu y\u00f6nde etkiledi\u011fini s\u00f6yledi.<\/p>\n<\/div>\n","protected":false},"excerpt":{"rendered":"<p>D\u00fcnya Sa\u011fl\u0131k Turizmi Konseyi Ba\u015fkan\u0131, Milletvekili Dr. Ahmet Sava\u015fan, \u201cTurizm Ve Ba\u015far\u0131 \u00d6d\u00fcl\u201d t\u00f6reninde \u201cD\u00fcnya \u00c7ap\u0131nda Sa\u011fl\u0131k Turizmi Ba\u015far\u0131 \u00d6d\u00fcl\u00fc\u201dne lay\u0131k g\u00f6r\u00fcld\u00fc. D\u00fcnya Sa\u011fl\u0131k Turizmi Konseyi Ba\u015fkan\u0131, Milletvekili Dr. Ahmet Sava\u015fan kat\u0131ld\u0131\u011f\u0131 televizyon program\u0131nda, konseyin \u00e7al\u0131\u015fmalar\u0131 ile Gazima\u011fusa\u2019ya yap\u0131lacak sa\u011fl\u0131k yat\u0131r\u0131m hakk\u0131nda bilgi verdi. \u201cYUNAN\u0130STAN \u0130LE G\u00dcNEY KIBRIS DELEGELER\u0130 DEVLETLER\u0130 TARAFINDAN ZORLA KONSEYDEN \u0130ST\u0130FA ETT\u0130R\u0130LD\u0130!\u201d [&hellip;]<\/p>\n","protected":false},"author":1,"featured_media":16073,"comment_status":"open","ping_status":"open","sticky":false,"template":"","format":"standard","meta":{"_monsterinsights_skip_tracking":false,"_monsterinsights_sitenote_active":false,"_monsterinsights_sitenote_note":"","_monsterinsights_sitenote_category":0,"footnotes":""},"categories":[102],"tags":[],"class_list":["post-15810","post","type-post","status-publish","format-standard","has-post-thumbnail","hentry","category-haberler"],"aioseo_notices":[],"_links":{"self":[{"href":"https:\/\/ahmetsavasan.com\/tr_tr\/wp-json\/wp\/v2\/posts\/15810","targetHints":{"allow":["GET"]}}],"collection":[{"href":"https:\/\/ahmetsavasan.com\/tr_tr\/wp-json\/wp\/v2\/posts"}],"about":[{"href":"https:\/\/ahmetsavasan.com\/tr_tr\/wp-json\/wp\/v2\/types\/post"}],"author":[{"embeddable":true,"href":"https:\/\/ahmetsavasan.com\/tr_tr\/wp-json\/wp\/v2\/users\/1"}],"replies":[{"embeddable":true,"href":"https:\/\/ahmetsavasan.com\/tr_tr\/wp-json\/wp\/v2\/comments?post=15810"}],"version-history":[{"count":0,"href":"https:\/\/ahmetsavasan.com\/tr_tr\/wp-json\/wp\/v2\/posts\/15810\/revisions"}],"wp:featuredmedia":[{"embeddable":true,"href":"https:\/\/ahmetsavasan.com\/tr_tr\/wp-json\/wp\/v2\/media\/16073"}],"wp:attachment":[{"href":"https:\/\/ahmetsavasan.com\/tr_tr\/wp-json\/wp\/v2\/media?parent=15810"}],"wp:term":[{"taxonomy":"category","embeddable":true,"href":"https:\/\/ahmetsavasan.com\/tr_tr\/wp-json\/wp\/v2\/categories?post=15810"},{"taxonomy":"post_tag","embeddable":true,"href":"https:\/\/ahmetsavasan.com\/tr_tr\/wp-json\/wp\/v2\/tags?post=15810"}],"curies":[{"name":"wp","href":"https:\/\/api.w.org\/{rel}","templated":true}]}}