{"id":15813,"date":"2023-07-23T10:38:17","date_gmt":"2023-07-23T10:38:17","guid":{"rendered":"https:\/\/www.ahmetsavasan.biz\/?p=15813"},"modified":"2023-07-23T10:38:17","modified_gmt":"2023-07-23T10:38:17","slug":"kibrisin-ilk-yeni-nesil-otel-ve-rehabilitasyon-merkezi-aciliyor","status":"publish","type":"post","link":"https:\/\/ahmetsavasan.com\/tr_tr\/kibrisin-ilk-yeni-nesil-otel-ve-rehabilitasyon-merkezi-aciliyor\/","title":{"rendered":"K\u0131br\u0131s\u2019\u0131n ilk yeni nesil otel ve rehabilitasyon merkezi a\u00e7\u0131l\u0131yor"},"content":{"rendered":"<h3>Gazima\u011fusa\u2019da yeni nesil otel ve rehabilitasyon merkezinin olu\u015fturulmas\u0131 i\u00e7in Vuni Palace Hotel Kongre Merkezi\u2019nde yat\u0131r\u0131m protokol\u00fc imzaland\u0131.<\/h3>\n<p>Kuzey K\u0131br\u0131s\u2019\u0131n sa\u011fl\u0131k turizmi alan\u0131nda uluslararas\u0131 g\u00f6r\u00fcn\u00fcrl\u00fc\u011f\u00fcne ve geli\u015fimine do\u011frudan katk\u0131da bulunacak yeni nesil otel ve rehabilitasyon\u00a0merkezinin Gazima\u011fusa\u2019da olu\u015fturulmas\u0131 i\u00e7in yat\u0131r\u0131m protokol\u00fc imzaland\u0131.<\/p>\n<p>Vuni Palace Hotel Kongre Merkezi\u2019nde ger\u00e7ekle\u015fen ve Romatem\u00a0Sa\u011fl\u0131k Grubu Ba\u015fkan\u0131 Dr. K\u00f6ksal Holo\u011flu ile Oscar Grup CEO\u2019su \u0130brahim Ba\u011fman\u2019\u0131n\u00a0 imza koydu\u011fu protokol\u00fcn imza t\u00f6renine Ba\u015fbakan\u00a0<span class=\"marked\">\u00dcnal \u00dcstel<\/span>, Ba\u015fbakan Yard\u0131mc\u0131s\u0131, Turizm, K\u00fclt\u00fcr, Gen\u00e7lik\u00a0ve \u00c7evre Bakan\u0131\u00a0<span class=\"marked\">Fikri Atao\u011flu<\/span>, D\u0131\u015fi\u015fleri Bakan\u0131\u00a0<span class=\"marked\">Tahsin Ertu\u011frulo\u011flu<\/span>, Sa\u011fl\u0131k Bakan\u0131\u00a0<span class=\"marked\">\u0130zlem G\u00fcr\u00e7a\u011f<\/span>\u00a0Altu\u011fra, D\u00fcnya Sa\u011fl\u0131k Turizmi Konseyi Ba\u015fkan\u0131, Ulusal Birlik Partisi (UBP) Milletvekili Dr.\u00a0<span class=\"marked\">Ahmet Sava\u015fan<\/span>\u00a0ve D\u00fcnya Sa\u011fl\u0131k Turizmi Konseyi Kurucu Ba\u015fkan\u0131 Emin \u00c7akmak yan\u0131 s\u0131ra turizm ve sa\u011fl\u0131k alan\u0131ndan \u00fcst d\u00fczey y\u00f6neticiler kat\u0131ld\u0131.<\/p>\n<p><img decoding=\"async\" class=\"lazy loaded\" src=\"https:\/\/www.kibrispostasi.com\/upload\/news\/v\/v2\/v2protokol2_1690189840.jpg\" data-ll-status=\"loaded\" \/><\/p>\n<p><strong>\u00dcSTEL: H\u00dcK\u00dcMET\u0130M\u0130Z SA\u011eLIK TUR\u0130ZM\u0130\u2019N\u0130N GEL\u0130\u015eMES\u0130 \u0130\u00c7\u0130N \u00d6ZEL GAYRET G\u00d6STERECEK\u2026<\/strong><\/p>\n<p>\u0130mza t\u00f6reninde konu\u015fan Ba\u015fbakan\u00a0<span class=\"marked\">\u00dcnal \u00dcstel<\/span>, Kuzey K\u0131br\u0131s\u2019\u0131n sa\u011fl\u0131k turizminin tedavi olanaklar\u0131n\u0131n yan\u0131 s\u0131ra, sa\u011fl\u0131\u011f\u0131 koruma ve geli\u015ftirme alanlar\u0131nda da e\u015fsiz f\u0131rsatlar sundu\u011funu s\u00f6yleyerek, KKTC\u2019nin D\u00fcnya Sa\u011fl\u0131k Turizmi Konseyi\u2019ne Ba\u015fkanl\u0131k yapaca\u011f\u0131 bir y\u0131ll\u0131k d\u00f6nem i\u00e7inde h\u00fck\u00fcmetin Sa\u011fl\u0131k Turizmi\u2019nin geli\u015fmesi i\u00e7in \u00f6zel gayret g\u00f6sterece\u011fini s\u00f6yledi. D\u00fcnya Sa\u011fl\u0131k Turizmi Konseyi Ba\u015fkan\u0131 Dr.\u00a0<span class=\"marked\">Ahmet Sava\u015fan<\/span>\u2019\u0131n giri\u015fimleri ve cesaretlendirmesiyle Kuzey K\u0131br\u0131s\u2019a bu \u00f6zel d\u00f6nemde ilk sa\u011fl\u0131k turizmi yat\u0131r\u0131m\u0131n\u0131 yapma karar\u0131 alan T\u00fcrkiye\u2019nin sayg\u0131n ve g\u00fcvenilir markas\u0131 Romatem Grup ile KKTC\u2019nin g\u00fcvenilir ve g\u00fc\u00e7l\u00fc kurulu\u015flar\u0131ndan Oscar Grup\u2019un Kuzey K\u0131br\u0131s\u2019ta bu alan\u0131n geli\u015fmesinde itici bir g\u00fc\u00e7 olaca\u011f\u0131na i\u015faret eden Ba\u015fbakan \u00dcstel, bu ad\u0131m\u0131n yurt d\u0131\u015f\u0131ndan ba\u015fka sa\u011fl\u0131k turizmi yat\u0131r\u0131mlar\u0131n\u0131n da adaya gelmesinde motivasyon kayna\u011f\u0131 olaca\u011f\u0131na inan\u00e7 belirtti.<\/p>\n<p><img decoding=\"async\" class=\"lazy loaded\" src=\"https:\/\/www.kibrispostasi.com\/upload\/news\/v\/v2\/v2protokol3_1690189851.jpg\" data-ll-status=\"loaded\" \/><\/p>\n<p><strong>ATAO\u011eLU: OSCAR VE ROMATEM GRUP YEN\u0130 D\u00d6NEM\u0130N \u00d6NC\u00dcS\u00dc OLACAK\u2026<\/strong><\/p>\n<p>KKTC\u2019nin D\u00fcnya Sa\u011fl\u0131k Turizmi Konseyi\u2019ne (GHTC) \u00fcye oldu\u011fu ilk g\u00fcnden bu yana Turizm Bakanl\u0131\u011f\u0131\u2019n\u0131n s\u00fcrecin i\u00e7inde yer ald\u0131\u011f\u0131n\u0131 ve pek \u00e7ok a\u015famas\u0131nda destek verdi\u011fini ifade eden Bakan Atao\u011flu, GHTC\u2019nin Kuzey K\u0131br\u0131s T\u00fcrk Cumhuriyeti d\u00f6nem ba\u015fkanl\u0131\u011f\u0131nda faaliyete girecek olan yeni nesil otel ve rehabilitasyon\u00a0merkezinin sa\u011fl\u0131k turizminde yeni bir d\u00f6nemi ba\u015flataca\u011f\u0131n\u0131 s\u00f6yledi. Bakanl\u0131\u011f\u0131n bu yeni d\u00f6nemde Kuzey K\u0131br\u0131s\u2019ta sa\u011fl\u0131k turizmi yat\u0131r\u0131mlar\u0131n\u0131n artmas\u0131n\u0131 destekledi\u011fini ve bunun i\u00e7in de \u00e7al\u0131\u015fmalar yap\u0131ld\u0131\u011f\u0131n\u0131 ifade eden Bakan Atao\u011flu, Oscar ve Romatem gruplar\u0131n yapacaklar\u0131 yat\u0131r\u0131m\u0131n bu yeni d\u00f6neme \u00f6nc\u00fcl\u00fck edece\u011fini s\u00f6yledi.<\/p>\n<p><strong>SAVA\u015eAN: BA\u015eKANLIK D\u00d6NEM\u0130M\u0130Z\u0130N \u0130LK SOMUT YATIRIMI YAPILDI\u2026<\/strong><\/p>\n<p>D\u00fcnya Sa\u011fl\u0131k Turizmi Konseyi\u2019nin (GHTC) KKTC Ba\u015fkanl\u0131k d\u00f6neminde \u00f6nceli\u011finin sa\u011fl\u0131k turizminin bilimsel geli\u015fimine katk\u0131 koymak ve konseyin b\u00fct\u00fcn \u00fcyelerine de\u011fer katarak \u00fcye \u00fclke say\u0131s\u0131n\u0131 art\u0131rmak oldu\u011funu dile getiren d\u00f6nem Ba\u015fkan\u0131 Dr.\u00a0<span class=\"marked\">Ahmet Sava\u015fan<\/span>\u00a0da yapt\u0131\u011f\u0131 konu\u015fmada, 2023-24 d\u00f6neminde genelde k\u00fcresel i\u015f birli\u011finin geli\u015fmesi, \u00f6zelde ise KKTC\u2019deki sa\u011fl\u0131k turizmi faaliyetleri ile yat\u0131r\u0131mlar\u0131n\u0131n artmas\u0131 ve \u00fcye \u00fclkelerle kar\u015f\u0131l\u0131kl\u0131 i\u015f birli\u011fi yap\u0131lmas\u0131na \u00f6zel gayret g\u00f6stereceklerini ifade etti. Alanlar\u0131nda g\u00fcvenilir ve g\u00fc\u00e7l\u00fc marka gruplar olan Oscar ve Romatem\u2019in KKTC\u2019de Gazima\u011fusa\u2019da yapacaklar\u0131 \u00f6rnek yat\u0131r\u0131m\u0131n GHTC\u2019nin KKTC Ba\u015fkanl\u0131k d\u00f6nemindeki ilk somut ad\u0131m olaca\u011f\u0131n\u0131, bu ad\u0131m\u0131n ise di\u011fer pek \u00e7ok yat\u0131r\u0131m\u0131n \u00f6nc\u00fcs\u00fc olarak tarih sayfalar\u0131na alt\u0131n harflerle yaz\u0131laca\u011f\u0131n\u0131 ifade eden\u00a0<span class=\"marked\">Ahmet Sava\u015fan<\/span>, yat\u0131r\u0131mlar\u0131n artarak devam etmesi i\u00e7in Turizm, K\u00fclt\u00fcr, Gen\u00e7lik\u00a0ve \u00c7evre Bakan\u0131\u00a0<span class=\"marked\">Fikri Atao\u011flu<\/span>\u2019nun deste\u011fi ile T\u00fcrkiye ve uluslararas\u0131 alanda yo\u011fun \u00e7al\u0131\u015fmalar yap\u0131ld\u0131\u011f\u0131n\u0131 s\u00f6yledi.<\/p>\n<p><strong>\u201cSA\u011eLIK TUR\u0130ZM\u0130 GEL\u0130RLER\u0130 VE \u0130SD\u0130HDAM ARTACAK\u2026\u201d<\/strong><\/p>\n<p>Dr.\u00a0<span class=\"marked\">Ahmet Sava\u015fan<\/span>\u00a0konu\u015fmas\u0131n\u0131n sonunda, \u201cT\u00fcrkiye Sa\u011fl\u0131k Turizmini Geli\u015ftirme Konseyi Ba\u015fkan\u0131, mevkida\u015f\u0131m Dr. K\u00f6ksal Holo\u011flu ile \u00f6rnek i\u015f insan\u0131 H\u00fcseyin Oskar\u2019a KKTC\u2019ye inand\u0131klar\u0131 ve d\u00fcnyada \u00f6rnek g\u00f6sterilecek yeni nesil otel ve rehabilitasyon\u00a0merkezi yat\u0131r\u0131m\u0131n\u0131 \u00fclkemize kazand\u0131racaklar\u0131 i\u00e7in i\u00e7tenlikle te\u015fekk\u00fcr ediyorum. \u0130nan\u0131yorum ki bu yat\u0131r\u0131m ile \u00fclkemizde sa\u011fl\u0131k turizmi gelirleri artacak ve bu alandaki istihdam da \u00e7o\u011falacakt\u0131r\u201d dedi.<\/p>\n<p><strong>HOLO\u011eLU: Y\u00dcKSEK TEKNOLOJ\u0130K ROBOT\u0130K S\u0130STEMLERE SAH\u0130P MERKEZ 2024\u2019DE A\u00c7ILACAK\u2026<\/strong><\/p>\n<p>Alan\u0131nda uzman, ilk ve tek fizik tedavi ve rehabilitasyon zincir markas\u0131 olan ve sa\u011fl\u0131k turizmine yapt\u0131\u011f\u0131 yat\u0131r\u0131mlarla hastalar\u0131na uluslararas\u0131 standartlarda kaliteli sa\u011fl\u0131k hizmeti sunan Romatem Sa\u011fl\u0131k Grubu\u2019nun 20 y\u0131ldan bu yana istikrarl\u0131 bir b\u00fcy\u00fcme ile T\u00fcrkiye ekonomisine\u00a0\u00f6nemli katk\u0131lar yapt\u0131\u011f\u0131na i\u015faret eden Grup Ba\u015fkan\u0131 Dr. K\u00f6ksal Holo\u011flu, Oscar Grup ile birlikte Gazi Ma\u011fusa\u2019da hayat verecekleri merkezin 2024 y\u0131l\u0131 ba\u015f\u0131nda \u201cotel ve\u00a0rehabilitasyon\u201d konseptinde\u00a0y\u00fcksek teknolojik robotik sistemlerle ve multidisipliner bir yakla\u015f\u0131mla\u00a0hizmete girece\u011fini belirtti.<\/p>\n<p><strong>AVRUPA, ORTADO\u011eU VE KUZEY AFR\u0130KA \u00dcLKELER\u0130NDEN \u0130K\u0130 B\u0130N SA\u011eLIK TUR\u0130ST\u0130 A\u011eIRLANACAK<\/strong><\/p>\n<p>Yeni nesil otel ve rehabilitasyon merkezinin n\u00f6rolojik rehabilitasyondan sportif rehabilitasyona, hidroterapiden ozon tedavisine kadar g\u00fcncel b\u00fct\u00fcn tedavi se\u00e7eneklerini hastalar\u0131na sunaca\u011f\u0131n\u0131 anlatan Dr. K\u00f6ksal Holo\u011flu, D\u00fcnya\u2019n\u0131n en geli\u015fmi\u015f robotik teknolojileri ile donat\u0131lacak Kuzey K\u0131br\u0131s\u2019taki merkezde Avrupa, Ortado\u011fu\u00a0ve\u00a0Kuzey Afrika \u00fclkelerinden\u00a02024 y\u0131l\u0131nda ortalama iki bin sa\u011fl\u0131k turisti a\u011f\u0131rlanaca\u011f\u0131n\u0131 s\u00f6yledi.<\/p>\n<p>&nbsp;<\/p>\n<div class=\"iframe-container\"><iframe title=\"YouTube video player\" src=\"https:\/\/www.youtube.com\/embed\/5YauataGnfk\" width=\"560\" height=\"315\" frameborder=\"0\" allowfullscreen=\"allowfullscreen\" data-mce-fragment=\"1\"><\/iframe><\/div>\n","protected":false},"excerpt":{"rendered":"<p>Gazima\u011fusa\u2019da yeni nesil otel ve rehabilitasyon merkezinin olu\u015fturulmas\u0131 i\u00e7in Vuni Palace Hotel Kongre Merkezi\u2019nde yat\u0131r\u0131m protokol\u00fc imzaland\u0131. Kuzey K\u0131br\u0131s\u2019\u0131n sa\u011fl\u0131k turizmi alan\u0131nda uluslararas\u0131 g\u00f6r\u00fcn\u00fcrl\u00fc\u011f\u00fcne ve geli\u015fimine do\u011frudan katk\u0131da bulunacak yeni nesil otel ve rehabilitasyon\u00a0merkezinin Gazima\u011fusa\u2019da olu\u015fturulmas\u0131 i\u00e7in yat\u0131r\u0131m protokol\u00fc imzaland\u0131. Vuni Palace Hotel Kongre Merkezi\u2019nde ger\u00e7ekle\u015fen ve Romatem\u00a0Sa\u011fl\u0131k Grubu Ba\u015fkan\u0131 Dr. K\u00f6ksal Holo\u011flu ile Oscar [&hellip;]<\/p>\n","protected":false},"author":1,"featured_media":16074,"comment_status":"open","ping_status":"open","sticky":false,"template":"","format":"standard","meta":{"_monsterinsights_skip_tracking":false,"_monsterinsights_sitenote_active":false,"_monsterinsights_sitenote_note":"","_monsterinsights_sitenote_category":0,"footnotes":""},"categories":[102],"tags":[],"class_list":["post-15813","post","type-post","status-publish","format-standard","has-post-thumbnail","hentry","category-haberler"],"aioseo_notices":[],"_links":{"self":[{"href":"https:\/\/ahmetsavasan.com\/tr_tr\/wp-json\/wp\/v2\/posts\/15813","targetHints":{"allow":["GET"]}}],"collection":[{"href":"https:\/\/ahmetsavasan.com\/tr_tr\/wp-json\/wp\/v2\/posts"}],"about":[{"href":"https:\/\/ahmetsavasan.com\/tr_tr\/wp-json\/wp\/v2\/types\/post"}],"author":[{"embeddable":true,"href":"https:\/\/ahmetsavasan.com\/tr_tr\/wp-json\/wp\/v2\/users\/1"}],"replies":[{"embeddable":true,"href":"https:\/\/ahmetsavasan.com\/tr_tr\/wp-json\/wp\/v2\/comments?post=15813"}],"version-history":[{"count":0,"href":"https:\/\/ahmetsavasan.com\/tr_tr\/wp-json\/wp\/v2\/posts\/15813\/revisions"}],"wp:featuredmedia":[{"embeddable":true,"href":"https:\/\/ahmetsavasan.com\/tr_tr\/wp-json\/wp\/v2\/media\/16074"}],"wp:attachment":[{"href":"https:\/\/ahmetsavasan.com\/tr_tr\/wp-json\/wp\/v2\/media?parent=15813"}],"wp:term":[{"taxonomy":"category","embeddable":true,"href":"https:\/\/ahmetsavasan.com\/tr_tr\/wp-json\/wp\/v2\/categories?post=15813"},{"taxonomy":"post_tag","embeddable":true,"href":"https:\/\/ahmetsavasan.com\/tr_tr\/wp-json\/wp\/v2\/tags?post=15813"}],"curies":[{"name":"wp","href":"https:\/\/api.w.org\/{rel}","templated":true}]}}