{"id":15861,"date":"2024-05-06T11:55:46","date_gmt":"2024-05-06T11:55:46","guid":{"rendered":"https:\/\/www.ahmetsavasan.biz\/?p=15861"},"modified":"2025-08-29T11:56:27","modified_gmt":"2025-08-29T11:56:27","slug":"ahmet-savasan-bayragi-ciobanuya-devretti","status":"publish","type":"post","link":"https:\/\/ahmetsavasan.com\/tr_tr\/ahmet-savasan-bayragi-ciobanuya-devretti\/","title":{"rendered":"Ahmet Sava\u015fan Bayra\u011f\u0131 Ciobanu\u2019ya Devretti"},"content":{"rendered":"<p>D\u00fcnya Sa\u011fl\u0131k Turizmi Konseyi (Global Healthcare Travel Council-GHTC) yeni d\u00f6nem ba\u015fkan\u0131, elli \u00fclkenin kat\u0131l\u0131m\u0131 ile KKTC toplanan Genel Kurulda yap\u0131lan se\u00e7imle belirlendi. \u00dc\u00e7 \u00fclke delegesinin yar\u0131\u015ft\u0131\u011f\u0131 se\u00e7imi Moldova\u2019dan Dr. Natalia Ciobanu kazand\u0131.<\/p>\n<p><img fetchpriority=\"high\" decoding=\"async\" class=\"alignnone wp-image-15863 size-full\" src=\"https:\/\/www.ahmetsavasan.biz\/wp-content\/uploads\/2024\/06\/5.1.jpg\" alt=\"\" width=\"971\" height=\"551\" srcset=\"https:\/\/ahmetsavasan.com\/wp-content\/uploads\/2024\/06\/5.1.jpg 971w, https:\/\/ahmetsavasan.com\/wp-content\/uploads\/2024\/06\/5.1-300x170.jpg 300w, https:\/\/ahmetsavasan.com\/wp-content\/uploads\/2024\/06\/5.1-768x436.jpg 768w\" sizes=\"(max-width: 971px) 100vw, 971px\" \/><\/p>\n<p>D\u00fcnya Sa\u011fl\u0131k Turizmi Konseyi\u2019ne (Global Healthcare Travel Council-GHTC) \u00fcye 56 \u00fclkeye 2024-26 (Nisan) d\u00f6neminde ba\u015fkanl\u0131k yapacak \u00fclke Kuzey K\u0131br\u0131s T\u00fcrk Cumhuriyeti\u2019nin (KKTC) ev sahipli\u011finde ger\u00e7ekle\u015ftirilen 6. D\u00fcnya Sa\u011fl\u0131k Turizmi Forumu ve Konferans\u0131 (6th Global Healthcare Travel Forum and Conference-GHTF2024) kapsam\u0131nda toplanan Genel Kurul\u2019da belirlendi. D\u00fcnya Sa\u011fl\u0131k Turizmi Konseyi\u2019ne (Global Healthcare Travel Council-GHTC) \u00fcye \u00fclke delegelerinin kat\u0131l\u0131m\u0131 ile ger\u00e7ekle\u015ftirilen ve Almanya, Suudi Arabistan ile Moldova\u2019n\u0131n ba\u015fkanl\u0131k i\u00e7in yar\u0131\u015ft\u0131\u011f\u0131 se\u00e7imi Moldova kazand\u0131.<\/p>\n<p><strong>BA\u015eKANLIK BAYRA\u011eI KKTC\u2019DEN MOLDOVA\u2019YA GE\u00c7T\u0130\u2026<\/strong><\/p>\n<p>D\u00fcnya Sa\u011fl\u0131k Turizmi Konseyi\u2019nin 2023-24 (Nisan) d\u00f6neminde Y\u00fcksek \u0130sti\u015fare Kurulu Ba\u015fkanl\u0131\u011f\u0131n\u0131 \u00fcstlenen KKTC Ba\u015fbakan Yard\u0131mc\u0131s\u0131, Turizm K\u00fclt\u00fcr Gen\u00e7lik Ve \u00c7evre Bakan\u0131\u00a0Fikri Atao\u011flu\u00a0ile D\u00f6nem Ba\u015fkan\u0131, KKTC Milletvekili Dr.\u00a0Ahmet Sava\u015fan, Moldova\u2019y\u0131 temsilen se\u00e7imi kazanan yeni d\u00f6nem ba\u015fkan\u0131 Dr. Natalia Ciobanu\u2019ya Ba\u015fkanl\u0131k bayra\u011f\u0131n\u0131 devretti.<\/p>\n<p><strong>SEKT\u00d6R L\u0130DERLER\u0130, AKADEM\u0130SYENLER, SA\u011eLIK VE TUR\u0130ZM PROFESYONELLER\u0130 \u0130LE POL\u0130T\u0130KA YAPICILARI B\u0130R ARAYA GELD\u0130\u2026<\/strong><\/p>\n<p><img decoding=\"async\" class=\"alignnone wp-image-15864 size-full\" src=\"https:\/\/www.ahmetsavasan.biz\/wp-content\/uploads\/2024\/06\/5.2.jpg\" alt=\"\" width=\"971\" height=\"551\" srcset=\"https:\/\/ahmetsavasan.com\/wp-content\/uploads\/2024\/06\/5.2.jpg 971w, https:\/\/ahmetsavasan.com\/wp-content\/uploads\/2024\/06\/5.2-300x170.jpg 300w, https:\/\/ahmetsavasan.com\/wp-content\/uploads\/2024\/06\/5.2-768x436.jpg 768w\" sizes=\"(max-width: 971px) 100vw, 971px\" \/><\/p>\n<p>Her y\u0131l D\u00fcnya Sa\u011fl\u0131k Turizmi Konseyi\u2019ne (GHTC) ba\u015fkanl\u0131k yapan \u00fclkenin ev sahipli\u011finde, sekt\u00f6r liderleri, akademisyenler, sa\u011fl\u0131k ve turizm profesyonelleri ile politika yap\u0131c\u0131lar\u0131n\u0131 bir araya getiren D\u00fcnya Sa\u011fl\u0131k Turizmi Forumu\u2019nun 6\u2019nc\u0131s\u0131 (GHTF2024) bu y\u0131l konferans b\u00f6l\u00fcm\u00fcn\u00fcn eklendi\u011fi yeni format\u0131 ile Kuzey K\u0131br\u0131s\u2019ta ger\u00e7ekle\u015ftirildi.<\/p>\n<p><strong>GHTF2024\u2019E 50 \u00dcLKEDEN 300\u2019DEN FAZLA KATILIM OLDU\u2026<\/strong><\/p>\n<ol start=\"6\">\n<li>D\u00fcnya Sa\u011fl\u0131k Turizmi Forumu ve Konferans\u0131 (GHTF2024, North Cyprus) bu y\u0131l D\u00fcnya Sa\u011fl\u0131k Turizmi Konseyi\u2019ne 2023-24 (Nisan) d\u00f6neminde ba\u015fkanl\u0131k yapan Kuzey K\u0131br\u0131s T\u00fcrk Cumhuriyeti\u2019nin ev sahipli\u011finde yap\u0131ld\u0131. GHTC 2024\u2019e KKTC Cumhurba\u015fkan\u0131, Ba\u015fbakan\u0131, Ba\u015fbakan Yard\u0131mc\u0131s\u0131, Turizm K\u00fclt\u00fcr Gen\u00e7lik Ve \u00c7evre Bakan\u0131, D\u0131\u015fi\u015fleri Bakan\u0131, Maliye Bakan\u0131, GHTC Kurucu Ba\u015fkan\u0131, D\u00fcnya Sa\u011fl\u0131k Turizmi Konseyi\u2019ne ba\u015fkanl\u0131k ve y\u00f6neticilik yapm\u0131\u015f delegeler, KKTC ile T\u00fcrkiye\u2019den sa\u011fl\u0131k, turizm ve e\u011fitim alan\u0131nda yetkili birliklerin ba\u015fkan ve y\u00f6neticileri ile 50 \u00fclkeden 300\u2019den fazla delege kat\u0131ld\u0131.<\/li>\n<\/ol>\n<p><strong>TEMA \u201cK\u00dcRESEL SA\u011eLIK TUR\u0130ZM\u0130NDE \u0130NOVASYON VE \u0130\u015e B\u0130RL\u0130\u011e\u0130\u201d\u2026<\/strong><\/p>\n<p>Sa\u011fl\u0131k turizmini k\u00fcresel olarak \u015fekillendirecek stratejilerin ve politikalar\u0131n ele al\u0131nd\u0131\u011f\u0131 D\u00fcnya Sa\u011fl\u0131k Turizmi Forumu\u2019nun (GHTF2024, North Cyprus) bu y\u0131lki temas\u0131, sekt\u00f6rde ya\u015fanan zorluklara yenilik\u00e7i \u00e7\u00f6z\u00fcmler \u00fcretmek, s\u00fcrd\u00fcr\u00fclebilir<\/p>\n<p>kalk\u0131nmay\u0131 desteklemek ve sekt\u00f6r\u00fcn gelece\u011fi i\u00e7in g\u00fc\u00e7l\u00fc bir sinerji olu\u015fturmaya y\u00f6nelik olarak \u201cK\u00fcresel Sa\u011fl\u0131k Turizminde \u0130novasyon ve \u0130\u015f Birli\u011fi\u201d olarak belirlendi.<\/p>\n<p><img decoding=\"async\" class=\"alignnone wp-image-15865 size-full\" src=\"https:\/\/www.ahmetsavasan.biz\/wp-content\/uploads\/2024\/06\/5.3.jpg\" alt=\"\" width=\"971\" height=\"551\" srcset=\"https:\/\/ahmetsavasan.com\/wp-content\/uploads\/2024\/06\/5.3.jpg 971w, https:\/\/ahmetsavasan.com\/wp-content\/uploads\/2024\/06\/5.3-300x170.jpg 300w, https:\/\/ahmetsavasan.com\/wp-content\/uploads\/2024\/06\/5.3-768x436.jpg 768w\" sizes=\"(max-width: 971px) 100vw, 971px\" \/><\/p>\n<p><strong>GHTF 2024 OTURUMLARINA 150\u2019DEN FAZLA KONU\u015eMACI KATILDI\u2026<\/strong><\/p>\n<p>K\u00fcresel Sa\u011fl\u0131k Turizmi\u2019nin Gelece\u011fi, Sa\u011fl\u0131k ve S\u00fcrd\u00fcr\u00fclebilir Kalk\u0131nma Hedefleri, Sa\u011fl\u0131k i\u00e7in Seyahat, Sa\u011fl\u0131k Hizmetleri ve \u0130klim De\u011fi\u015fikli\u011fi, Sa\u011fl\u0131k Hizmetleri ve Teknolojiler, Wellness ve Wellbeing, Sa\u011fl\u0131k Turizmi ve \u0130leri Aktif Ya\u015fam konular\u0131n\u0131n tart\u0131\u015f\u0131ld\u0131\u011f\u0131 Forum oturumlar\u0131na 25 ana konu\u015fmac\u0131 kat\u0131l\u0131rken, konferans oturumlar\u0131nda ise 22\u2019si ana konu\u015fmac\u0131 taraf\u0131ndan olmak \u00fczere 500&#8217;\u00fcn \u00fczerinde ara\u015ft\u0131rmac\u0131n\u0131n ortak yazd\u0131\u011f\u0131 150&#8217;den fazla makale sunuldu.<\/p>\n<p><strong>B2B TOPLANTILARINDA B\u0130R \u00c7OK \u0130\u015eB\u0130RL\u0130\u011e\u0130 ANLA\u015eMASI \u201c\u0130MZALANDI\u2026<\/strong><\/p>\n<p>GHTF2024 kapsam\u0131nda ayr\u0131ca B2B toplant\u0131lar\u0131 da yap\u0131ld\u0131. Toplant\u0131larda T\u00fcrkiye ve Kuzey K\u0131br\u0131s\u2019tan sa\u011fl\u0131k, turizm ve sa\u011fl\u0131k turizmi hizmeti veren kurulu\u015flar\u0131n y\u00f6neticileri, ba\u015fta GHTC \u00fcyesi \u00fclkelerden olmak \u00fczere d\u00fcnyan\u0131n de\u011fi\u015fik co\u011frafyalar\u0131ndan sa\u011fl\u0131k turizmi profesyonelleri<\/p>\n","protected":false},"excerpt":{"rendered":"<p>D\u00fcnya Sa\u011fl\u0131k Turizmi Konseyi (Global Healthcare Travel Council-GHTC) yeni d\u00f6nem ba\u015fkan\u0131, elli \u00fclkenin kat\u0131l\u0131m\u0131 ile KKTC toplanan Genel Kurulda yap\u0131lan se\u00e7imle belirlendi. \u00dc\u00e7 \u00fclke delegesinin yar\u0131\u015ft\u0131\u011f\u0131 se\u00e7imi Moldova\u2019dan Dr. Natalia Ciobanu kazand\u0131. D\u00fcnya Sa\u011fl\u0131k Turizmi Konseyi\u2019ne (Global Healthcare Travel Council-GHTC) \u00fcye 56 \u00fclkeye 2024-26 (Nisan) d\u00f6neminde ba\u015fkanl\u0131k yapacak \u00fclke Kuzey K\u0131br\u0131s T\u00fcrk Cumhuriyeti\u2019nin (KKTC) ev [&hellip;]<\/p>\n","protected":false},"author":1,"featured_media":15862,"comment_status":"open","ping_status":"open","sticky":false,"template":"","format":"standard","meta":{"_monsterinsights_skip_tracking":false,"_monsterinsights_sitenote_active":false,"_monsterinsights_sitenote_note":"","_monsterinsights_sitenote_category":0,"footnotes":""},"categories":[140],"tags":[],"class_list":["post-15861","post","type-post","status-publish","format-standard","has-post-thumbnail","hentry","category-chtc"],"aioseo_notices":[],"_links":{"self":[{"href":"https:\/\/ahmetsavasan.com\/tr_tr\/wp-json\/wp\/v2\/posts\/15861","targetHints":{"allow":["GET"]}}],"collection":[{"href":"https:\/\/ahmetsavasan.com\/tr_tr\/wp-json\/wp\/v2\/posts"}],"about":[{"href":"https:\/\/ahmetsavasan.com\/tr_tr\/wp-json\/wp\/v2\/types\/post"}],"author":[{"embeddable":true,"href":"https:\/\/ahmetsavasan.com\/tr_tr\/wp-json\/wp\/v2\/users\/1"}],"replies":[{"embeddable":true,"href":"https:\/\/ahmetsavasan.com\/tr_tr\/wp-json\/wp\/v2\/comments?post=15861"}],"version-history":[{"count":1,"href":"https:\/\/ahmetsavasan.com\/tr_tr\/wp-json\/wp\/v2\/posts\/15861\/revisions"}],"predecessor-version":[{"id":20195,"href":"https:\/\/ahmetsavasan.com\/tr_tr\/wp-json\/wp\/v2\/posts\/15861\/revisions\/20195"}],"wp:featuredmedia":[{"embeddable":true,"href":"https:\/\/ahmetsavasan.com\/tr_tr\/wp-json\/wp\/v2\/media\/15862"}],"wp:attachment":[{"href":"https:\/\/ahmetsavasan.com\/tr_tr\/wp-json\/wp\/v2\/media?parent=15861"}],"wp:term":[{"taxonomy":"category","embeddable":true,"href":"https:\/\/ahmetsavasan.com\/tr_tr\/wp-json\/wp\/v2\/categories?post=15861"},{"taxonomy":"post_tag","embeddable":true,"href":"https:\/\/ahmetsavasan.com\/tr_tr\/wp-json\/wp\/v2\/tags?post=15861"}],"curies":[{"name":"wp","href":"https:\/\/api.w.org\/{rel}","templated":true}]}}