{"id":15867,"date":"2024-05-03T12:04:04","date_gmt":"2024-05-03T12:04:04","guid":{"rendered":"https:\/\/www.ahmetsavasan.biz\/?p=15867"},"modified":"2024-05-03T12:04:04","modified_gmt":"2024-05-03T12:04:04","slug":"personel-dairesi-ile-basbakanlik-ve-merkez-kurulusu-degisiklik-yasa-tasarilari-komitede-gorusuldu","status":"publish","type":"post","link":"https:\/\/ahmetsavasan.com\/tr_tr\/personel-dairesi-ile-basbakanlik-ve-merkez-kurulusu-degisiklik-yasa-tasarilari-komitede-gorusuldu\/","title":{"rendered":"Personel Dairesi \u0130le Ba\u015fbakanl\u0131k Ve Merkez Kurulu\u015fu De\u011fi\u015fiklik Yasa Tasar\u0131lar\u0131 Komitede G\u00f6r\u00fc\u015f\u00fcld\u00fc"},"content":{"rendered":"<p>Cumhuriyet\u00a0Meclisi, \u0130dari, Kamu ve Sa\u011fl\u0131k \u0130\u015fleri Komitesi, Personel Dairesi ile Ba\u015fbakanl\u0131k ve Merkez Kurulu\u015fu de\u011fi\u015fiklik yasa tasar\u0131lar\u0131n\u0131 g\u00f6r\u00fc\u015ft\u00fc.<\/p>\n<p>Cumhuriyet\u00a0Meclisi, \u0130dari, Kamu ve Sa\u011fl\u0131k \u0130\u015fleri Komitesi bug\u00fcn saat\u00a010.00\u2019da UBP Milletvekili Komite Ba\u015fkan\u0131\u00a0Emrah Ye\u015fil\u0131rmak\u00a0ba\u015fkanl\u0131\u011f\u0131nda topland\u0131.<\/p>\n<p>Meclis&#8217;ten verilen bilgiye g\u00f6re, Komite ilk olarak Personel Dairesi (Kurulu\u015f, G\u00f6rev ve \u00c7al\u0131\u015fma Esaslar\u0131) (De\u011fi\u015fiklik) Yasa Tasar\u0131s\u0131\u2019n\u0131 ele ald\u0131. Genel g\u00f6r\u00fc\u015fmesi tamamlanan tasar\u0131 madde madde g\u00f6r\u00fc\u015f\u00fclmeye devam edilecek.<\/p>\n<p>Daha sonra komite \u201cBa\u015fbakanl\u0131k ve Merkez Kurulu\u015fu (Kurulu\u015f, G\u00f6rev ve \u00c7al\u0131\u015fma Esaslar\u0131) Yasa Tasar\u0131s\u0131\u201dn\u0131 ele ald\u0131 ve genel g\u00f6r\u00fc\u015fmesini tamamlad\u0131. Tasar\u0131n\u0131n madde madde g\u00f6r\u00fc\u015f\u00fclmesine devam edilecek.<\/p>\n<p>Komite toplant\u0131s\u0131na davetli olarak, Ba\u015fbakanl\u0131k, Maliye Bakanl\u0131\u011f\u0131, Personel Dairesi, Merkez Bankas\u0131 ve K\u0131br\u0131s T\u00fcrk Amme Memurlar\u0131 Sendikas\u0131 (KTAMS) ile K\u0131br\u0131s T\u00fcrk Kamu G\u00f6revlileri Sendikas\u0131 (KAMU-SEN) yetkililer kat\u0131larak konuyla ilgili g\u00f6r\u00fc\u015flerini iletti.<\/p>\n<p>Emrah Ye\u015fil\u0131rmak\u00a0ba\u015fkanl\u0131\u011f\u0131nda toplanan \u0130dari, Kamu ve Sa\u011fl\u0131k \u0130\u015fleri Komitesi\u00a0toplant\u0131s\u0131na, Komite Ba\u015fkan Vekili\u00a0Filiz Besim, Komite \u00dcyesi UBP Milletvekili\u00a0Ahmet Sava\u015fan\u00a0ve Komite \u00dcyesi UBP Milletvekili\u00a0Ziya \u00d6zt\u00fcrkler\u00a0kat\u0131ld\u0131.<\/p>\n","protected":false},"excerpt":{"rendered":"<p>Cumhuriyet\u00a0Meclisi, \u0130dari, Kamu ve Sa\u011fl\u0131k \u0130\u015fleri Komitesi, Personel Dairesi ile Ba\u015fbakanl\u0131k ve Merkez Kurulu\u015fu de\u011fi\u015fiklik yasa tasar\u0131lar\u0131n\u0131 g\u00f6r\u00fc\u015ft\u00fc. Cumhuriyet\u00a0Meclisi, \u0130dari, Kamu ve Sa\u011fl\u0131k \u0130\u015fleri Komitesi bug\u00fcn saat\u00a010.00\u2019da UBP Milletvekili Komite Ba\u015fkan\u0131\u00a0Emrah Ye\u015fil\u0131rmak\u00a0ba\u015fkanl\u0131\u011f\u0131nda topland\u0131. Meclis&#8217;ten verilen bilgiye g\u00f6re, Komite ilk olarak Personel Dairesi (Kurulu\u015f, G\u00f6rev ve \u00c7al\u0131\u015fma Esaslar\u0131) (De\u011fi\u015fiklik) Yasa Tasar\u0131s\u0131\u2019n\u0131 ele ald\u0131. Genel g\u00f6r\u00fc\u015fmesi tamamlanan [&hellip;]<\/p>\n","protected":false},"author":1,"featured_media":15868,"comment_status":"open","ping_status":"open","sticky":false,"template":"","format":"standard","meta":{"_monsterinsights_skip_tracking":false,"_monsterinsights_sitenote_active":false,"_monsterinsights_sitenote_note":"","_monsterinsights_sitenote_category":0,"footnotes":""},"categories":[102],"tags":[],"class_list":["post-15867","post","type-post","status-publish","format-standard","has-post-thumbnail","hentry","category-haberler"],"aioseo_notices":[],"_links":{"self":[{"href":"https:\/\/ahmetsavasan.com\/tr_tr\/wp-json\/wp\/v2\/posts\/15867","targetHints":{"allow":["GET"]}}],"collection":[{"href":"https:\/\/ahmetsavasan.com\/tr_tr\/wp-json\/wp\/v2\/posts"}],"about":[{"href":"https:\/\/ahmetsavasan.com\/tr_tr\/wp-json\/wp\/v2\/types\/post"}],"author":[{"embeddable":true,"href":"https:\/\/ahmetsavasan.com\/tr_tr\/wp-json\/wp\/v2\/users\/1"}],"replies":[{"embeddable":true,"href":"https:\/\/ahmetsavasan.com\/tr_tr\/wp-json\/wp\/v2\/comments?post=15867"}],"version-history":[{"count":0,"href":"https:\/\/ahmetsavasan.com\/tr_tr\/wp-json\/wp\/v2\/posts\/15867\/revisions"}],"wp:featuredmedia":[{"embeddable":true,"href":"https:\/\/ahmetsavasan.com\/tr_tr\/wp-json\/wp\/v2\/media\/15868"}],"wp:attachment":[{"href":"https:\/\/ahmetsavasan.com\/tr_tr\/wp-json\/wp\/v2\/media?parent=15867"}],"wp:term":[{"taxonomy":"category","embeddable":true,"href":"https:\/\/ahmetsavasan.com\/tr_tr\/wp-json\/wp\/v2\/categories?post=15867"},{"taxonomy":"post_tag","embeddable":true,"href":"https:\/\/ahmetsavasan.com\/tr_tr\/wp-json\/wp\/v2\/tags?post=15867"}],"curies":[{"name":"wp","href":"https:\/\/api.w.org\/{rel}","templated":true}]}}