{"id":15873,"date":"2024-04-28T12:09:48","date_gmt":"2024-04-28T12:09:48","guid":{"rendered":"https:\/\/www.ahmetsavasan.biz\/?p=15873"},"modified":"2025-08-29T11:57:00","modified_gmt":"2025-08-29T11:57:00","slug":"ubp-siyaset-akademisi-i-donemi-tatar-kanli-ve-hanin-verdigi-derslerle-tamamlandi","status":"publish","type":"post","link":"https:\/\/ahmetsavasan.com\/tr_tr\/ubp-siyaset-akademisi-i-donemi-tatar-kanli-ve-hanin-verdigi-derslerle-tamamlandi\/","title":{"rendered":"UBP Siyaset Akademisi I. D\u00f6nemi Tatar, Kanl\u0131 Ve Han\u2019\u0131n Verdi\u011fi Derslerle Tamamland\u0131"},"content":{"rendered":"<p>UBP Siyaset Akademisi\u2019nin I. D\u00f6nemi Prof. Dr. Ahmet Kas\u0131m Han, \u00d6zer Kanl\u0131 ve Ersin Tatar\u2019\u0131n alt\u0131nc\u0131 haftada verdi\u011fi derslerle Ulusal Birlik Partisi (UBP) Siyaset Akademisi\u2019nin I. d\u00f6nem 6. hafta program\u0131 Prof. Dr. Ahmet Kas\u0131m Han, \u00d6zer Kanl\u0131 ve Cumhurba\u015fkan\u0131\u00a0Ersin Tatar\u2019\u0131n Akademi Koordinat\u00f6r\u00fc, UBP Grup Ba\u015fkan Vekili Dr.\u00a0Ahmet Sava\u015fan\u00a0moderat\u00f6rl\u00fc\u011f\u00fcnde ger\u00e7ekle\u015ftirilen derslerle, UBP\u2019li gen\u00e7, kad\u0131n ve \u00fcyelerin yan\u0131 s\u0131ra UBP Genel Ba\u015fkan\u0131, Ba\u015fbakan\u00a0\u00dcnal \u00dcstel, Bakanlar, Milletvekilleri, \u0130l\u00e7e Ba\u015fkanlar\u0131, Belediye Ba\u015fkanlar\u0131n\u0131n kat\u0131l\u0131m\u0131 ile Yak\u0131n Do\u011fu \u00dcniversitesi (YD\u00dc) B\u00fcy\u00fck K\u00fct\u00fcphane\u2019de ger\u00e7ekle\u015ftirildi.<\/p>\n<p><img fetchpriority=\"high\" decoding=\"async\" class=\"alignnone wp-image-15875 size-full\" src=\"https:\/\/www.ahmetsavasan.biz\/wp-content\/uploads\/2024\/06\/8.1.jpg\" alt=\"\" width=\"971\" height=\"551\" srcset=\"https:\/\/ahmetsavasan.com\/wp-content\/uploads\/2024\/06\/8.1.jpg 971w, https:\/\/ahmetsavasan.com\/wp-content\/uploads\/2024\/06\/8.1-300x170.jpg 300w, https:\/\/ahmetsavasan.com\/wp-content\/uploads\/2024\/06\/8.1-768x436.jpg 768w\" sizes=\"(max-width: 971px) 100vw, 971px\" \/><\/p>\n<p><strong>S\u0130YASETTE STRATEJ\u0130K \u0130LET\u0130\u015e\u0130M VE KAMU Y\u00d6NET\u0130M\u0130, SE\u00c7\u0130MLER VE ULUSAL B\u0130RL\u0130K PART\u0130S\u0130, \u0130K\u0130 DEVLETL\u0130 \u00c7\u00d6Z\u00dcM V\u0130ZYONU DERSLER\u0130 B\u00dcY\u00dcK \u0130LG\u0130 G\u00d6RD\u00dc\u2026<\/strong><\/p>\n<p>UBP Siyaset Akademisi I. D\u00f6nem 6. Hafta program\u0131, Harvard, \u0130stanbul, Bo\u011fazi\u00e7i ve Ko\u00e7 \u00dcniversitelerinde, Ekonomi-Finans, Uluslararas\u0131 \u0130li\u015fkiler, \u0130\u015fletme, Strateji ve M\u00fczakere alanlar\u0131nda e\u011fitim alm\u0131\u015f, bir\u00e7ok \u00fcniversitede akademik ve idari g\u00f6revlerde bulunmu\u015f, New York Times, Financial Times,\u00a0 NTV, CNN International, Wall Street Journal, Der Spiegel,\u00a0 The Economist gibi pek \u00e7ok bas\u0131n kurulu\u015funda 1000\u2019in \u00fczerinde yaz\u0131s\u0131, r\u00f6portaj\u0131, program\u0131 ve belgeseli yay\u0131nlanm\u0131\u015f, \u00e7e\u015fitli uluslararas\u0131 sorunlar\u0131n \u00e7\u00f6z\u00fcm\u00fc amac\u0131yla \u00e7al\u0131\u015fan y\u00fcksek d\u00fczey ulusal ve uluslararas\u0131 kriz \u00e7\u00f6z\u00fcm\u00fc diplomasisi panellerinde (2nd Track) g\u00f6rev yapm\u0131\u015f Prof. Dr. Han\u2019\u0131n \u201cSiyasette Stratejik \u0130leti\u015fim ve Kamu Y\u00f6netimi\u201d, Ege \u00dcniversitesi\u2019nde Bas\u0131n Yay\u0131n alan\u0131nda e\u011fitim alan, BBC, TRT yan\u0131 s\u0131ra ABD\u2019de bir \u00e7ok mesleki e\u011fitim program\u0131na kat\u0131lm\u0131\u015f, 1981 y\u0131l\u0131ndan bu yana gazetecilik, 1983 y\u0131l\u0131ndan bu yana ise UBP\u2019nin bas\u0131n yay\u0131n organlar\u0131nda yazarl\u0131k ve idari g\u00f6revlerde bulunan, 32 y\u0131l BRTK\u2019da bir \u00e7ok g\u00f6rev yan\u0131nda m\u00fcd\u00fcrl\u00fck ve Y\u00f6netim Kurulu Ba\u015fkanl\u0131\u011f\u0131 yapm\u0131\u015f,\u00a0 UBP Onursal Ba\u015fkan\u0131 Dervi\u015f Ero\u011flu\u2019nun Cumhurba\u015fkanl\u0131\u011f\u0131 d\u00f6neminde Cumhurba\u015fkanl\u0131\u011f\u0131 Bas\u0131n Dan\u0131\u015fman\u0131 olarak \u00e7al\u0131\u015fm\u0131\u015f \u00d6zer Kanl\u0131\u2019n\u0131n \u201cSe\u00e7imler ve Ulusal Birlik Partisi\u201d, Cambridge \u00dcniversitesi\u2019nden mezun oluktan sonra, d\u00fcnyan\u0131n en \u00f6nemli denetim ve mali m\u00fc\u015favirlik ile \u00e7e\u015fitli \u015firketlerde \u00e7al\u0131\u015fm\u0131\u015f, UBP\u2019de Parti Meclisi \u00dcyeli\u011fi, Genel Sekreter Yard\u0131mc\u0131l\u0131\u011f\u0131, Milletvekilli\u011fi, Maliye Bakanl\u0131\u011f\u0131, Genel Ba\u015fkanl\u0131k yapan ard\u0131ndan da Ba\u015fbakan ve \u015fu anda da Cumhurba\u015fkan\u0131 olan\u00a0Ersin Tatar\u2019\u0131n \u201c\u0130ki Devletli \u00c7\u00f6z\u00fcm Vizyonu\u201d konular\u0131nda verdi\u011fi derslerle tamamland\u0131.<\/p>\n<p><img decoding=\"async\" class=\"alignnone wp-image-15876 size-full\" src=\"https:\/\/www.ahmetsavasan.biz\/wp-content\/uploads\/2024\/06\/8.2.jpg\" alt=\"\" width=\"971\" height=\"551\" srcset=\"https:\/\/ahmetsavasan.com\/wp-content\/uploads\/2024\/06\/8.2.jpg 971w, https:\/\/ahmetsavasan.com\/wp-content\/uploads\/2024\/06\/8.2-300x170.jpg 300w, https:\/\/ahmetsavasan.com\/wp-content\/uploads\/2024\/06\/8.2-768x436.jpg 768w\" sizes=\"(max-width: 971px) 100vw, 971px\" \/><\/p>\n<ol>\n<li><strong> D\u00d6NEM DERSLER\u0130N\u0130 20 UZMAN KONU\u015eMACI VERD\u0130\u2026<\/strong><\/li>\n<\/ol>\n<p>Akademi\u2019nin I. D\u00f6nem 6. hafta program\u0131 kapan\u0131\u015f oturumunda ayr\u0131ca UBP Genel Ba\u015fkan\u0131, Ba\u015fbakan\u00a0\u00dcnal \u00dcstel, Genel Sekreter\u00a0O\u011fuzhan Hasipo\u011flu\u00a0ile UBP Grup Ba\u015fkan Vekili, Akademi Koordinat\u00f6r\u00fc Dr.\u00a0Ahmet Sava\u015fan\u00a0da birer te\u015fekk\u00fcr konu\u015fmas\u0131 yapt\u0131.<\/p>\n<p>Dr.\u00a0Ahmet Sava\u015fan\u00a0yapt\u0131\u011f\u0131 konu\u015fmada, siyasetin i\u00e7inde yer alacak \u00f6zellikle gen\u00e7ler ile kad\u0131nlar\u0131n iyi bir e\u011fitimden ge\u00e7mesi, donan\u0131ml\u0131 ve vizyon sahibi olmalar\u0131 i\u00e7in\u00a0Ersin Tatar\u2019\u0131n Genel Ba\u015fkanl\u0131\u011f\u0131 d\u00f6neminde ger\u00e7ekle\u015ftirilen Vizyon \u00c7al\u0131\u015ftay\u0131\u2019nda en g\u00fc\u00e7l\u00fc talep olarak ortaya \u00e7\u0131kan ve UBP Genel Ba\u015fkan\u0131, Ba\u015fbakan\u00a0\u00dcnal \u00dcstel\u2019in inisiyatifi ile hayat bulan Siyaset Akademisi\u2019nde 6 hafta boyunca 20 uzman akademisyen ve tecr\u00fcbeli konu\u015fmac\u0131n\u0131n ders verdi\u011fini s\u00f6yledi.<\/p>\n<p><img decoding=\"async\" class=\"alignnone wp-image-15877 size-full\" src=\"https:\/\/www.ahmetsavasan.biz\/wp-content\/uploads\/2024\/06\/8.3.jpg\" alt=\"\" width=\"971\" height=\"551\" srcset=\"https:\/\/ahmetsavasan.com\/wp-content\/uploads\/2024\/06\/8.3.jpg 971w, https:\/\/ahmetsavasan.com\/wp-content\/uploads\/2024\/06\/8.3-300x170.jpg 300w, https:\/\/ahmetsavasan.com\/wp-content\/uploads\/2024\/06\/8.3-768x436.jpg 768w\" sizes=\"(max-width: 971px) 100vw, 971px\" \/><\/p>\n<p><strong>253 K\u0130\u015e\u0130YE KATILIM SERT\u0130F\u0130KASI VER\u0130LECEK\u2026<\/strong><\/p>\n<p>\u00dclkenin gelece\u011fini \u015fekillendirecek liderlerin yeti\u015ftirilmesi hedefi ile kurulan UBP Siyaset Akademisi\u2019nin ikinci d\u00f6nemine, teorik bilgilerin yan\u0131 s\u0131ra, saha \u00e7al\u0131\u015fmalar\u0131, uygulamal\u0131 e\u011fitimler ve tecr\u00fcbeli siyaset\u00e7ilerin ba\u015fkanl\u0131\u011f\u0131nda ger\u00e7ekle\u015ftirilecek at\u00f6lye \u00e7al\u0131\u015fmalar\u0131 ile devam edilece\u011fine i\u015faret eden Dr.\u00a0Ahmet Sava\u015fan, ortalama 300 ki\u015finin kat\u0131l\u0131m g\u00f6sterdi\u011fi ve te\u015fekk\u00fcr belgesi ald\u0131\u011f\u0131 e\u011fitim program\u0131 kapsam\u0131nda, 6 hafta kesintisiz kat\u0131lan 253 ki\u015fiye isimlerine \u00f6zel olarak haz\u0131rlanan kat\u0131l\u0131m sertifikas\u0131 verilece\u011fini vurgulad\u0131.<\/p>\n<p><img loading=\"lazy\" decoding=\"async\" class=\"alignnone wp-image-15878 size-full\" src=\"https:\/\/www.ahmetsavasan.biz\/wp-content\/uploads\/2024\/06\/8.4.jpg\" alt=\"\" width=\"971\" height=\"551\" srcset=\"https:\/\/ahmetsavasan.com\/wp-content\/uploads\/2024\/06\/8.4.jpg 971w, https:\/\/ahmetsavasan.com\/wp-content\/uploads\/2024\/06\/8.4-300x170.jpg 300w, https:\/\/ahmetsavasan.com\/wp-content\/uploads\/2024\/06\/8.4-768x436.jpg 768w\" sizes=\"(max-width: 971px) 100vw, 971px\" \/><\/p>\n<p><strong>ERO\u011eLU \u0130LE BA\u015eLAYAN AKADEM\u0130 TATAR\u2019IN VERD\u0130\u011e\u0130 DERSLE SONA ERD\u0130\u2026<\/strong><\/p>\n<p>UBP Onursal Ba\u015fkan\u0131 ve 3. Cumhurba\u015fkan\u0131 Dr. Dervi\u015f Ero\u011flu\u2019nun \u201cD\u00fcnden Bu G\u00fcne UBP\u201d konusunda verdi\u011fi a\u00e7\u0131l\u0131\u015f dersi ile ba\u015flayan UBP Siyaset Akademisi I. D\u00f6nemi, Cumhurba\u015fkan\u0131\u00a0Ersin Tatar\u2019\u0131n verdi\u011fi \u201c\u0130ki Devletli \u00c7\u00f6z\u00fcm Vizyonu\u201d dersiyle tamamland\u0131. Akademinin I. D\u00f6neminde ayr\u0131ca, Cumhuriyet Meclisinde ve UBP Kurultaylar\u0131nda K\u0131br\u0131s Konusu \u0130le \u0130lgili Al\u0131nan Kararlar, K\u0131br\u0131s Sorunun K\u00f6keni, M\u00fczakere S\u00fcreci, KKTC \u0130l\u00e2n\u0131 S\u00fcreci ve Siyasi Sonu\u00e7lar\u0131, \u0130ki Devletli \u00c7\u00f6z\u00fcm Modelinin Temelleri, Kapal\u0131 Mara\u015f A\u00e7\u0131l\u0131m\u0131n\u0131n Hukuki ve Siyasi Sonu\u00e7lar\u0131, Uluslararas\u0131 Hukuk Ba\u011flam\u0131nda K\u0131br\u0131s Meselesi, Yerel Y\u00f6netimler Perspektifinden UBP Belediyecili\u011fi ve KKTC\u2019ye Kazand\u0131r\u0131lan Projeler, G\u00f6rsel Belgelerle T\u00fcrk ve Rum \u0130maj\u0131, KKTC\u2019ye UBP \u0130ktidarlar\u0131nda Kazand\u0131r\u0131lan B\u00fcy\u00fck Projeler ile Hedeflenen Yeni Projeler, UBP H\u00fck\u00fcmetlerinde Yarat\u0131lan Ekonomik De\u011ferler, K\u0131br\u0131s, T\u00fcrkiye ve D\u00fcnyadaki Su Sorunu ve \u00c7\u00f6z\u00fcm \u00d6nerileri, T\u00fcrk Cumhuriyetleri Aras\u0131nda Entegrasyon S\u00fcreci ve Sivil Toplum Kurulu\u015flar\u0131n\u0131n Rol\u00fc, Do\u011fu Akdeniz Enerji Sorunu ve K\u0131br\u0131s Adas\u0131\u2019n\u0131n Stratejik \u00d6nemi, Dijital D\u00fcnya ve Yapay Zeka Kullan\u0131m\u0131, Siyasette Stratejik \u0130leti\u015fim ve Kamu Y\u00f6netimi, KKTC\u2019nin Uluslararas\u0131 \u0130maj\u0131nda Do\u011fru Bilinen Yanl\u0131\u015flar ve UBP\u2019nin Turizm Ba\u011flam\u0131nda Yaratt\u0131\u011f\u0131 \u0130stihdam Olanaklar\u0131, Se\u00e7imler ve Ulusal Birlik Partisi konular\u0131nda dersler verildi.<\/p>\n<p><img loading=\"lazy\" decoding=\"async\" class=\"alignnone wp-image-15879 size-full\" src=\"https:\/\/www.ahmetsavasan.biz\/wp-content\/uploads\/2024\/06\/8.5.jpg\" alt=\"\" width=\"971\" height=\"551\" srcset=\"https:\/\/ahmetsavasan.com\/wp-content\/uploads\/2024\/06\/8.5.jpg 971w, https:\/\/ahmetsavasan.com\/wp-content\/uploads\/2024\/06\/8.5-300x170.jpg 300w, https:\/\/ahmetsavasan.com\/wp-content\/uploads\/2024\/06\/8.5-768x436.jpg 768w\" sizes=\"(max-width: 971px) 100vw, 971px\" \/><\/p>\n<p>&nbsp;<\/p>\n<p>&nbsp;<\/p>\n<p>&nbsp;<\/p>\n","protected":false},"excerpt":{"rendered":"<p>UBP Siyaset Akademisi\u2019nin I. D\u00f6nemi Prof. Dr. Ahmet Kas\u0131m Han, \u00d6zer Kanl\u0131 ve Ersin Tatar\u2019\u0131n alt\u0131nc\u0131 haftada verdi\u011fi derslerle Ulusal Birlik Partisi (UBP) Siyaset Akademisi\u2019nin I. d\u00f6nem 6. hafta program\u0131 Prof. Dr. Ahmet Kas\u0131m Han, \u00d6zer Kanl\u0131 ve Cumhurba\u015fkan\u0131\u00a0Ersin Tatar\u2019\u0131n Akademi Koordinat\u00f6r\u00fc, UBP Grup Ba\u015fkan Vekili Dr.\u00a0Ahmet Sava\u015fan\u00a0moderat\u00f6rl\u00fc\u011f\u00fcnde ger\u00e7ekle\u015ftirilen derslerle, UBP\u2019li gen\u00e7, kad\u0131n ve \u00fcyelerin [&hellip;]<\/p>\n","protected":false},"author":1,"featured_media":19200,"comment_status":"open","ping_status":"open","sticky":false,"template":"","format":"standard","meta":{"_monsterinsights_skip_tracking":false,"_monsterinsights_sitenote_active":false,"_monsterinsights_sitenote_note":"","_monsterinsights_sitenote_category":0,"footnotes":""},"categories":[140],"tags":[],"class_list":["post-15873","post","type-post","status-publish","format-standard","has-post-thumbnail","hentry","category-chtc"],"aioseo_notices":[],"_links":{"self":[{"href":"https:\/\/ahmetsavasan.com\/tr_tr\/wp-json\/wp\/v2\/posts\/15873","targetHints":{"allow":["GET"]}}],"collection":[{"href":"https:\/\/ahmetsavasan.com\/tr_tr\/wp-json\/wp\/v2\/posts"}],"about":[{"href":"https:\/\/ahmetsavasan.com\/tr_tr\/wp-json\/wp\/v2\/types\/post"}],"author":[{"embeddable":true,"href":"https:\/\/ahmetsavasan.com\/tr_tr\/wp-json\/wp\/v2\/users\/1"}],"replies":[{"embeddable":true,"href":"https:\/\/ahmetsavasan.com\/tr_tr\/wp-json\/wp\/v2\/comments?post=15873"}],"version-history":[{"count":1,"href":"https:\/\/ahmetsavasan.com\/tr_tr\/wp-json\/wp\/v2\/posts\/15873\/revisions"}],"predecessor-version":[{"id":20198,"href":"https:\/\/ahmetsavasan.com\/tr_tr\/wp-json\/wp\/v2\/posts\/15873\/revisions\/20198"}],"wp:featuredmedia":[{"embeddable":true,"href":"https:\/\/ahmetsavasan.com\/tr_tr\/wp-json\/wp\/v2\/media\/19200"}],"wp:attachment":[{"href":"https:\/\/ahmetsavasan.com\/tr_tr\/wp-json\/wp\/v2\/media?parent=15873"}],"wp:term":[{"taxonomy":"category","embeddable":true,"href":"https:\/\/ahmetsavasan.com\/tr_tr\/wp-json\/wp\/v2\/categories?post=15873"},{"taxonomy":"post_tag","embeddable":true,"href":"https:\/\/ahmetsavasan.com\/tr_tr\/wp-json\/wp\/v2\/tags?post=15873"}],"curies":[{"name":"wp","href":"https:\/\/api.w.org\/{rel}","templated":true}]}}