{"id":15886,"date":"2024-04-24T12:20:09","date_gmt":"2024-04-24T12:20:09","guid":{"rendered":"https:\/\/www.ahmetsavasan.biz\/?p=15886"},"modified":"2024-04-24T12:20:09","modified_gmt":"2024-04-24T12:20:09","slug":"meclis-idari-kamu-ve-saglik-isleri-komitesi-toplandi","status":"publish","type":"post","link":"https:\/\/ahmetsavasan.com\/tr_tr\/meclis-idari-kamu-ve-saglik-isleri-komitesi-toplandi\/","title":{"rendered":"Meclis \u0130dari, Kamu Ve Sa\u011fl\u0131k \u0130\u015fleri Komitesi Topland\u0131"},"content":{"rendered":"<p>Cumhuriyet Meclisi, \u0130dari, Kamu ve Sa\u011fl\u0131k \u0130\u015fleri Komitesi, \u201cAtat\u00fcrk \u00d6\u011fretmen Akademisi Kurulu\u015f (De\u011fi\u015fiklik) Yasa Tasar\u0131s\u0131\u201d, \u201cYatakl\u0131 Tedavi Kurumlar\u0131 Dairesi (Kurulu\u015f, G\u00f6rev ve \u00c7al\u0131\u015fma Esaslar\u0131)(De\u011fi\u015fiklik) Yasa Tasar\u0131s\u0131\u201d, ve \u201cTasdik Memurlar\u0131 Yasa Tasar\u0131s\u0131\u201dn\u0131 ele ald\u0131.<\/p>\n<p>Cumhuriyet Meclisi, \u0130dari, Kamu ve Sa\u011fl\u0131k \u0130\u015fleri Komitesi bug\u00fcn saat 10.00\u2019da topland\u0131.<\/p>\n<p>Meclis Bas\u0131n B\u00fcrosu\u2019ndan yap\u0131lan a\u00e7\u0131klamaya g\u00f6re Komite, g\u00fcndeminde bulunan \u201cAtat\u00fcrk \u00d6\u011fretmen Akademisi Kurulu\u015f (De\u011fi\u015fiklik) Yasa Tasar\u0131s\u0131\u201d, \u201cYatakl\u0131 Tedavi Kurumlar\u0131 Dairesi (Kurulu\u015f, G\u00f6rev ve \u00c7al\u0131\u015fma Esaslar\u0131)(De\u011fi\u015fiklik) Yasa Tasar\u0131s\u0131\u201d, ve \u201cTasdik Memurlar\u0131 Yasa Tasar\u0131s\u0131\u201dn\u0131 ele ald\u0131.<\/p>\n<p>UBP Milletvekili\u00a0Emrah Ye\u015fil\u0131rmak\u00a0ba\u015fkanl\u0131\u011f\u0131nda toplanan \u0130dari, Kamu ve Sa\u011fl\u0131k \u0130\u015fleri Komitesi toplant\u0131s\u0131na, Komite Ba\u015fkan Vekili\u00a0Filiz Besim, Komite \u00dcyesi\u00a0CTP\u00a0Milletvekili\u00a0Devrim Bar\u00e7\u0131n, Komite \u00dcyesi UBP Milletvekili\u00a0Ahmet Sava\u015fan\u00a0ve Komite \u00dcyesi UBP Milletvekili\u00a0Ziya \u00d6zt\u00fcrkler\u00a0kat\u0131ld\u0131.<\/p>\n<p>Komite ilk olarak, g\u00fcndeminde bulunan \u201cAtat\u00fcrk \u00d6\u011fretmen Akademisi Kurulu\u015f (De\u011fi\u015fiklik) Yasa Tasar\u0131s\u0131\u201dn\u0131 ele ald\u0131 ve ikinci okunu\u015funu ger\u00e7ekle\u015ftirdi. Komite\u00a0 Yasa Tasar\u0131s\u0131\u2019n\u0131n ivedili\u011fi olmad\u0131\u011f\u0131ndan \u00fc\u00e7\u00fcnc\u00fc okunu\u015funu bir sonraki toplant\u0131s\u0131nda ger\u00e7ekle\u015ftirecek.<\/p>\n<p>Komite toplant\u0131s\u0131na davetli olarak, Mill\u00ee E\u011fitim Bakanl\u0131\u011f\u0131, Personel Dairesi, Atat\u00fcrk \u00d6\u011fretmen Akademisi ve KT\u00d6S\u2019ten yetkililer kat\u0131larak konu ile ilgili g\u00f6r\u00fc\u015flerini Komiteye sundu.<\/p>\n<p>Komite daha sonra g\u00fcndeminde yer alan \u201cYatakl\u0131 Tedavi Kurumlar\u0131 Dairesi (Kurulu\u015f, G\u00f6rev ve \u00c7al\u0131\u015fma Esaslar\u0131)(De\u011fi\u015fiklik) Yasa Tasar\u0131s\u0131\u201dn\u0131 g\u00f6r\u00fc\u015ft\u00fc ve \u00fc\u00e7\u00fcnc\u00fc okunu\u015funu tamamlayarak oy birli\u011fi ile Genel Kurul\u2019un g\u00fcndemine sevk etti.<\/p>\n<p>Komite toplant\u0131s\u0131na davetli olarak, Sa\u011fl\u0131k Bakanl\u0131\u011f\u0131\u2019ndan yetkililer kat\u0131larak konu ile ilgili g\u00f6r\u00fc\u015flerini Komiteye sundu.<\/p>\n<p>Komite son olarak g\u00fcndeminde bulunan \u201cTasdik Memurlar\u0131 Yasa Tasar\u0131s\u0131\u201dn\u0131n madde madde g\u00f6r\u00fc\u015fmesini tamamlad\u0131. Komite bahse konu Yasa Tasar\u0131s\u0131 ile ilgili \u00e7al\u0131\u015fmalar\u0131na bir sonraki toplant\u0131s\u0131nda devam edecek.<\/p>\n<p>Komite toplant\u0131s\u0131na davetli olarak, Maliye Bakanl\u0131\u011f\u0131, K\u0131br\u0131s T\u00fcrk Barolar Birli\u011fi ve K\u0131br\u0131s T\u00fcrk Tasdik Memurlar\u0131 Derne\u011fi\u2019nden yetkililer kat\u0131larak konu ile ilgili g\u00f6r\u00fc\u015flerini\u00a0 sundu<\/p>\n","protected":false},"excerpt":{"rendered":"<p>Cumhuriyet Meclisi, \u0130dari, Kamu ve Sa\u011fl\u0131k \u0130\u015fleri Komitesi, \u201cAtat\u00fcrk \u00d6\u011fretmen Akademisi Kurulu\u015f (De\u011fi\u015fiklik) Yasa Tasar\u0131s\u0131\u201d, \u201cYatakl\u0131 Tedavi Kurumlar\u0131 Dairesi (Kurulu\u015f, G\u00f6rev ve \u00c7al\u0131\u015fma Esaslar\u0131)(De\u011fi\u015fiklik) Yasa Tasar\u0131s\u0131\u201d, ve \u201cTasdik Memurlar\u0131 Yasa Tasar\u0131s\u0131\u201dn\u0131 ele ald\u0131. Cumhuriyet Meclisi, \u0130dari, Kamu ve Sa\u011fl\u0131k \u0130\u015fleri Komitesi bug\u00fcn saat 10.00\u2019da topland\u0131. Meclis Bas\u0131n B\u00fcrosu\u2019ndan yap\u0131lan a\u00e7\u0131klamaya g\u00f6re Komite, g\u00fcndeminde bulunan \u201cAtat\u00fcrk [&hellip;]<\/p>\n","protected":false},"author":1,"featured_media":15887,"comment_status":"open","ping_status":"open","sticky":false,"template":"","format":"standard","meta":{"_monsterinsights_skip_tracking":false,"_monsterinsights_sitenote_active":false,"_monsterinsights_sitenote_note":"","_monsterinsights_sitenote_category":0,"footnotes":""},"categories":[102],"tags":[],"class_list":["post-15886","post","type-post","status-publish","format-standard","has-post-thumbnail","hentry","category-haberler"],"aioseo_notices":[],"_links":{"self":[{"href":"https:\/\/ahmetsavasan.com\/tr_tr\/wp-json\/wp\/v2\/posts\/15886","targetHints":{"allow":["GET"]}}],"collection":[{"href":"https:\/\/ahmetsavasan.com\/tr_tr\/wp-json\/wp\/v2\/posts"}],"about":[{"href":"https:\/\/ahmetsavasan.com\/tr_tr\/wp-json\/wp\/v2\/types\/post"}],"author":[{"embeddable":true,"href":"https:\/\/ahmetsavasan.com\/tr_tr\/wp-json\/wp\/v2\/users\/1"}],"replies":[{"embeddable":true,"href":"https:\/\/ahmetsavasan.com\/tr_tr\/wp-json\/wp\/v2\/comments?post=15886"}],"version-history":[{"count":0,"href":"https:\/\/ahmetsavasan.com\/tr_tr\/wp-json\/wp\/v2\/posts\/15886\/revisions"}],"wp:featuredmedia":[{"embeddable":true,"href":"https:\/\/ahmetsavasan.com\/tr_tr\/wp-json\/wp\/v2\/media\/15887"}],"wp:attachment":[{"href":"https:\/\/ahmetsavasan.com\/tr_tr\/wp-json\/wp\/v2\/media?parent=15886"}],"wp:term":[{"taxonomy":"category","embeddable":true,"href":"https:\/\/ahmetsavasan.com\/tr_tr\/wp-json\/wp\/v2\/categories?post=15886"},{"taxonomy":"post_tag","embeddable":true,"href":"https:\/\/ahmetsavasan.com\/tr_tr\/wp-json\/wp\/v2\/tags?post=15886"}],"curies":[{"name":"wp","href":"https:\/\/api.w.org\/{rel}","templated":true}]}}