{"id":15892,"date":"2024-04-24T12:25:57","date_gmt":"2024-04-24T12:25:57","guid":{"rendered":"https:\/\/www.ahmetsavasan.biz\/?p=15892"},"modified":"2025-08-29T11:57:34","modified_gmt":"2025-08-29T11:57:34","slug":"ubp-lefkosa-ilcesinin-duzenledigi-23-nisan-senligi-buyuk-ilgi-gordu","status":"publish","type":"post","link":"https:\/\/ahmetsavasan.com\/tr_tr\/ubp-lefkosa-ilcesinin-duzenledigi-23-nisan-senligi-buyuk-ilgi-gordu\/","title":{"rendered":"UBP Lefko\u015fa \u0130l\u00e7esi&#8217;nin D\u00fczenledi\u011fi 23 Nisan \u015eenli\u011fi B\u00fcy\u00fck \u0130lgi G\u00f6rd\u00fc"},"content":{"rendered":"<p>23 Nisan Ulusal Egemenlik ve \u00c7ocuk Bayram\u0131 etkinlikleri kapsam\u0131nda, UBP Lefko\u015fa \u0130l\u00e7e Ba\u015fkanl\u0131\u011f\u0131 Kad\u0131n Kollar\u0131&#8217;n\u0131n, Surlari\u00e7i&#8217;nde d\u00fczenledi\u011fi \u015f\u00f6len b\u00fcy\u00fck ilgi g\u00f6rd\u00fc.<\/p>\n<p>UBP Lefko\u015fa \u0130l\u00e7e Ba\u015fkanl\u0131\u011f\u0131 Kad\u0131n Kollar\u0131, 23 Nisan Ulusal Egemenlik ve \u00c7ocuk Bayram\u0131 etkinlikleri kapsam\u0131nda Lefko\u015fa\u2019n\u0131n d\u00f6rt bir yan\u0131ndan y\u00fczlerce \u00e7ocuk ve ailenin kat\u0131l\u0131m\u0131 ile Surlari\u00e7i&#8217;nde \u015f\u00f6len d\u00fczenledi.<\/p>\n<p><img fetchpriority=\"high\" decoding=\"async\" class=\"alignnone wp-image-15894 size-full\" src=\"https:\/\/www.ahmetsavasan.biz\/wp-content\/uploads\/2024\/06\/12.1.jpg\" alt=\"\" width=\"971\" height=\"551\" srcset=\"https:\/\/ahmetsavasan.com\/wp-content\/uploads\/2024\/06\/12.1.jpg 971w, https:\/\/ahmetsavasan.com\/wp-content\/uploads\/2024\/06\/12.1-300x170.jpg 300w, https:\/\/ahmetsavasan.com\/wp-content\/uploads\/2024\/06\/12.1-768x436.jpg 768w\" sizes=\"(max-width: 971px) 100vw, 971px\" \/><\/p>\n<p>Meclis Ba\u015fkan\u0131\u00a0Zorlu T\u00f6re, UBP Milletvekilleri, Belediye Meclis \u00dcyeleri, \u0130l\u00e7e Y\u00f6netim Kurulu \u00dcyeleri, \u00d6rg\u00fct Ba\u015fkanlar\u0131 yan\u0131 s\u0131ra gen\u00e7lik ve kad\u0131n kollar\u0131 temsilcilerinin de kat\u0131ld\u0131\u011f\u0131 \u015f\u00f6lende, \u00e7ocuklar i\u00e7in tasarlanm\u0131\u015f yarat\u0131c\u0131 at\u00f6lye \u00e7al\u0131\u015fmalar\u0131 ve oyunlar, y\u00fcz boyama, m\u00fczikli performanslar ve dans g\u00f6sterileri ile yar\u0131\u015fmalar yap\u0131ld\u0131. \u015e\u00f6lende ayr\u0131ca \u00e7ocuklar i\u00e7in \u00f6zel haz\u0131rlanan hediye paketleri de da\u011f\u0131t\u0131ld\u0131.<\/p>\n<p><strong>&#8220;\u00c7OCUKLARIN NE\u015eES\u0130\u00a0GELECE\u011eE OLAN UMUDUMUZU YE\u015eERT\u0130YOR\u2026&#8221;<\/strong><\/p>\n<p>Lefko\u015fa \u0130l\u00e7e Ba\u015fkan\u0131, UBP Milletvekili Dr.\u00a0Ahmet Sava\u015fan\u00a0etkinlikte yapt\u0131\u011f\u0131 konu\u015fmada Atat\u00fcrk&#8217;\u00fcn \u00e7ocuklara arma\u011fan etti\u011fi bu anlaml\u0131 g\u00fcn\u00fcn, ulusal egemenlik bilincinin yan\u0131 s\u0131ra \u00e7ocuklar\u0131n ki\u015fisel ve sosyal geli\u015fimine de katk\u0131da bulunmak i\u00e7in \u00f6nemli bir f\u0131rsat oldu\u011funa dikkat \u00e7ekti. Sava\u015fan, &#8220;Bug\u00fcn burada, Gazi Mustafa Kemal Atat\u00fcrk&#8217;\u00fcn bizlere emaneti olan \u00e7ocuklar\u0131m\u0131z\u0131n ne\u015fesiyle dolup ta\u015fan \u015f\u00f6len alan\u0131m\u0131z, gelece\u011fe olan umudumuzu bir kez daha ye\u015fertiyor&#8221; diye konu\u015ftu.<\/p>\n<p><img decoding=\"async\" class=\"alignnone wp-image-15895 size-full\" src=\"https:\/\/www.ahmetsavasan.biz\/wp-content\/uploads\/2024\/06\/12.2.jpg\" alt=\"\" width=\"971\" height=\"551\" \/><\/p>\n<p><strong>&#8220;BU G\u0130B\u0130 ETK\u0130NL\u0130KLER\u00a0ULUSAL EGEMENLIK VE DEMOKRASI BILINCI PEKI\u015eTIR\u0130YOR\u2026&#8221;<\/strong><\/p>\n<p>Bu anlaml\u0131 g\u00fcnde, Lefko\u015fa&#8217;n\u0131n d\u00f6rt bir yan\u0131ndan gelen \u00e7ocuklar\u0131n y\u00fczlerindeki mutlulu\u011fun, umut ve co\u015fkunun, Atat\u00fcrk&#8217;\u00fcn \u00e7ocuklara olan inanc\u0131n\u0131n ne kadar de\u011ferli oldu\u011funu bir kez daha hat\u0131rlatt\u0131\u011f\u0131na i\u015faret eden\u00a0Ahmet Sava\u015fan, \u201cbu kutlamalar, hem \u00e7ocuklar\u0131m\u0131z\u0131n hem de yeti\u015fkinlerin, ulusal egemenlik ve demokrasi bilinci yan\u0131 s\u0131ra toplumsal birlik ve beraberlik duygular\u0131n\u0131n peki\u015fmesine de katk\u0131da bulunuyor\u201d dedi.<\/p>\n<p><img decoding=\"async\" class=\"alignnone wp-image-15896 size-full\" src=\"https:\/\/www.ahmetsavasan.biz\/wp-content\/uploads\/2024\/06\/12.3.jpg\" alt=\"\" width=\"971\" height=\"551\" srcset=\"https:\/\/ahmetsavasan.com\/wp-content\/uploads\/2024\/06\/12.3.jpg 971w, https:\/\/ahmetsavasan.com\/wp-content\/uploads\/2024\/06\/12.3-300x170.jpg 300w, https:\/\/ahmetsavasan.com\/wp-content\/uploads\/2024\/06\/12.3-768x436.jpg 768w\" sizes=\"(max-width: 971px) 100vw, 971px\" \/><\/p>\n<p><strong>&#8220;UBP 23 N\u0130SAN \u015eENL\u0130\u011e\u0130 GELENEKSELLE\u015eT\u0130R\u0130LECEK\u2026&#8221;<\/strong><\/p>\n<p>Lefko\u015fa \u0130l\u00e7e Ba\u015fkan\u0131, UBP Milletvekili Dr.\u00a0Ahmet Sava\u015fan, konu\u015fmas\u0131n\u0131n sonunda, \u015f\u00f6leni organize eden kad\u0131n kollar\u0131 ba\u015fta olmak \u00fczere, sponsorlara, organizasyonda eme\u011fi ge\u00e7enlere, \u00e7ocuklara, ailelere ve g\u00f6n\u00fcll\u00fclere minnettarl\u0131\u011f\u0131n\u0131 ifade etti. Sava\u015fan hedeflerinin bu \u00f6zel \u015f\u00f6leni, gelenekselle\u015ftirerek devam ettirmek ve her ge\u00e7en y\u0131l daha da b\u00fcy\u00fcterek \u00e7ocuklara ve ailelerine unutulmaz an\u0131lar ya\u015fatmak oldu\u011funu s\u00f6yledi.<\/p>\n","protected":false},"excerpt":{"rendered":"<p>23 Nisan Ulusal Egemenlik ve \u00c7ocuk Bayram\u0131 etkinlikleri kapsam\u0131nda, UBP Lefko\u015fa \u0130l\u00e7e Ba\u015fkanl\u0131\u011f\u0131 Kad\u0131n Kollar\u0131&#8217;n\u0131n, Surlari\u00e7i&#8217;nde d\u00fczenledi\u011fi \u015f\u00f6len b\u00fcy\u00fck ilgi g\u00f6rd\u00fc. UBP Lefko\u015fa \u0130l\u00e7e Ba\u015fkanl\u0131\u011f\u0131 Kad\u0131n Kollar\u0131, 23 Nisan Ulusal Egemenlik ve \u00c7ocuk Bayram\u0131 etkinlikleri kapsam\u0131nda Lefko\u015fa\u2019n\u0131n d\u00f6rt bir yan\u0131ndan y\u00fczlerce \u00e7ocuk ve ailenin kat\u0131l\u0131m\u0131 ile Surlari\u00e7i&#8217;nde \u015f\u00f6len d\u00fczenledi. Meclis Ba\u015fkan\u0131\u00a0Zorlu T\u00f6re, UBP Milletvekilleri, Belediye [&hellip;]<\/p>\n","protected":false},"author":1,"featured_media":15893,"comment_status":"open","ping_status":"open","sticky":false,"template":"","format":"standard","meta":{"_monsterinsights_skip_tracking":false,"_monsterinsights_sitenote_active":false,"_monsterinsights_sitenote_note":"","_monsterinsights_sitenote_category":0,"footnotes":""},"categories":[140],"tags":[],"class_list":["post-15892","post","type-post","status-publish","format-standard","has-post-thumbnail","hentry","category-chtc"],"aioseo_notices":[],"_links":{"self":[{"href":"https:\/\/ahmetsavasan.com\/tr_tr\/wp-json\/wp\/v2\/posts\/15892","targetHints":{"allow":["GET"]}}],"collection":[{"href":"https:\/\/ahmetsavasan.com\/tr_tr\/wp-json\/wp\/v2\/posts"}],"about":[{"href":"https:\/\/ahmetsavasan.com\/tr_tr\/wp-json\/wp\/v2\/types\/post"}],"author":[{"embeddable":true,"href":"https:\/\/ahmetsavasan.com\/tr_tr\/wp-json\/wp\/v2\/users\/1"}],"replies":[{"embeddable":true,"href":"https:\/\/ahmetsavasan.com\/tr_tr\/wp-json\/wp\/v2\/comments?post=15892"}],"version-history":[{"count":1,"href":"https:\/\/ahmetsavasan.com\/tr_tr\/wp-json\/wp\/v2\/posts\/15892\/revisions"}],"predecessor-version":[{"id":20200,"href":"https:\/\/ahmetsavasan.com\/tr_tr\/wp-json\/wp\/v2\/posts\/15892\/revisions\/20200"}],"wp:featuredmedia":[{"embeddable":true,"href":"https:\/\/ahmetsavasan.com\/tr_tr\/wp-json\/wp\/v2\/media\/15893"}],"wp:attachment":[{"href":"https:\/\/ahmetsavasan.com\/tr_tr\/wp-json\/wp\/v2\/media?parent=15892"}],"wp:term":[{"taxonomy":"category","embeddable":true,"href":"https:\/\/ahmetsavasan.com\/tr_tr\/wp-json\/wp\/v2\/categories?post=15892"},{"taxonomy":"post_tag","embeddable":true,"href":"https:\/\/ahmetsavasan.com\/tr_tr\/wp-json\/wp\/v2\/tags?post=15892"}],"curies":[{"name":"wp","href":"https:\/\/api.w.org\/{rel}","templated":true}]}}