{"id":16133,"date":"2023-11-26T10:19:26","date_gmt":"2023-11-26T10:19:26","guid":{"rendered":"https:\/\/www.ahmetsavasan.biz\/?p=16133"},"modified":"2023-11-26T10:19:26","modified_gmt":"2023-11-26T10:19:26","slug":"basbakan-ustel-dunyayla-kucaklasmada-kapiyi-araladik","status":"publish","type":"post","link":"https:\/\/ahmetsavasan.com\/tr_tr\/basbakan-ustel-dunyayla-kucaklasmada-kapiyi-araladik\/","title":{"rendered":"Ba\u015fbakan \u00dcstel: D\u00fcnyayla Kucakla\u015fmada Kap\u0131y\u0131 Aralad\u0131k"},"content":{"rendered":"<p>Ba\u015fbakan \u00dcnal \u00dcstel, Minarelik\u00f6y ve Gazik\u00f6y ziyaretleri s\u0131ras\u0131nda yapt\u0131\u011f\u0131 a\u00e7\u0131klamada, \u201cD\u00fcnyayla kucakla\u015fmada kap\u0131y\u0131 aralad\u0131k\u201d dedi.<\/p>\n<p>Ulusal Birlik Partisi (UBP) Genel Ba\u015fkan\u0131 ve Ba\u015fbakan\u00a0\u00dcnal \u00dcstel, b\u00f6lge ziyaretlerine Minarelik\u00f6y ve Gazik\u00f6y ile devam etti.<\/p>\n<p>Cumhuriyet Meclisi Ba\u015fkan\u0131\u00a0Zorlu T\u00f6re, \u0130\u00e7i\u015fleri Bakan\u0131\u00a0Dursun O\u011fuz, \u00c7al\u0131\u015fma ve Sosyal G\u00fcvenlik Bakan\u0131\u00a0Sad\u0131k Gardiyano\u011flu, UBP Genel Sekreteri\u00a0O\u011fuzhan Hasipo\u011flu, Lefko\u015fa \u0130l\u00e7e Ba\u015fkan\u0131 ve Milletvekili\u00a0Ahmet Sava\u015fan\u00a0ve partinin b\u00f6lge yetkililerinin de haz\u0131r bulundu\u011fu ziyaretlere vatanda\u015flar yo\u011fun ilgi g\u00f6sterdi.<\/p>\n<p><img fetchpriority=\"high\" decoding=\"async\" class=\"alignnone wp-image-16135 size-full\" src=\"https:\/\/ahmetsavasan.com\/wp-content\/uploads\/2024\/06\/64.1.jpg\" alt=\"\" width=\"971\" height=\"551\" \/><\/p>\n<p>\u00dcstel, verdi\u011fi mesajlarda, birlik ve beraberli\u011fi s\u00fcrd\u00fcrerek istikrar\u0131 sa\u011flaman\u0131n \u00f6nemine vurgu yapt\u0131.<\/p>\n<p>\u00dcstel, \u201cBizim derdimiz KKTC. Bizim derdimiz, \u00f6v\u00fcnmekle gurur duydu\u011fumuz devletimizi ya\u015fatmakt\u0131r. Kararl\u0131l\u0131kla yolumuza devam edece\u011fiz. Kimse bizi yolumuzdan d\u00f6nd\u00fcremez\u201d dedi.<\/p>\n<p>T\u00fcrkiye Cumhurba\u015fkan\u0131 Recep Tayyip Erdo\u011fan\u2019\u0131n, BM\u2019de yapt\u0131\u011f\u0131 tarihi \u00e7a\u011fr\u0131 sonras\u0131 art\u0131k yeni bir yola girdiklerini vurgulayan \u00dcstel, \u201cYeni yolumuzda kap\u0131 a\u00e7\u0131ld\u0131. Kap\u0131y\u0131 arald\u0131k. \u0130leriye, daha ileriye y\u00fcr\u00fcyece\u011fiz. D\u00fcnyayla kucakla\u015fmada, tan\u0131nmada ileriye do\u011fru gidiyoruz. Bizimle turizm, ekonomi, k\u00fclt\u00fcrel ve sportif her t\u00fcrl\u00fc i\u015f birli\u011fi yapmak isteyen \u00fclkelerle i\u015f birli\u011fimizi geli\u015ftirece\u011fiz. Her platformda konu\u015fmaya, sesimizi duyurmaya devam edece\u011fiz&#8221; diye de konu\u015ftu.<\/p>\n<p><img decoding=\"async\" class=\"alignnone wp-image-16136 size-full\" src=\"https:\/\/ahmetsavasan.com\/wp-content\/uploads\/2024\/06\/64.2.jpg\" alt=\"\" width=\"971\" height=\"551\" \/><\/p>\n<p><strong>\u201cSEKT\u00d6RLER\u0130M\u0130Z\u0130 G\u00dc\u00c7LEND\u0130RECE\u011e\u0130Z\u201d<\/strong><\/p>\n<p>\u00dcstel ayr\u0131ca, &#8220;Daha \u00e7a\u011fda\u015f, daha modern, \u00e7a\u011f\u0131n gerisinde kalmadan, t\u00fcm sekt\u00f6rlerimizi daha g\u00fc\u00e7l\u00fc hale getirece\u011fiz. Gerekirse proje gerekirse yasalarla sekt\u00f6rlerimizi haz\u0131r hale getirece\u011fiz. Gerekti\u011finde h\u00fck\u00fcmetimiz her zaman ki gibi elini ta\u015f\u0131n alt\u0131na koyacak. D\u00fc\u015f\u00fck faizli kredi paketleriyle, hibelerle sekt\u00f6rlerimiz i\u00e7in, yeni yolumuzda g\u00fc\u00e7l\u00fc k\u0131lmak i\u00e7in, d\u00fcnyayla rekabet edecek g\u00fcce eri\u015fmeleri i\u00e7in elimizden ne gelirse yapaca\u011f\u0131z. Biz \u00e7al\u0131\u015ft\u0131k\u00e7a \u00fcrettik\u00e7e, halk\u0131m\u0131z\u0131n takdirini ald\u0131k\u00e7a birileri rahats\u0131z oluyor. Sadece ele\u015ftiriyor ama biz yolumuza devam ediyoruz&#8221; ifadelerini de kulland\u0131.<\/p>\n<p>\u00dcstel, K\u0131br\u0131s\u2019ta federasyon hayalleri ile zaman kayb\u0131n\u0131n sona erdi\u011fini, egemen e\u015fitlik politikas\u0131yla K\u0131br\u0131s T\u00fcrk Halk\u0131n\u0131 d\u00fcnya ile kucakla\u015ft\u0131rma hedefine ad\u0131m ad\u0131m y\u00fcr\u00fcd\u00fcklerini de kaydetti.<\/p>\n<p><img decoding=\"async\" class=\"alignnone wp-image-16137 size-full\" src=\"https:\/\/ahmetsavasan.com\/wp-content\/uploads\/2024\/06\/64.3.jpg\" alt=\"\" width=\"971\" height=\"551\" \/><\/p>\n<p><strong>\u201cTAR\u0130HTE \u0130LKLER\u0130 GER\u00c7EKLE\u015eT\u0130RD\u0130K\u201d<\/strong><\/p>\n<p>Global krizlere ra\u011fmen sekt\u00f6rlere sosyal prim deste\u011fi ba\u015fta olmak \u00fczere her t\u00fcrl\u00fc deste\u011fi vermekte olduklar\u0131na i\u015faret eden \u00dcstel, gen\u00e7lerin b\u00fcy\u00fck ilgi g\u00f6sterdi\u011fi ilk evim kredisine ek olarak yeni kredi paketini de a\u00e7\u0131klayacaklar\u0131 m\u00fcjdesini verdi.<\/p>\n<p>\u00dcstel,\u201d Tarihte ilk defa \u00e7ift\u00e7imize, hayvan \u00fcreticimize b\u00fcy\u00fck te\u015fvikler veriyoruz. S\u0131f\u0131r faizli arpa deste\u011fi veriyoruz. Enerji alan\u0131nda, y\u0131llarca s\u00fcren, rafa kald\u0131r\u0131lan kablo ile elektrik sorunu \u00e7\u00f6zmeye ba\u015flad\u0131k. Fizibilite \u00e7al\u0131\u015fmalar\u0131 yak\u0131nda bitecek. En ge\u00e7 5 y\u0131l i\u00e7inde kablo ile elektrik projesi hayata ge\u00e7ecek\u201d ifadelerini de kulland\u0131.<\/p>\n<p><img loading=\"lazy\" decoding=\"async\" class=\"alignnone wp-image-16138 size-full\" src=\"https:\/\/ahmetsavasan.com\/wp-content\/uploads\/2024\/06\/64.4.jpg\" alt=\"\" width=\"971\" height=\"551\" \/><\/p>\n<p><strong>\u201cP\u0130LE YOLU B\u0130TECEK!\u201d<\/strong><\/p>\n<p>Pile yolu konusunda da \u00f6nemli mesajlar veren \u00dcstel, &#8220;Ayak oyunlar\u0131yla Pile\u2019de ara b\u00f6lgede Rumlar i\u00e7in istimlak kolayla\u015ft\u0131r\u0131ld\u0131. Ses \u00e7\u0131kar\u0131lmad\u0131. BM de sesini \u00e7\u0131karmad\u0131. \u0130nsan\u0131m\u0131z i\u00e7in ge\u00e7i\u015f zorla\u015ft\u0131. Bug\u00fcne kadar \u00e7ok zorlu bir s\u00fcre\u00e7 ya\u015fand\u0131. \u0130nsan\u0131m\u0131z evine gidemez oldu. Biz ara b\u00f6lgede yol yap\u0131m\u0131na ba\u015flad\u0131k. Ara b\u00f6lgede parselasyon yapmaya ba\u015flad\u0131lar. Bu yolu yapaca\u011f\u0131z. Sab\u0131rla bitirece\u011fiz. Bizler de Anavatan T\u00fcrkiye Cumhuriyeti de bu konuda\u00a0 kararl\u0131d\u0131r\u201d dedi.<\/p>\n<p><strong>\u201cVARSIN RAHATSIZ OLSUNLAR&#8230;\u201d<\/strong><\/p>\n<p>\u00dcstel \u015funlar\u0131 da kaydetti:<\/p>\n<p><em>&#8220;Devletimize sahip \u00e7\u0131kaca\u011f\u0131z, \u00e7ocuklar\u0131m\u0131za, gen\u00e7lerimize sahip \u00e7\u0131kaca\u011f\u0131z. Gen\u00e7lerimizi yeni sosyal konutlara kavu\u015fturaca\u011f\u0131z, onlar\u0131 ev sahibi yapaca\u011f\u0131z.\u00a0 Bu a\u00e7\u0131l\u0131mlara, yerel reformlara, teknoloji, fiber optik ad\u0131mlar\u0131m\u0131za, halk\u0131m\u0131z\u0131n da deste\u011finin, takdirinin her ge\u00e7en g\u00fcn artt\u0131\u011f\u0131n\u0131 g\u00f6r\u00fcyoruz. Vars\u0131n birileri bu destekten rahats\u0131z olsun. Biz halk\u0131m\u0131za, onlar\u0131n d\u00fc\u015f\u00fcncelerine bak\u0131yoruz&#8230;Biz g\u00fcc\u00fcm\u00fcz\u00fc halk\u0131m\u0131zdan partimizden al\u0131yoruz. UBP\u2019ye, bu davaya inanan herkesle birlik beraberlik i\u00e7inde y\u00fcr\u00fcmeye devam edece\u011fiz.&#8221;<\/em><\/p>\n<p><img loading=\"lazy\" decoding=\"async\" class=\"alignnone wp-image-16139 size-full\" src=\"https:\/\/ahmetsavasan.com\/wp-content\/uploads\/2024\/06\/64.5.jpg\" alt=\"\" width=\"971\" height=\"551\" \/><\/p>\n<p><strong>\u201cDERD\u0130M\u0130Z KURULTAY DE\u011e\u0130L, \u00dcLKEM\u0130Z&#8230;\u201d<\/strong><\/p>\n<p>Kurultay\u0131n Eyl\u00fcl 2024\u2019te yap\u0131laca\u011f\u0131n\u0131 vurgulayan \u00dcstel, parti i\u00e7i isti\u015farelerin bu do\u011frultuda devam etti\u011fini s\u00f6yledi.<\/p>\n<p>\u00dcstel, \u201cBirileri, \u00fclke sorunlar\u0131n\u0131 bir kenara b\u0131rak\u0131p kurultay bask\u0131s\u0131 yaratmak istiyor. Birlik beraberli\u011fimizi bozmaya \u00e7al\u0131\u015fanlara izin vermeyece\u011fiz. Reformlar\u0131m\u0131za devam edece\u011fiz. Acil yasa \u00e7al\u0131\u015fmalar\u0131m\u0131za devam edece\u011fiz. Kurultay parti i\u00e7i bir konudur. G\u00fcn\u00fc gelince, kurultay\u0131m\u0131z\u0131 yapaca\u011f\u0131z. Kim isterse de aday olabilir. Sonu\u00e7ta takdir \u00fcyenindir. \u015eimdi b\u00fct\u00fcn bunlar\u0131 kenara koyal\u0131m. \u00c7al\u0131\u015fmaya devam edece\u011fiz. Bizim derdimiz kurultay de\u011fil, halk\u0131m\u0131zd\u0131r. H\u00fck\u00fcmet olarak, 29 milletvekili ile\u00a0 \u00fclkemize hizmet etmeye devam edece\u011fiz\u2019\u201d \u015feklinde de konu\u015ftu.<\/p>\n<p><strong>\u00dcstel s\u00f6zlerini \u015f\u00f6yle noktalad\u0131:<\/strong><\/p>\n<p><em>&#8220;Her gitti\u011fimiz b\u00f6lgede insan\u0131m\u0131z\u0131n yo\u011fun ilgisi ve s\u0131cak sevgisiyle kar\u015f\u0131la\u015f\u0131yoruz.\u00a0 Bug\u00fcn de Minarelik\u00f6y\u2019de, Gazik\u00f6y&#8217;de insan\u0131m\u0131z\u0131n yo\u011fun ilgisini g\u00f6rd\u00fck. Sizler i\u00e7in durmayaca\u011f\u0131z, \u00e7al\u0131\u015faca\u011f\u0131z,\u00a0 birli\u011fimizi beraberli\u011fimizi koruyaca\u011f\u0131z.\u00a0 Ulusal birli\u011fimizle g\u00fcc\u00fcm\u00fcze g\u00fc\u00e7 kataca\u011f\u0131z.&#8221;<\/em><\/p>\n<p>&nbsp;<\/p>\n","protected":false},"excerpt":{"rendered":"<p>Ba\u015fbakan \u00dcnal \u00dcstel, Minarelik\u00f6y ve Gazik\u00f6y ziyaretleri s\u0131ras\u0131nda yapt\u0131\u011f\u0131 a\u00e7\u0131klamada, \u201cD\u00fcnyayla kucakla\u015fmada kap\u0131y\u0131 aralad\u0131k\u201d dedi. Ulusal Birlik Partisi (UBP) Genel Ba\u015fkan\u0131 ve Ba\u015fbakan\u00a0\u00dcnal \u00dcstel, b\u00f6lge ziyaretlerine Minarelik\u00f6y ve Gazik\u00f6y ile devam etti. Cumhuriyet Meclisi Ba\u015fkan\u0131\u00a0Zorlu T\u00f6re, \u0130\u00e7i\u015fleri Bakan\u0131\u00a0Dursun O\u011fuz, \u00c7al\u0131\u015fma ve Sosyal G\u00fcvenlik Bakan\u0131\u00a0Sad\u0131k Gardiyano\u011flu, UBP Genel Sekreteri\u00a0O\u011fuzhan Hasipo\u011flu, Lefko\u015fa \u0130l\u00e7e Ba\u015fkan\u0131 ve Milletvekili\u00a0Ahmet Sava\u015fan\u00a0ve [&hellip;]<\/p>\n","protected":false},"author":1,"featured_media":17034,"comment_status":"open","ping_status":"open","sticky":false,"template":"","format":"standard","meta":{"_monsterinsights_skip_tracking":false,"_monsterinsights_sitenote_active":false,"_monsterinsights_sitenote_note":"","_monsterinsights_sitenote_category":0,"footnotes":""},"categories":[102],"tags":[],"class_list":["post-16133","post","type-post","status-publish","format-standard","has-post-thumbnail","hentry","category-haberler"],"aioseo_notices":[],"_links":{"self":[{"href":"https:\/\/ahmetsavasan.com\/tr_tr\/wp-json\/wp\/v2\/posts\/16133","targetHints":{"allow":["GET"]}}],"collection":[{"href":"https:\/\/ahmetsavasan.com\/tr_tr\/wp-json\/wp\/v2\/posts"}],"about":[{"href":"https:\/\/ahmetsavasan.com\/tr_tr\/wp-json\/wp\/v2\/types\/post"}],"author":[{"embeddable":true,"href":"https:\/\/ahmetsavasan.com\/tr_tr\/wp-json\/wp\/v2\/users\/1"}],"replies":[{"embeddable":true,"href":"https:\/\/ahmetsavasan.com\/tr_tr\/wp-json\/wp\/v2\/comments?post=16133"}],"version-history":[{"count":0,"href":"https:\/\/ahmetsavasan.com\/tr_tr\/wp-json\/wp\/v2\/posts\/16133\/revisions"}],"wp:featuredmedia":[{"embeddable":true,"href":"https:\/\/ahmetsavasan.com\/tr_tr\/wp-json\/wp\/v2\/media\/17034"}],"wp:attachment":[{"href":"https:\/\/ahmetsavasan.com\/tr_tr\/wp-json\/wp\/v2\/media?parent=16133"}],"wp:term":[{"taxonomy":"category","embeddable":true,"href":"https:\/\/ahmetsavasan.com\/tr_tr\/wp-json\/wp\/v2\/categories?post=16133"},{"taxonomy":"post_tag","embeddable":true,"href":"https:\/\/ahmetsavasan.com\/tr_tr\/wp-json\/wp\/v2\/tags?post=16133"}],"curies":[{"name":"wp","href":"https:\/\/api.w.org\/{rel}","templated":true}]}}