{"id":16189,"date":"2023-11-06T10:03:44","date_gmt":"2023-11-06T10:03:44","guid":{"rendered":"https:\/\/www.ahmetsavasan.biz\/?p=16189"},"modified":"2025-08-29T12:09:17","modified_gmt":"2025-08-29T12:09:17","slug":"ahmet-savasan-saglik-turizmi-en-yuksek-hizla-buyuyen-sektorlerden-biri-haline-geldi","status":"publish","type":"post","link":"https:\/\/ahmetsavasan.com\/tr_tr\/ahmet-savasan-saglik-turizmi-en-yuksek-hizla-buyuyen-sektorlerden-biri-haline-geldi\/","title":{"rendered":"Ahmet Sava\u015fan: Sa\u011fl\u0131k Turizmi En Y\u00fcksek H\u0131zla B\u00fcy\u00fcyen Sekt\u00f6rlerden Biri Haline Geldi"},"content":{"rendered":"<p>Antalya\u2019da ger\u00e7ekle\u015fen uluslararas\u0131 organizasyonda konu\u015fan D\u00fcnya Sa\u011fl\u0131k Turizmi Konseyi Ba\u015fkan\u0131, Milletvekili Dr. Ahmet Sava\u015fan, sa\u011fl\u0131k turizminin d\u00fcnya genelindeki hacminin 500 milyar dolar\u0131 a\u015farak en y\u00fcksek h\u0131zla b\u00fcy\u00fcyen sekt\u00f6rlerden biri haline geldi\u011fine dikkat \u00e7ekti.<\/p>\n<p>Otuz be\u015f \u00fclkeden yirmi be\u015f bin turizm profesyoneli ve alt\u0131 y\u00fcz\u00fcn \u00fczerinde markay\u0131 bir araya getiren uluslararas\u0131 Antalya Turizm Fuar\u0131 kapsam\u0131nda konusunda uzman konu\u015fmac\u0131lar\u0131n kat\u0131l\u0131m\u0131yla ger\u00e7ekle\u015fen panellerde \u201cSa\u011fl\u0131k Turizmi Nas\u0131l Geli\u015fir\u201d, \u201cTurizmde Yapay Zeka Uygulamalar\u0131\u201d, \u201cDestinasyon ve Kriz Y\u00f6netimi\u201d, \u201cOtellerde Dijital Misafir Deneyimi\u201d gibi pek \u00e7ok \u00f6nemli konu tart\u0131\u015f\u0131ld\u0131.<\/p>\n<p><img fetchpriority=\"high\" decoding=\"async\" class=\"alignnone wp-image-16191 size-full\" src=\"https:\/\/ahmetsavasan.com\/wp-content\/uploads\/2024\/07\/76.1.jpg\" alt=\"\" width=\"971\" height=\"551\" \/><\/p>\n<p><strong>\u201cYASAL \u00c7ER\u00c7EVE, ALTYAPI VE AKRED\u0130TASYONUN BEL\u0130RLEY\u0130C\u0130 \u00d6NEM\u0130 VAR\u201d<\/strong><\/p>\n<p>\u201cSa\u011fl\u0131k Turizmi Nas\u0131l Geli\u015fir?\u201d panelinde konu\u015fan D\u00fcnya Sa\u011fl\u0131k Turizmi Konseyi Ba\u015fkan\u0131, Milletvekili Dr.\u00a0Ahmet Sava\u015fan, sa\u011fl\u0131k turizminin geli\u015febilmesinde; sa\u011fl\u0131k hizmeti sunan kurumlar\u0131n say\u0131s\u0131n\u0131n, niteli\u011finin ve kapasitesinin artt\u0131r\u0131lmas\u0131 i\u00e7in \u201caltyap\u0131n\u0131n geli\u015ftirilmesi\u201dnin, sa\u011fl\u0131k turizmi sekt\u00f6r\u00fcnde \u00e7al\u0131\u015fanlar\u0131n e\u011fitiminin ve yeterlili\u011finin art\u0131r\u0131lmas\u0131 i\u00e7in \u201cakreditasyon ve sertifikasyon\u201dun yayg\u0131nla\u015ft\u0131r\u0131lmas\u0131n\u0131n, sa\u011fl\u0131k hizmetlerinde tercih edilebilmek i\u00e7in \u201crekabet\u00e7i fiyatland\u0131rma\u201d ile \u201cyasal \u00e7er\u00e7evenin belirlenmesi ve mevzuat\u0131n netle\u015ftirilmesi\u201dnin, talebi artt\u0131rmak i\u00e7in do\u011fru ve g\u00fcncel bilgiye dayal\u0131 hedef \u00fclkelerde \u201ctan\u0131t\u0131m ve pazarlama faaliyetleri yap\u0131lmas\u0131\u201d ve sa\u011fl\u0131k turistlerine uygun ko\u015fullarda \u201chavayolu ula\u015f\u0131m\u0131 ile kaliteli konaklama tesisleri sunulmas\u0131\u201dn\u0131n hayati \u00f6neme sahip oldu\u011funu anlatt\u0131.<\/p>\n<p><strong>SA\u011eLIK TUR\u0130ZM\u0130 8 SEKMENT\u0130 \u0130\u00c7ER\u0130YOR<\/strong><\/p>\n<p>Ahmet Sava\u015fan\u00a0konu\u015fmas\u0131nda ayr\u0131ca, uluslararas\u0131 alanda sa\u011fl\u0131k turizmi politikalar\u0131n\u0131n ilerletilmesinde, sorumlu sa\u011fl\u0131k turizminin savunulmas\u0131nda ve sa\u011fl\u0131k turizminin ekonomik b\u00fcy\u00fcme, kapsay\u0131c\u0131 kalk\u0131nma ve \u00e7evresel s\u00fcrd\u00fcr\u00fclebilirli\u011fe do\u011fru itici bir g\u00fc\u00e7 olarak te\u015fvik edilmesinde sekt\u00f6re liderlik ve destek sunan, 56 \u00fclkenin yer ald\u0131\u011f\u0131 \u00e7ok uluslu bir kurulu\u015f olan D\u00fcnya Sa\u011fl\u0131k Turizmi Konseyi\u2019nin (www.globalhtc.org) 2017\u2019de ger\u00e7ekle\u015ftirdi\u011fi Global Healthcare Travel Forum\u2019da Sa\u011fl\u0131k Turizmi\u2019nin sekiz segmenti kapsad\u0131\u011f\u0131n\u0131 kabul etti\u011fine dikkat \u00e7ekti. Sava\u015fan bu sekiz sekmentin sa\u011fl\u0131\u011f\u0131 koruma ve geli\u015ftirme yan\u0131 s\u0131ra sa\u011fl\u0131\u011f\u0131 geri kazanmay\u0131 da i\u00e7erecek \u015fekilde medikal, dental, spa ve termal, wellness, gastronomi ve sa\u011fl\u0131k beslenme, spor turizmi, engelsiz, ileri aktif ya\u015fam turizmi olarak belirlendi\u011fini s\u00f6yledi.<\/p>\n","protected":false},"excerpt":{"rendered":"<p>Antalya\u2019da ger\u00e7ekle\u015fen uluslararas\u0131 organizasyonda konu\u015fan D\u00fcnya Sa\u011fl\u0131k Turizmi Konseyi Ba\u015fkan\u0131, Milletvekili Dr. Ahmet Sava\u015fan, sa\u011fl\u0131k turizminin d\u00fcnya genelindeki hacminin 500 milyar dolar\u0131 a\u015farak en y\u00fcksek h\u0131zla b\u00fcy\u00fcyen sekt\u00f6rlerden biri haline geldi\u011fine dikkat \u00e7ekti. Otuz be\u015f \u00fclkeden yirmi be\u015f bin turizm profesyoneli ve alt\u0131 y\u00fcz\u00fcn \u00fczerinde markay\u0131 bir araya getiren uluslararas\u0131 Antalya Turizm Fuar\u0131 kapsam\u0131nda konusunda [&hellip;]<\/p>\n","protected":false},"author":1,"featured_media":16986,"comment_status":"open","ping_status":"open","sticky":false,"template":"","format":"standard","meta":{"_monsterinsights_skip_tracking":false,"_monsterinsights_sitenote_active":false,"_monsterinsights_sitenote_note":"","_monsterinsights_sitenote_category":0,"footnotes":""},"categories":[140],"tags":[],"class_list":["post-16189","post","type-post","status-publish","format-standard","has-post-thumbnail","hentry","category-chtc"],"aioseo_notices":[],"_links":{"self":[{"href":"https:\/\/ahmetsavasan.com\/tr_tr\/wp-json\/wp\/v2\/posts\/16189","targetHints":{"allow":["GET"]}}],"collection":[{"href":"https:\/\/ahmetsavasan.com\/tr_tr\/wp-json\/wp\/v2\/posts"}],"about":[{"href":"https:\/\/ahmetsavasan.com\/tr_tr\/wp-json\/wp\/v2\/types\/post"}],"author":[{"embeddable":true,"href":"https:\/\/ahmetsavasan.com\/tr_tr\/wp-json\/wp\/v2\/users\/1"}],"replies":[{"embeddable":true,"href":"https:\/\/ahmetsavasan.com\/tr_tr\/wp-json\/wp\/v2\/comments?post=16189"}],"version-history":[{"count":1,"href":"https:\/\/ahmetsavasan.com\/tr_tr\/wp-json\/wp\/v2\/posts\/16189\/revisions"}],"predecessor-version":[{"id":20234,"href":"https:\/\/ahmetsavasan.com\/tr_tr\/wp-json\/wp\/v2\/posts\/16189\/revisions\/20234"}],"wp:featuredmedia":[{"embeddable":true,"href":"https:\/\/ahmetsavasan.com\/tr_tr\/wp-json\/wp\/v2\/media\/16986"}],"wp:attachment":[{"href":"https:\/\/ahmetsavasan.com\/tr_tr\/wp-json\/wp\/v2\/media?parent=16189"}],"wp:term":[{"taxonomy":"category","embeddable":true,"href":"https:\/\/ahmetsavasan.com\/tr_tr\/wp-json\/wp\/v2\/categories?post=16189"},{"taxonomy":"post_tag","embeddable":true,"href":"https:\/\/ahmetsavasan.com\/tr_tr\/wp-json\/wp\/v2\/tags?post=16189"}],"curies":[{"name":"wp","href":"https:\/\/api.w.org\/{rel}","templated":true}]}}