{"id":16256,"date":"2023-10-25T08:02:08","date_gmt":"2023-10-25T08:02:08","guid":{"rendered":"https:\/\/www.ahmetsavasan.biz\/?p=16256"},"modified":"2025-08-29T12:12:57","modified_gmt":"2025-08-29T12:12:57","slug":"ubp-grup-baskanvekili-ahmet-savasan-tbbmde-ak-parti-grup-baskani-guler-ile-bir-araya-geldi","status":"publish","type":"post","link":"https:\/\/ahmetsavasan.com\/tr_tr\/ubp-grup-baskanvekili-ahmet-savasan-tbbmde-ak-parti-grup-baskani-guler-ile-bir-araya-geldi\/","title":{"rendered":"UBP Grup Ba\u015fkanvekili Ahmet Sava\u015fan, TBBM\u2019de Ak Parti Grup Ba\u015fkan\u0131 G\u00fcler \u0130le Bir Araya Geldi"},"content":{"rendered":"<p>UBP Grup Ba\u015fkanvekili ve Milletvekili Ahmet Sava\u015fan, TBBM\u2019de Ak Parti Grup Ba\u015fkan\u0131 G\u00fcler ile bir araya geldi.<\/p>\n<p>UBP Grup Ba\u015fkanvekili, Milletvekili Dr.\u00a0Ahmet Sava\u015fan, T\u00fcrkiye B\u00fcy\u00fck Millet Meclisi&#8217;nde AK Parti Grup Ba\u015fkan\u0131 Abdullah G\u00fcler ve Grup Ba\u015fkanvekili Abd\u00fclhamit G\u00fcl ile bir araya geldi.<\/p>\n<p>Sava\u015fan ki\u015fisel sosyal medya hesab\u0131ndan yapt\u0131\u011f\u0131 payla\u015f\u0131mda g\u00f6r\u00fc\u015fmede gruplar aras\u0131nda i\u015f birli\u011fi olanaklar\u0131n\u0131n geli\u015ftirilmesine y\u00f6nelik at\u0131lacak ad\u0131mlar\u0131n de\u011ferlendirildi\u011fini belirtti.<\/p>\n<p><strong>Ahmet Sava\u015fan<\/strong><strong>\u2019\u0131n payla\u015f\u0131m\u0131 \u015fu \u015fekilde:<\/strong><\/p>\n<p>\u201cAK Parti Grup Ba\u015fkan\u0131 Say\u0131n Abdullah G\u00fcler ve Grup Ba\u015fkanvekili Say\u0131n Abd\u00fclhamit G\u00fcl ile T\u00fcrkiye B\u00fcy\u00fck Millet Meclisi&#8217;nde g\u00f6r\u00fc\u015ferek gruplar\u0131m\u0131z aras\u0131nda i\u015f birli\u011fi olanaklar\u0131n\u0131n geli\u015ftirilmesine y\u00f6nelik at\u0131lacak ad\u0131mlar\u0131 de\u011ferlendirdik.<br \/>\nUBP Grup Ba\u015fkanvekili olarak TBMM \u00e7at\u0131s\u0131 alt\u0131nda bizlere g\u00f6sterdikleri samimi ilgi i\u00e7in Grubumuz ad\u0131na kendilerine i\u00e7tenlikle te\u015fekk\u00fcr ediyorum.\u201d<\/p>\n<p><img fetchpriority=\"high\" decoding=\"async\" class=\"alignnone wp-image-16258 size-full\" src=\"https:\/\/ahmetsavasan.com\/wp-content\/uploads\/2024\/07\/86.1.jpg\" alt=\"\" width=\"526\" height=\"526\" srcset=\"https:\/\/ahmetsavasan.com\/wp-content\/uploads\/2024\/07\/86.1.jpg 526w, https:\/\/ahmetsavasan.com\/wp-content\/uploads\/2024\/07\/86.1-300x300.jpg 300w, https:\/\/ahmetsavasan.com\/wp-content\/uploads\/2024\/07\/86.1-150x150.jpg 150w\" sizes=\"(max-width: 526px) 100vw, 526px\" \/><\/p>\n","protected":false},"excerpt":{"rendered":"<p>UBP Grup Ba\u015fkanvekili ve Milletvekili Ahmet Sava\u015fan, TBBM\u2019de Ak Parti Grup Ba\u015fkan\u0131 G\u00fcler ile bir araya geldi. UBP Grup Ba\u015fkanvekili, Milletvekili Dr.\u00a0Ahmet Sava\u015fan, T\u00fcrkiye B\u00fcy\u00fck Millet Meclisi&#8217;nde AK Parti Grup Ba\u015fkan\u0131 Abdullah G\u00fcler ve Grup Ba\u015fkanvekili Abd\u00fclhamit G\u00fcl ile bir araya geldi. Sava\u015fan ki\u015fisel sosyal medya hesab\u0131ndan yapt\u0131\u011f\u0131 payla\u015f\u0131mda g\u00f6r\u00fc\u015fmede gruplar aras\u0131nda i\u015f birli\u011fi olanaklar\u0131n\u0131n [&hellip;]<\/p>\n","protected":false},"author":1,"featured_media":16257,"comment_status":"open","ping_status":"open","sticky":false,"template":"","format":"standard","meta":{"_monsterinsights_skip_tracking":false,"_monsterinsights_sitenote_active":false,"_monsterinsights_sitenote_note":"","_monsterinsights_sitenote_category":0,"footnotes":""},"categories":[102],"tags":[],"class_list":["post-16256","post","type-post","status-publish","format-standard","has-post-thumbnail","hentry","category-haberler"],"aioseo_notices":[],"_links":{"self":[{"href":"https:\/\/ahmetsavasan.com\/tr_tr\/wp-json\/wp\/v2\/posts\/16256","targetHints":{"allow":["GET"]}}],"collection":[{"href":"https:\/\/ahmetsavasan.com\/tr_tr\/wp-json\/wp\/v2\/posts"}],"about":[{"href":"https:\/\/ahmetsavasan.com\/tr_tr\/wp-json\/wp\/v2\/types\/post"}],"author":[{"embeddable":true,"href":"https:\/\/ahmetsavasan.com\/tr_tr\/wp-json\/wp\/v2\/users\/1"}],"replies":[{"embeddable":true,"href":"https:\/\/ahmetsavasan.com\/tr_tr\/wp-json\/wp\/v2\/comments?post=16256"}],"version-history":[{"count":1,"href":"https:\/\/ahmetsavasan.com\/tr_tr\/wp-json\/wp\/v2\/posts\/16256\/revisions"}],"predecessor-version":[{"id":20217,"href":"https:\/\/ahmetsavasan.com\/tr_tr\/wp-json\/wp\/v2\/posts\/16256\/revisions\/20217"}],"wp:featuredmedia":[{"embeddable":true,"href":"https:\/\/ahmetsavasan.com\/tr_tr\/wp-json\/wp\/v2\/media\/16257"}],"wp:attachment":[{"href":"https:\/\/ahmetsavasan.com\/tr_tr\/wp-json\/wp\/v2\/media?parent=16256"}],"wp:term":[{"taxonomy":"category","embeddable":true,"href":"https:\/\/ahmetsavasan.com\/tr_tr\/wp-json\/wp\/v2\/categories?post=16256"},{"taxonomy":"post_tag","embeddable":true,"href":"https:\/\/ahmetsavasan.com\/tr_tr\/wp-json\/wp\/v2\/tags?post=16256"}],"curies":[{"name":"wp","href":"https:\/\/api.w.org\/{rel}","templated":true}]}}