{"id":16260,"date":"2023-10-22T08:05:33","date_gmt":"2023-10-22T08:05:33","guid":{"rendered":"https:\/\/www.ahmetsavasan.biz\/?p=16260"},"modified":"2023-10-22T08:05:33","modified_gmt":"2023-10-22T08:05:33","slug":"basbakan-ustelden-mujde-uretici-tesvik-primi-ve-hayvan-ureticilerine-yem-destegi-surecek","status":"publish","type":"post","link":"https:\/\/ahmetsavasan.com\/tr_tr\/basbakan-ustelden-mujde-uretici-tesvik-primi-ve-hayvan-ureticilerine-yem-destegi-surecek\/","title":{"rendered":"Ba\u015fbakan \u00dcstel&#8217;den M\u00fcjde: \u00dcretici Te\u015fvik Primi Ve Hayvan \u00dcreticilerine Yem Deste\u011fi S\u00fcrecek"},"content":{"rendered":"<p>Ba\u015fbakan \u00dcnal \u00dcstel, b\u00f6lge ziyaretleri s\u0131ras\u0131nda \u00fcreticilerle ilgili m\u00fcjdeyi duyurdu. \u00dcstel, \u00fcreticiye y\u00f6nelik te\u015fvik priminin devam edece\u011fini ve hayvan \u00fcreticisine yem deste\u011finin s\u00fcrece\u011fini\u00a0vurgulad\u0131.<\/p>\n<p>Ulusal Birlik Partisi (UBP)\u00a0 Genel Ba\u015fkan\u0131 ve Ba\u015fbakan\u00a0\u00dcnal \u00dcstel, b\u00f6lge ziyaretlerine Gazima\u011fusa ve \u0130skele ile devam etti.<\/p>\n<p>\u00dcstel, \u00f6nce Gazima\u011fusa \u0130l\u00e7e Binas\u0131\u2019nda daha sonra ise \u0130skele&#8217; de partililer ve vatanda\u015flarla bir araya geldi.<\/p>\n<p>Yo\u011fun kat\u0131l\u0131ml\u0131 toplant\u0131lara, UBP Genel Sekreteri\u00a0O\u011fuzhan Hasipo\u011flu, \u0130\u00e7i\u015fleri Bakan\u0131\u00a0Dursun O\u011fuz, Milli E\u011fitim ve K\u00fclt\u00fcr Bakan\u0131\u00a0Naz\u0131m \u00c7avu\u015fo\u011flu, Tar\u0131m ve Do\u011fal Kaynaklar Bakan\u0131\u00a0H\u00fcseyin \u00c7avu\u015f, \u00c7al\u0131\u015fma ve Sosyal G\u00fcvenlik Bakan\u0131\u00a0Sad\u0131k Gardiyano\u011flu, Milletvekilleri\u00a0Sunat Atun,\u00a0Resmiye Canaltay,\u00a0Emrah Ye\u015fil\u0131rmak, Lefko\u015fa \u0130l\u00e7e Ba\u015fkan\u0131 Milletvekili\u00a0Ahmet Sava\u015fan, Ge\u00e7itkale &#8211; Serdarl\u0131 Belediye Ba\u015fkan\u0131 Halil Kas\u0131m, Gazima\u011fusa \u0130l\u00e7e Ba\u015fkan\u0131 Nahit \u00d6nc\u00fc,\u00a0 \u0130skele \u0130l\u00e7e Ba\u015fkan\u0131 Metin G\u00fcll\u00fc, yan\u0131nda Eski Maliye Bakanlar\u0131ndan Mehmet Bayram ve partinin b\u00f6lgedeki \u00f6nde gelen isimleri \u00dcstel\u2019e ziyaretlerinde e\u015flik etti.<\/p>\n<p><img fetchpriority=\"high\" decoding=\"async\" class=\"alignnone wp-image-16262 size-full\" src=\"https:\/\/ahmetsavasan.com\/wp-content\/uploads\/2024\/07\/87.1.jpg\" alt=\"\" width=\"971\" height=\"551\" srcset=\"https:\/\/ahmetsavasan.com\/wp-content\/uploads\/2024\/07\/87.1.jpg 971w, https:\/\/ahmetsavasan.com\/wp-content\/uploads\/2024\/07\/87.1-300x170.jpg 300w, https:\/\/ahmetsavasan.com\/wp-content\/uploads\/2024\/07\/87.1-768x436.jpg 768w\" sizes=\"(max-width: 971px) 100vw, 971px\" \/><\/p>\n<p><strong>\u00dcSTEL: BU YO\u011eUN \u0130LG\u0130N\u0130N KAR\u015eILI\u011eI; H\u0130ZMETT\u0130R<br \/>\n<\/strong>Ulusal Birlik Partisi Genel Ba\u015fkan\u0131 ve Ba\u015fbakan\u00a0\u00dcnal \u00dcstel, yapt\u0131\u011f\u0131 konu\u015fmalarda ekonomi ve d\u0131\u015f siyasete ili\u015fkin \u00f6nemli mesajlar verdi.<\/p>\n<p>Her b\u00f6lgede kar\u015f\u0131la\u015ft\u0131klar\u0131 yo\u011fun ilgiye te\u015fekk\u00fcr eden \u00dcstel, bu ilgiye hizmetle kar\u015f\u0131l\u0131k vermeye devam edeceklerini vurgulad\u0131.<\/p>\n<p><img decoding=\"async\" class=\"alignnone wp-image-16263 size-full\" src=\"https:\/\/ahmetsavasan.com\/wp-content\/uploads\/2024\/07\/87.2.jpg\" alt=\"\" width=\"971\" height=\"551\" srcset=\"https:\/\/ahmetsavasan.com\/wp-content\/uploads\/2024\/07\/87.2.jpg 971w, https:\/\/ahmetsavasan.com\/wp-content\/uploads\/2024\/07\/87.2-300x170.jpg 300w, https:\/\/ahmetsavasan.com\/wp-content\/uploads\/2024\/07\/87.2-768x436.jpg 768w\" sizes=\"(max-width: 971px) 100vw, 971px\" \/><\/p>\n<p><strong>&#8220;YILLARDIR DOKUNULMAYAN KONULARA EL ATTIK&#8221;<\/strong><\/p>\n<p>Altyap\u0131, reformlar, internet altyap\u0131s\u0131 gibi y\u0131llard\u0131r dokunulmayan konulara el att\u0131klar\u0131na i\u015faret eden \u00dcstel,&#8221; Yeni Ercan Havaliman\u0131 ve fizibilite \u00e7al\u0131\u015fmalar\u0131 ba\u015flayan T\u00fcrkiye\u2019den kablo ile elektrik projesi ve \u00fclkede ba\u015flatt\u0131\u011f\u0131m\u0131z altyap\u0131, yol projeleriyle KKTC\u2019ye ekonomik, mali ve altyap\u0131 anlam\u0131nda \u00f6nemli bir de\u011fer katmay\u0131 ba\u015fard\u0131k&#8221; dedi.<\/p>\n<p><strong>&#8220;HAYAT PAHALILI\u011eININ YILDA \u00dc\u00c7 KEZ VER\u0130LMEYE BA\u015eLAMASIYLA ALIM G\u00dcC\u00dcNE DESTEK OLMAYA DEVAM EDECE\u011e\u0130Z&#8221;<\/strong><\/p>\n<p>Halk\u0131n mutlu olmas\u0131 ve enflasyon kar\u015f\u0131s\u0131nda al\u0131m g\u00fcc\u00fcn\u00fc desteklemek ad\u0131na kamu \u00e7al\u0131\u015fanlar\u0131na enflasyon oran\u0131nda tarihte e\u015fine az rastlanan art\u0131\u015f yans\u0131tmay\u0131 ba\u015fard\u0131klar\u0131n\u0131 belirten \u00dcstel, \u201cHayat pahal\u0131l\u0131\u011f\u0131n\u0131n y\u0131lda 3 kez \u00f6denmeye ba\u015flamas\u0131yla, al\u0131m g\u00fcc\u00fcne destek olmaya 2024 y\u0131l\u0131nda devam edece\u011fiz\u201d \u015feklinde konu\u015ftu. 47\/2010 say\u0131l\u0131 yasaya da el altl\u0131klar\u0131na i\u015faret eden \u00dcstel, \u201c Gerekeni yapt\u0131k. Ma\u011fduriyeti giderdik.\u00a0 Bizim tek derdimiz halk\u0131m\u0131z\u201d diye konu\u015ftu.<\/p>\n<p>Sosyal yard\u0131m, engelli, cemile maa\u015flar\u0131na y\u00fczde y\u00fcze yak\u0131n art\u0131\u015f verdiklerini ve vermeye devam edeceklerini vurgulayan \u00dcstel, \u00f6zel sekt\u00f6r i\u00e7in de sosyal prim deste\u011fini s\u00fcrd\u00fcreceklerini hat\u0131rlatt\u0131 ve \u201cB\u00fct\u00fcn kesimlere, t\u00fcm imkanlar\u0131m\u0131zla, dengeli bir \u015fekilde elimizi uzat\u0131yoruz, insan\u0131m\u0131za dokunuyoruz\u201d dedi.<\/p>\n<p><img decoding=\"async\" class=\"alignnone wp-image-16264 size-full\" src=\"https:\/\/ahmetsavasan.com\/wp-content\/uploads\/2024\/07\/87.3.jpg\" alt=\"\" width=\"971\" height=\"551\" srcset=\"https:\/\/ahmetsavasan.com\/wp-content\/uploads\/2024\/07\/87.3.jpg 971w, https:\/\/ahmetsavasan.com\/wp-content\/uploads\/2024\/07\/87.3-300x170.jpg 300w, https:\/\/ahmetsavasan.com\/wp-content\/uploads\/2024\/07\/87.3-768x436.jpg 768w\" sizes=\"(max-width: 971px) 100vw, 971px\" \/><\/p>\n<p><strong>BA\u015eBAKAN \u00dcSTEL&#8217;DEN \u00dcRET\u0130C\u0130LERE M\u00dcJDE<\/strong><\/p>\n<p>\u00dcreticiye te\u015fvik primi, hayvan \u00fcreticisine de yem deste\u011finin s\u00fcrece\u011fi m\u00fcjdesini veren \u00dcstel, \u00fclkenin ihtiya\u00e7 duydu\u011fu yasalar\u0131n hayata ge\u00e7mesi i\u00e7in de \u00f6n\u00fcm\u00fczdeki s\u00fcre\u00e7te yo\u011fun mesai i\u00e7inde olacaklar\u0131n\u0131 kaydetti.<\/p>\n<p>\u00dcstel, \u201cBir bu\u00e7uk y\u0131ll\u0131k h\u00fck\u00fcmetimiz \u00e7ok say\u0131da yasa \u00e7\u0131karm\u0131\u015ft\u0131r. B\u00fct\u00fcn bu yasalar, \u00fclkenin ihtiyac\u0131 olan, \u00fclkenin \u00f6n\u00fcn\u00fc a\u00e7acak yasalard\u0131r\u2026 B\u00fct\u00fcn kesimleri aya\u011fa kald\u0131rmak, global krizden en az etkilenen bir \u00fclke yaratmak i\u00e7in canla ba\u015fla \u00e7al\u0131\u015fmaya devam edece\u011fiz\u201d ifadelerini de kulland\u0131.<\/p>\n<p>\u00c7a\u011fda\u015f normlar \u00fczerinden hareketle, ihaleye \u00e7\u0131kt\u0131klar\u0131n\u0131 ve internet altyap\u0131s\u0131n\u0131 geli\u015ftirerek, \u00fclkeyi 4.5 G internetle kavu\u015fturduklar\u0131n\u0131 ifade eden \u00dcstel, \u015fimdi de evden eve fiber optik kablo d\u00f6\u015fenece\u011fini a\u00e7\u0131klad\u0131.<\/p>\n<p>\u00dcstel, &#8220;2024\u2019\u00fcn ilk b\u00fcy\u00fck projelerinden birisi bu olacak. Mali kayna\u011f\u0131 ay\u0131rd\u0131k. \u0130haleye \u00e7\u0131kaca\u011f\u0131z ve evden eve fiber optik kablo ile dijital ada hedefimize bir ad\u0131m yakla\u015faca\u011f\u0131z\u201d dedi.<\/p>\n<p>26 y\u0131ld\u0131r \u00fclkesel kalk\u0131nma plan\u0131 haz\u0131rlanmad\u0131\u011f\u0131n\u0131, bunu dikkate alarak, her kesimden g\u00f6r\u00fc\u015flerle komisyon kurduklar\u0131n\u0131 belirten \u00dcstel, 2024\u2019\u00fcn ilk yar\u0131s\u0131nda 10 y\u0131ll\u0131k \u00fclkesel kalk\u0131nma plan\u0131n\u0131 a\u00e7\u0131klayacaklar\u0131n\u0131 s\u00f6yledi ve \u201cB\u00fc \u00fclkede b\u00fcy\u00fck projelerin t\u00fcm\u00fcnde bu devleti kuran UBP\u2019nin imzas\u0131 var\u201d vurgusunu yapt\u0131.<\/p>\n<p><img loading=\"lazy\" decoding=\"async\" class=\"alignnone wp-image-16265 size-full\" src=\"https:\/\/ahmetsavasan.com\/wp-content\/uploads\/2024\/07\/87.4.jpg\" alt=\"\" width=\"971\" height=\"551\" srcset=\"https:\/\/ahmetsavasan.com\/wp-content\/uploads\/2024\/07\/87.4.jpg 971w, https:\/\/ahmetsavasan.com\/wp-content\/uploads\/2024\/07\/87.4-300x170.jpg 300w, https:\/\/ahmetsavasan.com\/wp-content\/uploads\/2024\/07\/87.4-768x436.jpg 768w\" sizes=\"(max-width: 971px) 100vw, 971px\" \/><\/p>\n<p><strong>AZERBAYCAN Z\u0130YARET\u0130<\/strong><\/p>\n<p>Cumhurba\u015fkan\u0131\u00a0Ersin Tatar\u00a0ile birlikte Azerbaycan&#8217;a tarihi bir ziyaret ger\u00e7ekle\u015ftirdiklerine i\u015faret eden \u00dcstel \u015funlar\u0131 kaydetti:<\/p>\n<p>&#8220;Tarihte ilk kez b\u00f6yle bir ziyaret oldu. Azerbaycan Cumhurba\u015fkan\u0131 \u0130lham Aliyev, Cumhurba\u015fkan\u0131m\u0131z\u00a0Ersin Tatar\u00a0ile makam\u0131nda g\u00f6r\u00fc\u015fm\u00fc\u015ft\u00fcr. Say\u0131n Aliyev\u2019in partisi Yeni Azerbaycan Partisi ile de bizler g\u00f6r\u00fc\u015fmeler ger\u00e7ekle\u015ftirdik. 15 Kas\u0131m\u2019daki kutlamalar\u0131m\u0131za, Azerbaycan\u2019dan \u00fcst d\u00fczey misafirlerimiz olacak. K\u00f6pr\u00fcler kuruldu. Ba\u011flar\u0131m\u0131z daha da g\u00fc\u00e7leniyor. 2024 y\u0131l\u0131 i\u00e7inde, Azerbaycan\u2019dan daha \u00e7ok turist, daha \u00e7ok \u00f6\u011frenci in\u015fallah KKTC\u2019ye gelecek.&#8221;<\/p>\n<p>\u00dcstel, T\u00fcrkiye-KKTC- Azerbaycan \u00fcniversiteleri aras\u0131nda sportif ve k\u00fclt\u00fcrel \u00e7al\u0131\u015fmalar\u0131n da yak\u0131n g\u00fcnlerde ba\u015flayaca\u011f\u0131n\u0131 s\u00f6yledi.<\/p>\n<p><img loading=\"lazy\" decoding=\"async\" class=\"alignnone wp-image-16266 size-full\" src=\"https:\/\/ahmetsavasan.com\/wp-content\/uploads\/2024\/07\/87.5.jpg\" alt=\"\" width=\"971\" height=\"551\" srcset=\"https:\/\/ahmetsavasan.com\/wp-content\/uploads\/2024\/07\/87.5.jpg 971w, https:\/\/ahmetsavasan.com\/wp-content\/uploads\/2024\/07\/87.5-300x170.jpg 300w, https:\/\/ahmetsavasan.com\/wp-content\/uploads\/2024\/07\/87.5-768x436.jpg 768w\" sizes=\"(max-width: 971px) 100vw, 971px\" \/><\/p>\n<p>\u00dcstel, \u201cArt\u0131k yava\u015f yava\u015f d\u00fcnyaya a\u00e7\u0131lmaya ba\u015fl\u0131yoruz. Bu g\u00fczel geli\u015fmeler ya\u015fan\u0131rken, \u00fclkemizi gelece\u011fe haz\u0131rlamak, daha \u00e7a\u011fda\u015f bir hale getirmek elzemdir. Kararl\u0131l\u0131kla, gerekeni yapaca\u011f\u0131z. Devletimizi, yeni d\u00fcnya d\u00fczenine yak\u0131\u015f\u0131r bir \u015fekilde haz\u0131rlayaca\u011f\u0131z&#8221; ifadelerini kulland\u0131.<\/p>\n<p>\u00dcstel son olarak \u015funlar\u0131 vurgulad\u0131:<\/p>\n<p>&#8220;Yolumuz, hedefimiz 2027&#8217;dir. Birlik olmaya devam edelim. Beraber olmaya devam edelim. Bir b\u00fct\u00fcn i\u00e7inde, bu uzun yolda kenetlenip ilerlemeye devam edelim. Her gitti\u011fimiz yerde, bu kenetlenmeyi, birli\u011fi g\u00f6r\u00fcyoruz. Bu da bizleri gelecek ve \u00fclkemizi d\u00fcnyayla kavu\u015fturmak i\u00e7in daha da\u00a0motive\u00a0ediyor.&#8221;<\/p>\n","protected":false},"excerpt":{"rendered":"<p>Ba\u015fbakan \u00dcnal \u00dcstel, b\u00f6lge ziyaretleri s\u0131ras\u0131nda \u00fcreticilerle ilgili m\u00fcjdeyi duyurdu. \u00dcstel, \u00fcreticiye y\u00f6nelik te\u015fvik priminin devam edece\u011fini ve hayvan \u00fcreticisine yem deste\u011finin s\u00fcrece\u011fini\u00a0vurgulad\u0131. Ulusal Birlik Partisi (UBP)\u00a0 Genel Ba\u015fkan\u0131 ve Ba\u015fbakan\u00a0\u00dcnal \u00dcstel, b\u00f6lge ziyaretlerine Gazima\u011fusa ve \u0130skele ile devam etti. \u00dcstel, \u00f6nce Gazima\u011fusa \u0130l\u00e7e Binas\u0131\u2019nda daha sonra ise \u0130skele&#8217; de partililer ve vatanda\u015flarla bir araya [&hellip;]<\/p>\n","protected":false},"author":1,"featured_media":16261,"comment_status":"open","ping_status":"open","sticky":false,"template":"","format":"standard","meta":{"_monsterinsights_skip_tracking":false,"_monsterinsights_sitenote_active":false,"_monsterinsights_sitenote_note":"","_monsterinsights_sitenote_category":0,"footnotes":""},"categories":[102],"tags":[],"class_list":["post-16260","post","type-post","status-publish","format-standard","has-post-thumbnail","hentry","category-haberler"],"aioseo_notices":[],"_links":{"self":[{"href":"https:\/\/ahmetsavasan.com\/tr_tr\/wp-json\/wp\/v2\/posts\/16260","targetHints":{"allow":["GET"]}}],"collection":[{"href":"https:\/\/ahmetsavasan.com\/tr_tr\/wp-json\/wp\/v2\/posts"}],"about":[{"href":"https:\/\/ahmetsavasan.com\/tr_tr\/wp-json\/wp\/v2\/types\/post"}],"author":[{"embeddable":true,"href":"https:\/\/ahmetsavasan.com\/tr_tr\/wp-json\/wp\/v2\/users\/1"}],"replies":[{"embeddable":true,"href":"https:\/\/ahmetsavasan.com\/tr_tr\/wp-json\/wp\/v2\/comments?post=16260"}],"version-history":[{"count":0,"href":"https:\/\/ahmetsavasan.com\/tr_tr\/wp-json\/wp\/v2\/posts\/16260\/revisions"}],"wp:featuredmedia":[{"embeddable":true,"href":"https:\/\/ahmetsavasan.com\/tr_tr\/wp-json\/wp\/v2\/media\/16261"}],"wp:attachment":[{"href":"https:\/\/ahmetsavasan.com\/tr_tr\/wp-json\/wp\/v2\/media?parent=16260"}],"wp:term":[{"taxonomy":"category","embeddable":true,"href":"https:\/\/ahmetsavasan.com\/tr_tr\/wp-json\/wp\/v2\/categories?post=16260"},{"taxonomy":"post_tag","embeddable":true,"href":"https:\/\/ahmetsavasan.com\/tr_tr\/wp-json\/wp\/v2\/tags?post=16260"}],"curies":[{"name":"wp","href":"https:\/\/api.w.org\/{rel}","templated":true}]}}