{"id":16274,"date":"2023-10-16T08:33:55","date_gmt":"2023-10-16T08:33:55","guid":{"rendered":"https:\/\/www.ahmetsavasan.biz\/?p=16274"},"modified":"2025-08-29T12:03:08","modified_gmt":"2025-08-29T12:03:08","slug":"ubp-lefkosa-ilcesi-yoneticileri-gonyeli-alaykoy-belediyesini-ziyaret-etti","status":"publish","type":"post","link":"https:\/\/ahmetsavasan.com\/tr_tr\/ubp-lefkosa-ilcesi-yoneticileri-gonyeli-alaykoy-belediyesini-ziyaret-etti\/","title":{"rendered":"Ubp Lefko\u015fa \u0130l\u00e7esi Y\u00f6neticileri, G\u00f6nyeli-Alayk\u00f6y Belediyesi\u2019ni Ziyaret Etti"},"content":{"rendered":"<p>Ulusal Birlik Partisi Lefko\u015fa \u0130l\u00e7esi y\u00f6neticileri, G\u00f6nyeli-Alayk\u00f6y Belediyesi\u2019ne ziyaret ger\u00e7ekle\u015ftirdi. Ziyaret s\u0131ras\u0131nda konu\u015fan UBP Lefko\u015fa \u0130l\u00e7e Ba\u015fkan\u0131 Ahmet Sava\u015fan ile G\u00f6nyeli-Alayk\u00f6y Belediye Ba\u015fkan\u0131 H\u00fcseyin Amcao\u011flu, Belediye Reformu\u2019nun amac\u0131na ula\u015ft\u0131\u011f\u0131n\u0131 vurgulad\u0131.<\/p>\n<p>Ulusal Birlik Partisi (UBP) Lefko\u015fa \u0130l\u00e7esi y\u00f6neticileri, G\u00f6nyeli-Alayk\u00f6y Belediyesi\u2019ni ziyaret etti.<\/p>\n<p>UBP\u2019den yap\u0131lan yaz\u0131l\u0131 a\u00e7\u0131klamaya g\u00f6re, UBP Lefko\u015fa \u0130l\u00e7e Ba\u015fkan\u0131\u00a0Ahmet Sava\u015fan\u00a0ve G\u00f6nyeli-Alayk\u00f6y Belediye Ba\u015fkan\u0131 H\u00fcseyin Amcao\u011flu, birle\u015fme ile birlikte belediyelerin kaynaklar\u0131n\u0131 daha verimli kullanmaya ba\u015flayarak g\u00fc\u00e7 kazand\u0131klar\u0131n\u0131 ve yat\u0131r\u0131m yapabilecek duruma geldiklerini belirtti.<\/p>\n<p><strong>SAVA\u015eAN: BELED\u0130YELER REFORMUNUN AMACINA ULA\u015eTI\u011eINI G\u00d6RMEKTEN MEMNUNUZ\u2026<br \/>\n<\/strong>UBP Lefko\u015fa \u0130l\u00e7e Ba\u015fkan\u0131 ve Grup Ba\u015fkanvekili Dr.\u00a0Ahmet Sava\u015fan, G\u00f6nyeli-Alayk\u00f6y Belediyesi\u2019ni ziyarette yapt\u0131\u011f\u0131 konu\u015fmada, Belediye Reformu\u2019nun belediyelerin s\u00fcrd\u00fcr\u00fclebilir bir yap\u0131ya kavu\u015fturulmas\u0131, verdikleri hizmetlerin etkinli\u011finin artt\u0131r\u0131lmas\u0131 ve ihtiya\u00e7 duyulan projeleri hayata ge\u00e7irebilmelerine olanak yaratabilmek amac\u0131yla ger\u00e7ekle\u015ftirildi\u011fine vurgu yaparak, bu amaca ula\u015f\u0131ld\u0131\u011f\u0131n\u0131 g\u00f6rmekten duydu\u011fu memnuniyeti dile getirdi.<\/p>\n<p><strong>\u201cREFORM SAYES\u0130NDE BELED\u0130YELER\u0130N MAL\u0130 YAPISI G\u00dc\u00c7LEND\u0130\u2026\u201d<\/strong><\/p>\n<p>Ge\u00e7en yasalar sayesinde belediyelerin mali yap\u0131lar\u0131n\u0131n g\u00fc\u00e7lendirilerek, idari kapasitelerinin de artt\u0131r\u0131laca\u011f\u0131n\u0131n alt\u0131n\u0131 \u00e7izen Sava\u015fan, yap\u0131lan de\u011fi\u015fiklik ile belediyelere sa\u011flanan kaynaklar\u0131n daha etkin ve halk\u0131n yarar\u0131na kullan\u0131laca\u011f\u0131na ve ayr\u0131ca belediye ba\u015fkanlar\u0131n\u0131n hesap verme sorumluluklar\u0131n\u0131n da artt\u0131r\u0131ld\u0131\u011f\u0131na dikkat \u00e7ekti.<\/p>\n<p><img fetchpriority=\"high\" decoding=\"async\" class=\"alignnone wp-image-16276 size-full\" src=\"https:\/\/ahmetsavasan.com\/wp-content\/uploads\/2024\/07\/90.1.jpg\" alt=\"\" width=\"971\" height=\"551\" srcset=\"https:\/\/ahmetsavasan.com\/wp-content\/uploads\/2024\/07\/90.1.jpg 971w, https:\/\/ahmetsavasan.com\/wp-content\/uploads\/2024\/07\/90.1-300x170.jpg 300w, https:\/\/ahmetsavasan.com\/wp-content\/uploads\/2024\/07\/90.1-768x436.jpg 768w\" sizes=\"(max-width: 971px) 100vw, 971px\" \/><\/p>\n<p><strong>AMCAO\u011eLU\u2019NUN KUCAKLAYICI \u0130CRAATLARINDAN MEMNUNUZ\u2026\u201d<\/strong><\/p>\n<p>\u201cBelediyeler reformu UBP ba\u015fbakanl\u0131\u011f\u0131nda kurulan h\u00fck\u00fcmetin \u00f6nemli bir icraat\u0131 olmakla birlikte, halk\u0131m\u0131z\u0131n yarar\u0131 ve belediyelerin s\u00fcrd\u00fcr\u00fclebilirli\u011fi a\u00e7\u0131s\u0131ndan da de\u011feri her ge\u00e7en g\u00fcn daha da iyi anla\u015f\u0131lacak \u00e7ok b\u00fcy\u00fck bir kazan\u0131md\u0131r\u201d \u015feklinde konu\u015fan Sava\u015fan, konu\u015fmas\u0131n\u0131n sonunda, H\u00fcseyin Amcao\u011flu\u2019nun kucaklay\u0131c\u0131 icraatlar\u0131ndan duyduklar\u0131 memnuniyeti dile getirerek, UBP\u2019nin H\u00fcseyin Amcao\u011flu\u2019na deste\u011finin tam oldu\u011funu s\u00f6yledi.<\/p>\n<p>Sava\u015fan ayr\u0131ca, belediye meclis \u00fcyeleri ile b\u00fct\u00fcn \u00e7al\u0131\u015fanlar\u0131 Amcao\u011flu ba\u015fkanl\u0131\u011f\u0131nda yapt\u0131klar\u0131 ba\u015far\u0131l\u0131 \u00e7al\u0131\u015fmalardan \u00f6t\u00fcr\u00fc kutlad\u0131.<\/p>\n<p><strong>\u201cG\u00d6NYEL\u0130-ALAYK\u00d6Y BELED\u0130YELER\u0130N\u0130N B\u0130RLE\u015eME S\u00dcREC\u0130 BA\u015eARIYLA TAMAMLANDI\u2026\u201d<\/strong><\/p>\n<p>G\u00f6nyeli-Alayk\u00f6y Belediye Ba\u015fkan\u0131 H\u00fcseyin Amcao\u011flu ise ziyaretten duydu\u011fu memnuniyeti ifade ederek, UBP Lefko\u015fa \u0130l\u00e7e Ba\u015fkanl\u0131\u011f\u0131 g\u00f6revine yeni gelen Dr.\u00a0Ahmet Sava\u015fan\u00a0ve ekibine ba\u015far\u0131lar diledi.<\/p>\n<p>Ziyarette g\u00f6reve geldikten sonra yap\u0131lan icraatlara ili\u015fkin bilgiler veren Amcao\u011flu, yerel y\u00f6netimler reformunun gerektirdi\u011fi Alayk\u00f6y ve G\u00f6nyeli belediyelerinin birle\u015fme s\u00fcrecini ba\u015far\u0131yla tamamlad\u0131klar\u0131n\u0131 s\u00f6yledi.<\/p>\n<p><img decoding=\"async\" class=\"alignnone wp-image-16277 size-full\" src=\"https:\/\/ahmetsavasan.com\/wp-content\/uploads\/2024\/07\/90.2.jpg\" alt=\"\" width=\"971\" height=\"551\" srcset=\"https:\/\/ahmetsavasan.com\/wp-content\/uploads\/2024\/07\/90.2.jpg 971w, https:\/\/ahmetsavasan.com\/wp-content\/uploads\/2024\/07\/90.2-300x170.jpg 300w, https:\/\/ahmetsavasan.com\/wp-content\/uploads\/2024\/07\/90.2-768x436.jpg 768w\" sizes=\"(max-width: 971px) 100vw, 971px\" \/><\/p>\n<p>Ba\u015fkan Amcao\u011flu ayr\u0131ca, ge\u00e7ti\u011fimiz g\u00fcnlerde ihaleye \u00e7\u0131k\u0131lan kanalizasyon projesini \u00f6rnek g\u00f6stererek alt yap\u0131 eksikliklerinin giderilmesi konusunda ilerleyecekleri yol haritalar\u0131n\u0131 da anlatt\u0131.<\/p>\n<p><strong>\u201cG\u00d6NYEL\u0130-ALAYK\u00d6Y HALKI HAK ETT\u0130\u011e\u0130 H\u0130ZMET\u0130 ALMAYA DEVAM EDECEK\u2026\u201d<\/strong><\/p>\n<p>\u0130nsan odakl\u0131 sosyal projelerden de bahseden Amcao\u011flu, e\u011fitim ve spora verdikleri \u00f6neminin alt\u0131n\u0131 \u00e7izerek, G\u00f6nyeli-Alayk\u00f6y halk\u0131n\u0131n hak etti\u011fi hizmeti almaya devam edece\u011fini vurgulad\u0131.<\/p>\n<p>Amcao\u011flu, Sava\u015fan ve ekibine belediyenin mali durumu ile ilgili de bilgi aktar\u0131rken, mali yap\u0131s\u0131 g\u00fc\u00e7l\u00fc bir belediyecilik anlay\u0131\u015f\u0131 ile ilerleyeceklerini de ifade etti.<\/p>\n<p>&nbsp;<\/p>\n","protected":false},"excerpt":{"rendered":"<p>Ulusal Birlik Partisi Lefko\u015fa \u0130l\u00e7esi y\u00f6neticileri, G\u00f6nyeli-Alayk\u00f6y Belediyesi\u2019ne ziyaret ger\u00e7ekle\u015ftirdi. Ziyaret s\u0131ras\u0131nda konu\u015fan UBP Lefko\u015fa \u0130l\u00e7e Ba\u015fkan\u0131 Ahmet Sava\u015fan ile G\u00f6nyeli-Alayk\u00f6y Belediye Ba\u015fkan\u0131 H\u00fcseyin Amcao\u011flu, Belediye Reformu\u2019nun amac\u0131na ula\u015ft\u0131\u011f\u0131n\u0131 vurgulad\u0131. Ulusal Birlik Partisi (UBP) Lefko\u015fa \u0130l\u00e7esi y\u00f6neticileri, G\u00f6nyeli-Alayk\u00f6y Belediyesi\u2019ni ziyaret etti. UBP\u2019den yap\u0131lan yaz\u0131l\u0131 a\u00e7\u0131klamaya g\u00f6re, UBP Lefko\u015fa \u0130l\u00e7e Ba\u015fkan\u0131\u00a0Ahmet Sava\u015fan\u00a0ve G\u00f6nyeli-Alayk\u00f6y Belediye Ba\u015fkan\u0131 H\u00fcseyin [&hellip;]<\/p>\n","protected":false},"author":1,"featured_media":16275,"comment_status":"open","ping_status":"open","sticky":false,"template":"","format":"standard","meta":{"_monsterinsights_skip_tracking":false,"_monsterinsights_sitenote_active":false,"_monsterinsights_sitenote_note":"","_monsterinsights_sitenote_category":0,"footnotes":""},"categories":[140],"tags":[],"class_list":["post-16274","post","type-post","status-publish","format-standard","has-post-thumbnail","hentry","category-chtc"],"aioseo_notices":[],"_links":{"self":[{"href":"https:\/\/ahmetsavasan.com\/tr_tr\/wp-json\/wp\/v2\/posts\/16274","targetHints":{"allow":["GET"]}}],"collection":[{"href":"https:\/\/ahmetsavasan.com\/tr_tr\/wp-json\/wp\/v2\/posts"}],"about":[{"href":"https:\/\/ahmetsavasan.com\/tr_tr\/wp-json\/wp\/v2\/types\/post"}],"author":[{"embeddable":true,"href":"https:\/\/ahmetsavasan.com\/tr_tr\/wp-json\/wp\/v2\/users\/1"}],"replies":[{"embeddable":true,"href":"https:\/\/ahmetsavasan.com\/tr_tr\/wp-json\/wp\/v2\/comments?post=16274"}],"version-history":[{"count":1,"href":"https:\/\/ahmetsavasan.com\/tr_tr\/wp-json\/wp\/v2\/posts\/16274\/revisions"}],"predecessor-version":[{"id":20218,"href":"https:\/\/ahmetsavasan.com\/tr_tr\/wp-json\/wp\/v2\/posts\/16274\/revisions\/20218"}],"wp:featuredmedia":[{"embeddable":true,"href":"https:\/\/ahmetsavasan.com\/tr_tr\/wp-json\/wp\/v2\/media\/16275"}],"wp:attachment":[{"href":"https:\/\/ahmetsavasan.com\/tr_tr\/wp-json\/wp\/v2\/media?parent=16274"}],"wp:term":[{"taxonomy":"category","embeddable":true,"href":"https:\/\/ahmetsavasan.com\/tr_tr\/wp-json\/wp\/v2\/categories?post=16274"},{"taxonomy":"post_tag","embeddable":true,"href":"https:\/\/ahmetsavasan.com\/tr_tr\/wp-json\/wp\/v2\/tags?post=16274"}],"curies":[{"name":"wp","href":"https:\/\/api.w.org\/{rel}","templated":true}]}}