{"id":16352,"date":"2024-11-25T13:29:31","date_gmt":"2024-11-25T13:29:31","guid":{"rendered":"https:\/\/www.ahmetsavasan.biz\/?p=16352"},"modified":"2024-11-25T13:29:31","modified_gmt":"2024-11-25T13:29:31","slug":"ahmet-savasan-siddete-hayir-dayanismaya-evet","status":"publish","type":"post","link":"https:\/\/ahmetsavasan.com\/tr_tr\/ahmet-savasan-siddete-hayir-dayanismaya-evet\/","title":{"rendered":"Ahmet Sava\u015fan: \u015eiddete hay\u0131r, dayan\u0131\u015fmaya evet!"},"content":{"rendered":"<h2>UBP Grup Ba\u015fkanvekili Dr. Ahmet Sava\u015fan, 25 Kas\u0131m Kad\u0131na Y\u00f6nelik \u015eiddete Kar\u015f\u0131 Uluslararas\u0131 M\u00fccadele G\u00fcn\u00fc dolay\u0131s\u0131yla yay\u0131mlad\u0131\u011f\u0131 mesaj\u0131nda, &#8220;\u015eiddete hay\u0131r, dayan\u0131\u015fmaya evet!&#8221; ifadelerini kulland\u0131.<\/h2>\n<p>UBP Grup Ba\u015fkanvekili Dr.\u00a0<a href=\"https:\/\/www.kibrispostasi.com\/keyword\/8\" target=\"_blank\" rel=\"noopener\"><span class=\"marked\">Ahmet Sava\u015fan<\/span><\/a>, 25 Kas\u0131m Kad\u0131na Y\u00f6nelik \u015eiddete Kar\u015f\u0131 Uluslararas\u0131 M\u00fccadele G\u00fcn\u00fc dolay\u0131s\u0131yla ki\u015fisel sosyal medya hesab\u0131 \u00fczerinden bir mesaj yay\u0131mlad\u0131.<\/p>\n<p><a href=\"https:\/\/www.kibrispostasi.com\/keyword\/8\" target=\"_blank\" rel=\"noopener\"><span class=\"marked\">Ahmet Sava\u015fan<\/span><\/a>,\u00a0\u201cKad\u0131na y\u00f6nelik \u015fiddet, sadece bireylerin de\u011fil, toplumlar\u0131n da gelece\u011fini karartan bir insanl\u0131k su\u00e7udur. Her t\u00fcrl\u00fc \u015fiddeti reddetmek ve kad\u0131nlar\u0131n hak etti\u011fi e\u015fitlik, sayg\u0131 ve g\u00fcven i\u00e7inde ya\u015fayabilece\u011fi bir d\u00fcnya in\u015fa etmek hepimizin ortak sorumlulu\u011fudur\u201d dedi.<\/p>\n<p>UBP Grup Ba\u015fkanvekili Dr. Sava\u015fan\u2019\u0131n mesaj\u0131 \u015f\u00f6yle:<\/p>\n<p>&#8220;Kad\u0131na y\u00f6nelik \u015fiddet, sadece bireylerin de\u011fil, toplumlar\u0131n da gelece\u011fini karartan bir insanl\u0131k su\u00e7udur. Her t\u00fcrl\u00fc \u015fiddeti reddetmek ve kad\u0131nlar\u0131n hak etti\u011fi e\u015fitlik, sayg\u0131 ve g\u00fcven i\u00e7inde ya\u015fayabilece\u011fi bir d\u00fcnya in\u015fa etmek hepimizin ortak sorumlulu\u011fudur.<\/p>\n<p>Bug\u00fcn, kad\u0131nlara y\u00f6nelik \u015fiddetin \u00f6nlenmesi ve bu konuda fark\u0131ndal\u0131k yarat\u0131lmas\u0131 i\u00e7in sesimizi daha g\u00fc\u00e7l\u00fc \u00e7\u0131karma g\u00fcn\u00fcd\u00fcr. \u015eiddetsiz bir d\u00fcnya i\u00e7in dayan\u0131\u015fmay\u0131 art\u0131rmal\u0131, kad\u0131nlar\u0131n haklar\u0131n\u0131 koruyan politikalar\u0131n ve uygulamalar\u0131n hayata ge\u00e7irilmesini desteklemeliyiz.<\/p>\n<p>Kad\u0131na y\u00f6nelik \u015fiddetin son buldu\u011fu, e\u015fit ve adil bir gelece\u011fi hep birlikte in\u015fa edebilece\u011fimize inan\u0131yorum.<\/p>\n<p>25 Kas\u0131m Kad\u0131na Y\u00f6nelik \u015eiddete Kar\u015f\u0131 Uluslararas\u0131 M\u00fccadele G\u00fcn\u00fc\u2019nde bu fark\u0131ndal\u0131\u011f\u0131 b\u00fcy\u00fctmek i\u00e7in bir ad\u0131m atal\u0131m. \u015eiddete hay\u0131r, dayan\u0131\u015fmaya evet diyelim!&#8221;<\/p>\n","protected":false},"excerpt":{"rendered":"<p>UBP Grup Ba\u015fkanvekili Dr. Ahmet Sava\u015fan, 25 Kas\u0131m Kad\u0131na Y\u00f6nelik \u015eiddete Kar\u015f\u0131 Uluslararas\u0131 M\u00fccadele G\u00fcn\u00fc dolay\u0131s\u0131yla yay\u0131mlad\u0131\u011f\u0131 mesaj\u0131nda, &#8220;\u015eiddete hay\u0131r, dayan\u0131\u015fmaya evet!&#8221; ifadelerini kulland\u0131. UBP Grup Ba\u015fkanvekili Dr.\u00a0Ahmet Sava\u015fan, 25 Kas\u0131m Kad\u0131na Y\u00f6nelik \u015eiddete Kar\u015f\u0131 Uluslararas\u0131 M\u00fccadele G\u00fcn\u00fc dolay\u0131s\u0131yla ki\u015fisel sosyal medya hesab\u0131 \u00fczerinden bir mesaj yay\u0131mlad\u0131. Ahmet Sava\u015fan,\u00a0\u201cKad\u0131na y\u00f6nelik \u015fiddet, sadece bireylerin de\u011fil, toplumlar\u0131n [&hellip;]<\/p>\n","protected":false},"author":1,"featured_media":16303,"comment_status":"open","ping_status":"open","sticky":false,"template":"","format":"standard","meta":{"_monsterinsights_skip_tracking":false,"_monsterinsights_sitenote_active":false,"_monsterinsights_sitenote_note":"","_monsterinsights_sitenote_category":0,"footnotes":""},"categories":[102],"tags":[],"class_list":["post-16352","post","type-post","status-publish","format-standard","has-post-thumbnail","hentry","category-haberler"],"aioseo_notices":[],"_links":{"self":[{"href":"https:\/\/ahmetsavasan.com\/tr_tr\/wp-json\/wp\/v2\/posts\/16352","targetHints":{"allow":["GET"]}}],"collection":[{"href":"https:\/\/ahmetsavasan.com\/tr_tr\/wp-json\/wp\/v2\/posts"}],"about":[{"href":"https:\/\/ahmetsavasan.com\/tr_tr\/wp-json\/wp\/v2\/types\/post"}],"author":[{"embeddable":true,"href":"https:\/\/ahmetsavasan.com\/tr_tr\/wp-json\/wp\/v2\/users\/1"}],"replies":[{"embeddable":true,"href":"https:\/\/ahmetsavasan.com\/tr_tr\/wp-json\/wp\/v2\/comments?post=16352"}],"version-history":[{"count":0,"href":"https:\/\/ahmetsavasan.com\/tr_tr\/wp-json\/wp\/v2\/posts\/16352\/revisions"}],"wp:featuredmedia":[{"embeddable":true,"href":"https:\/\/ahmetsavasan.com\/tr_tr\/wp-json\/wp\/v2\/media\/16303"}],"wp:attachment":[{"href":"https:\/\/ahmetsavasan.com\/tr_tr\/wp-json\/wp\/v2\/media?parent=16352"}],"wp:term":[{"taxonomy":"category","embeddable":true,"href":"https:\/\/ahmetsavasan.com\/tr_tr\/wp-json\/wp\/v2\/categories?post=16352"},{"taxonomy":"post_tag","embeddable":true,"href":"https:\/\/ahmetsavasan.com\/tr_tr\/wp-json\/wp\/v2\/tags?post=16352"}],"curies":[{"name":"wp","href":"https:\/\/api.w.org\/{rel}","templated":true}]}}