{"id":16354,"date":"2024-11-25T13:31:30","date_gmt":"2024-11-25T13:31:30","guid":{"rendered":"https:\/\/www.ahmetsavasan.biz\/?p=16354"},"modified":"2025-08-29T12:02:34","modified_gmt":"2025-08-29T12:02:34","slug":"hasipoglu-ve-savasan-uluslararasi-asya-siyasi-partiler-konferansina-katildi","status":"publish","type":"post","link":"https:\/\/ahmetsavasan.com\/tr_tr\/hasipoglu-ve-savasan-uluslararasi-asya-siyasi-partiler-konferansina-katildi\/","title":{"rendered":"Hasipo\u011flu ve Sava\u015fan Uluslararas\u0131 Asya Siyasi Partiler Konferans\u0131\u2019na kat\u0131ld\u0131"},"content":{"rendered":"<h2>UBP Genel Sekreteri O\u011fuzhan Hasipo\u011flu ve UBP Grup Ba\u015fkanvekili Ahmet Sava\u015fan KKTC\u2019yi temsilen Kambo\u00e7ya\u2019da d\u00fczenlenen 12. Uluslararas\u0131 Asya Siyasi Partiler Konferans\u0131\u2019na kat\u0131ld\u0131. Hasipo\u011flu ile Sava\u015fan\u2019\u0131n kat\u0131ld\u0131klar\u0131 toplant\u0131larda K\u0131br\u0131s konusunun yan\u0131 s\u0131ra UBP&#8217;nin b\u00f6lgesel politikalar\u0131 hakk\u0131nda bilgiler verdi.<\/h2>\n<p>&nbsp;<\/p>\n<p>UBP Milletvekilleri Hasipo\u011flu ve Sava\u015fan, Siyasal Partiler toplant\u0131lar\u0131nda Asya\u2019da \u0130lk Kez KKTC\u2019yi Temsil Etti<\/p>\n<p>Ulusal Birlik Partisi (UBP) milletvekilleri\u00a0<span class=\"marked\">O\u011fuzhan Hasipo\u011flu<\/span>\u00a0ve\u00a0<a href=\"https:\/\/www.kibrispostasi.com\/keyword\/8\" target=\"_blank\" rel=\"noopener\"><span class=\"marked\">Ahmet Sava\u015fan<\/span><\/a>, Kambo\u00e7ya\u00a0<span class=\"marked\">Halk\u0131n Partisi<\/span>\u00a0ve Asya Siyasi Partiler Ba\u015fkanl\u0131\u011f\u0131\u2019n\u0131n davetlisi olarak Uluslararas\u0131 Asya Siyasi Partiler Konferans\u0131\u2019na (ICAPP) kat\u0131ld\u0131. KKTC\u2019den bir siyasi partinin Asya\u2019da ilk kez temsil edildi\u011fi bu toplant\u0131, 21-23 Kas\u0131m tarihleri aras\u0131nda Kambo\u00e7ya\u2019n\u0131n ba\u015fkenti Phnom Penh\u2019de ger\u00e7ekle\u015ftirildi.<\/p>\n<p>ICAPP 12. Genel Kurul kapsam\u0131nda d\u00fczenlenen toplant\u0131larda konu\u015fan Hasipo\u011flu ve Sava\u015fan, K\u0131br\u0131s meselesini mevkida\u015flar\u0131na aktarma f\u0131rsat\u0131\u00a0 buldu.\u00a0\u00a0 Yapt\u0131klar\u0131 konu\u015fmalarda , K\u0131br\u0131s meselesinin do\u011fru zeminde tart\u0131\u015f\u0131lmas\u0131 gerekti\u011fini , y\u0131llar s\u00fcren sonu\u00e7suz federasyon m\u00fczakerelerinden sonra, K\u0131br\u0131s T\u00fcrk halk\u0131n\u0131n egemenlik e\u015fitlik ve uluslararas\u0131 e\u015fit stat\u00fc\u00a0 talebinin do\u011fru zamanda yap\u0131lan son derece me\u015fru bir hak oldu\u011funu , G\u00fcney K\u0131br\u0131s y\u00f6netimin \u00e7\u00f6z\u00fcm\u00fc istermi\u015f gibi g\u00f6r\u00fcn\u00fcp ge\u00e7en zaman i\u00e7erisinde hep masadan ka\u00e7t\u0131\u011f\u0131n\u0131 , T\u00fcrkiye \u2018yi \u00e7\u00f6z\u00fcm\u00fcn \u00f6n\u00fcnde engel ve i\u015fgalci olarak d\u00fcnyaya lanse etmeye \u00e7al\u0131\u015ft\u0131klar\u0131n\u0131 , bu sav\u0131n son derece yan\u0131lt\u0131c\u0131 ve ger\u00e7ek d\u0131\u015f\u0131 oldu\u011funun, kendi uzla\u015fmaz tutumlar\u0131n\u0131 kamufle etmekten ba\u015fka bir ama\u00e7 ta\u015f\u0131mad\u0131\u011f\u0131n\u0131 vurgulad\u0131lar. Anavatan Garant\u00f6r T\u00fcrkiye\u2019nin adaya m\u00fcdahalenin sadece bizlere de\u011fil t\u00fcm adaya bar\u0131\u015f ve huzur getirdi\u011fini konu\u015fmalar\u0131nda ifade ettiler.<\/p>\n<p><img fetchpriority=\"high\" decoding=\"async\" class=\"lazy loaded\" src=\"https:\/\/www.kibrispostasi.com\/upload\/news\/v\/v2\/v2savaan-hasipoluifoto_1732437966.jpg\" width=\"841\" height=\"477\" data-ll-status=\"loaded\" \/><\/p>\n<p>Hasipo\u011flu ve Sava\u015fan, K\u0131br\u0131s T\u00fcrk halk\u0131n\u0131n egemenlik talebinin me\u015fru ve do\u011fru bir zemin \u00fczerinde tart\u0131\u015f\u0131lmas\u0131 gerekti\u011fini vurgulad\u0131. G\u00fcney K\u0131br\u0131s Rum Y\u00f6netimi\u2019nin \u00e7\u00f6z\u00fcm s\u00fcrecindeki uzla\u015fmaz tutumuna dikkat \u00e7eken vekiller, Rum taraf\u0131n\u0131n masadan ka\u00e7may\u0131 al\u0131\u015fkanl\u0131k haline getirdi\u011fini ve T\u00fcrkiye\u2019yi \u201ci\u015fgalci\u201d olarak nitelendirmesinin yan\u0131lt\u0131c\u0131 ve ger\u00e7e\u011fi yans\u0131tmad\u0131\u011f\u0131n\u0131 ifade etti. Ayr\u0131ca, T\u00fcrkiye\u2019nin m\u00fcdahalesinin adada sadece K\u0131br\u0131s T\u00fcrklerine de\u011fil t\u00fcm adaya bar\u0131\u015f ve huzur getirdi\u011fini dile getirdiler.<\/p>\n<p>Kambo\u00e7ya temaslar\u0131 \u00e7er\u00e7evesinde, Kambo\u00e7ya Ba\u015fbakan\u0131 Hun Manet ile de bir araya gelen Hasipo\u011flu ve Sava\u015fan ayr\u0131ca Uluslararas\u0131 Asya Siyasi Partiler Komitesi Ba\u015fkan\u0131 ve G\u00fcney Kore\u2019nin eski D\u0131\u015fi\u015fleri Bakan\u0131 Chung Eui-yong, ICAPP Daimi Komitesi E\u015f Ba\u015fkan\u0131 ve Pakistan Senatosu Savunma Komitesi Ba\u015fkan\u0131 Mushahid Hussain Sayed, Yeni Azerbaycan Partisi Genel Ba\u015fkan Yard\u0131mc\u0131s\u0131 Tahir Budagov, AK Parti Genel Ba\u015fkan Yard\u0131mc\u0131s\u0131 ve \u0130stanbul Milletvekili Zafer S\u0131rakaya yan\u0131 s\u0131ra Kambo\u00e7ya parlamentosundan temsilcilerle ikili g\u00f6r\u00fc\u015fmeler ger\u00e7ekle\u015ftirdi.<\/p>\n<p><img decoding=\"async\" class=\"lazy loaded\" src=\"https:\/\/www.kibrispostasi.com\/upload\/news\/v\/v2\/v2yeniproje-2024-11-24t132730202_1732447659.jpg\" data-ll-status=\"loaded\" \/><\/p>\n<p>UBP olarak, davet edilen 35 \u00fclkenin i\u00e7erisinde olmaktan ve \u00fclkemizi temsil etme f\u0131rsat\u0131n\u0131 bulmu\u015f olman\u0131n \u00f6nemine dikkate \u00e7eken\u00a0 vekiller,\u00a0 parlamentolar\u0131n\u0131 temsil siyasi parti temsilcileri\u00a0 ve milletvekilleri ile g\u00f6r\u00fc\u015fme f\u0131rsat\u0131 buldular .\u00a0 Toplant\u0131n\u0131n ana temas\u0131 \u201cSiyasal Partilerin Uzla\u015fmadaki Rol\u00fc\u201d oldu. Toplant\u0131 sonunda, iki y\u0131l sonraki toplant\u0131n\u0131n G\u00fcney Kore\u2019nin ba\u015fkenti Seul\u2019de yap\u0131lmas\u0131 kararla\u015ft\u0131r\u0131ld\u0131. Hasipo\u011flu ve Sava\u015fan, toplant\u0131lar sonras\u0131nda yapt\u0131klar\u0131 a\u00e7\u0131klamalarda, KKTC\u2019yi uluslararas\u0131 alanda daha g\u00f6r\u00fcn\u00fcr k\u0131lmak i\u00e7in m\u00fccadeleye devam edeceklerini belirttiler.<\/p>\n","protected":false},"excerpt":{"rendered":"<p>UBP Genel Sekreteri O\u011fuzhan Hasipo\u011flu ve UBP Grup Ba\u015fkanvekili Ahmet Sava\u015fan KKTC\u2019yi temsilen Kambo\u00e7ya\u2019da d\u00fczenlenen 12. Uluslararas\u0131 Asya Siyasi Partiler Konferans\u0131\u2019na kat\u0131ld\u0131. Hasipo\u011flu ile Sava\u015fan\u2019\u0131n kat\u0131ld\u0131klar\u0131 toplant\u0131larda K\u0131br\u0131s konusunun yan\u0131 s\u0131ra UBP&#8217;nin b\u00f6lgesel politikalar\u0131 hakk\u0131nda bilgiler verdi. &nbsp; UBP Milletvekilleri Hasipo\u011flu ve Sava\u015fan, Siyasal Partiler toplant\u0131lar\u0131nda Asya\u2019da \u0130lk Kez KKTC\u2019yi Temsil Etti Ulusal Birlik Partisi [&hellip;]<\/p>\n","protected":false},"author":1,"featured_media":16355,"comment_status":"open","ping_status":"open","sticky":false,"template":"","format":"standard","meta":{"_monsterinsights_skip_tracking":false,"_monsterinsights_sitenote_active":false,"_monsterinsights_sitenote_note":"","_monsterinsights_sitenote_category":0,"footnotes":""},"categories":[140],"tags":[],"class_list":["post-16354","post","type-post","status-publish","format-standard","has-post-thumbnail","hentry","category-chtc"],"aioseo_notices":[],"_links":{"self":[{"href":"https:\/\/ahmetsavasan.com\/tr_tr\/wp-json\/wp\/v2\/posts\/16354","targetHints":{"allow":["GET"]}}],"collection":[{"href":"https:\/\/ahmetsavasan.com\/tr_tr\/wp-json\/wp\/v2\/posts"}],"about":[{"href":"https:\/\/ahmetsavasan.com\/tr_tr\/wp-json\/wp\/v2\/types\/post"}],"author":[{"embeddable":true,"href":"https:\/\/ahmetsavasan.com\/tr_tr\/wp-json\/wp\/v2\/users\/1"}],"replies":[{"embeddable":true,"href":"https:\/\/ahmetsavasan.com\/tr_tr\/wp-json\/wp\/v2\/comments?post=16354"}],"version-history":[{"count":1,"href":"https:\/\/ahmetsavasan.com\/tr_tr\/wp-json\/wp\/v2\/posts\/16354\/revisions"}],"predecessor-version":[{"id":20215,"href":"https:\/\/ahmetsavasan.com\/tr_tr\/wp-json\/wp\/v2\/posts\/16354\/revisions\/20215"}],"wp:featuredmedia":[{"embeddable":true,"href":"https:\/\/ahmetsavasan.com\/tr_tr\/wp-json\/wp\/v2\/media\/16355"}],"wp:attachment":[{"href":"https:\/\/ahmetsavasan.com\/tr_tr\/wp-json\/wp\/v2\/media?parent=16354"}],"wp:term":[{"taxonomy":"category","embeddable":true,"href":"https:\/\/ahmetsavasan.com\/tr_tr\/wp-json\/wp\/v2\/categories?post=16354"},{"taxonomy":"post_tag","embeddable":true,"href":"https:\/\/ahmetsavasan.com\/tr_tr\/wp-json\/wp\/v2\/tags?post=16354"}],"curies":[{"name":"wp","href":"https:\/\/api.w.org\/{rel}","templated":true}]}}