{"id":16360,"date":"2024-11-21T13:35:38","date_gmt":"2024-11-21T13:35:38","guid":{"rendered":"https:\/\/www.ahmetsavasan.biz\/?p=16360"},"modified":"2024-11-21T13:35:38","modified_gmt":"2024-11-21T13:35:38","slug":"ahmet-savasan-parlayan-bir-yildiz-olarak-varliginizi-surdurmenizi-dilerim","status":"publish","type":"post","link":"https:\/\/ahmetsavasan.com\/tr_tr\/ahmet-savasan-parlayan-bir-yildiz-olarak-varliginizi-surdurmenizi-dilerim\/","title":{"rendered":"Ahmet Sava\u015fan: Parlayan bir y\u0131ld\u0131z olarak varl\u0131\u011f\u0131n\u0131z\u0131 s\u00fcrd\u00fcrmenizi dilerim"},"content":{"rendered":"<h2>UBP Milletvekili ve Grup Ba\u015fkanvekili Ahmet Sava\u015fan, K\u0131br\u0131s Postas\u0131\u2019n\u0131n 23. kurulu\u015f y\u0131l d\u00f6n\u00fcm\u00fcn\u00fc kutlad\u0131\u011f\u0131 mesaj\u0131nda, &#8220;Parlayan bir y\u0131ld\u0131z olarak varl\u0131\u011f\u0131n\u0131z\u0131 s\u00fcrd\u00fcrmenizi dilerim&#8221; dedi.<\/h2>\n<p>Ulusal Birlik Partisi (UBP) Milletvekili ve Grup Ba\u015fkanvekili\u00a0<a href=\"https:\/\/www.kibrispostasi.com\/keyword\/8\" target=\"_blank\" rel=\"noopener\"><span class=\"marked\">Ahmet Sava\u015fan<\/span><\/a>, K\u0131br\u0131s Postas\u0131\u2019n\u0131n 23. kurulu\u015f y\u0131l d\u00f6n\u00fcm\u00fcn\u00fc kutlad\u0131.<\/p>\n<p>Sava\u015fan, yapt\u0131\u011f\u0131 a\u00e7\u0131klamada K\u0131br\u0131s Postas\u0131\u2019n\u0131n teknolojiyi etkin \u015fekilde kullanarak, h\u0131zl\u0131, eri\u015filebilir ve g\u00fcvenilir habercilik anlay\u0131\u015f\u0131yla dijital medya d\u00fcnyas\u0131nda \u00f6rnek bir model olu\u015fturdu\u011funu ifade etti.<\/p>\n<p>\u201c\u0130lk g\u00fcnden bu yana objektif yay\u0131nc\u0131l\u0131k anlay\u0131\u015f\u0131yla halk\u0131n sesi olmay\u0131 ba\u015faran K\u0131br\u0131s Postas\u0131, sadece haber sunmakla kalm\u0131yor, ayn\u0131 zamanda toplumsal bilin\u00e7lenmeye ve do\u011fru bilgiye ula\u015fmaya \u00f6nc\u00fcl\u00fck ediyor\u201d diyen Sava\u015fan, K\u0131br\u0131s Postas\u0131\u2019n\u0131n bu ba\u015far\u0131s\u0131nda eme\u011fi ge\u00e7en ba\u015fta Polat Alper ve t\u00fcm ekibi y\u00fcrekten kutlad\u0131.<\/p>\n<p>Sava\u015fan, K\u0131br\u0131s Postas\u0131\u2019n\u0131n dijital medya alan\u0131nda parlayan bir y\u0131ld\u0131z olarak nice y\u0131llar varl\u0131\u011f\u0131n\u0131 s\u00fcrd\u00fcrmesini diledi.<\/p>\n","protected":false},"excerpt":{"rendered":"<p>UBP Milletvekili ve Grup Ba\u015fkanvekili Ahmet Sava\u015fan, K\u0131br\u0131s Postas\u0131\u2019n\u0131n 23. kurulu\u015f y\u0131l d\u00f6n\u00fcm\u00fcn\u00fc kutlad\u0131\u011f\u0131 mesaj\u0131nda, &#8220;Parlayan bir y\u0131ld\u0131z olarak varl\u0131\u011f\u0131n\u0131z\u0131 s\u00fcrd\u00fcrmenizi dilerim&#8221; dedi. Ulusal Birlik Partisi (UBP) Milletvekili ve Grup Ba\u015fkanvekili\u00a0Ahmet Sava\u015fan, K\u0131br\u0131s Postas\u0131\u2019n\u0131n 23. kurulu\u015f y\u0131l d\u00f6n\u00fcm\u00fcn\u00fc kutlad\u0131. Sava\u015fan, yapt\u0131\u011f\u0131 a\u00e7\u0131klamada K\u0131br\u0131s Postas\u0131\u2019n\u0131n teknolojiyi etkin \u015fekilde kullanarak, h\u0131zl\u0131, eri\u015filebilir ve g\u00fcvenilir habercilik anlay\u0131\u015f\u0131yla dijital [&hellip;]<\/p>\n","protected":false},"author":1,"featured_media":16303,"comment_status":"open","ping_status":"open","sticky":false,"template":"","format":"standard","meta":{"_monsterinsights_skip_tracking":false,"_monsterinsights_sitenote_active":false,"_monsterinsights_sitenote_note":"","_monsterinsights_sitenote_category":0,"footnotes":""},"categories":[102],"tags":[],"class_list":["post-16360","post","type-post","status-publish","format-standard","has-post-thumbnail","hentry","category-haberler"],"aioseo_notices":[],"_links":{"self":[{"href":"https:\/\/ahmetsavasan.com\/tr_tr\/wp-json\/wp\/v2\/posts\/16360","targetHints":{"allow":["GET"]}}],"collection":[{"href":"https:\/\/ahmetsavasan.com\/tr_tr\/wp-json\/wp\/v2\/posts"}],"about":[{"href":"https:\/\/ahmetsavasan.com\/tr_tr\/wp-json\/wp\/v2\/types\/post"}],"author":[{"embeddable":true,"href":"https:\/\/ahmetsavasan.com\/tr_tr\/wp-json\/wp\/v2\/users\/1"}],"replies":[{"embeddable":true,"href":"https:\/\/ahmetsavasan.com\/tr_tr\/wp-json\/wp\/v2\/comments?post=16360"}],"version-history":[{"count":0,"href":"https:\/\/ahmetsavasan.com\/tr_tr\/wp-json\/wp\/v2\/posts\/16360\/revisions"}],"wp:featuredmedia":[{"embeddable":true,"href":"https:\/\/ahmetsavasan.com\/tr_tr\/wp-json\/wp\/v2\/media\/16303"}],"wp:attachment":[{"href":"https:\/\/ahmetsavasan.com\/tr_tr\/wp-json\/wp\/v2\/media?parent=16360"}],"wp:term":[{"taxonomy":"category","embeddable":true,"href":"https:\/\/ahmetsavasan.com\/tr_tr\/wp-json\/wp\/v2\/categories?post=16360"},{"taxonomy":"post_tag","embeddable":true,"href":"https:\/\/ahmetsavasan.com\/tr_tr\/wp-json\/wp\/v2\/tags?post=16360"}],"curies":[{"name":"wp","href":"https:\/\/api.w.org\/{rel}","templated":true}]}}