{"id":16362,"date":"2024-11-01T13:37:32","date_gmt":"2024-11-01T13:37:32","guid":{"rendered":"https:\/\/www.ahmetsavasan.biz\/?p=16362"},"modified":"2024-11-01T13:37:32","modified_gmt":"2024-11-01T13:37:32","slug":"ahmet-savasan-ctpnin-tavri-meclisi-calistirmamaya-yoneliktir","status":"publish","type":"post","link":"https:\/\/ahmetsavasan.com\/tr_tr\/ahmet-savasan-ctpnin-tavri-meclisi-calistirmamaya-yoneliktir\/","title":{"rendered":"Ahmet Sava\u015fan: CTP\u2019nin tavr\u0131 Meclis\u2019i \u00e7al\u0131\u015ft\u0131rmamaya y\u00f6neliktir!"},"content":{"rendered":"<h2>Meclis Ba\u015fkanl\u0131\u011f\u0131 se\u00e7im s\u00fcrecinde ya\u015fananlar\u0131n Meclis\u2019in itibar\u0131n\u0131 zedeledi\u011fine vurgu yapan UBP Milletvekili ve Grup Ba\u015fkanvekili Dr. Ahmet Sava\u015fan, \u201cYa\u015fananlar\u0131n sorumlusu ba\u015fta elbette bizim i\u00e7imizdeki baz\u0131 arkada\u015flar ile onlar\u0131n bu tutumlar\u0131n\u0131 istismar eden CTP\u2019dir\u201d ifadelerini kulland\u0131.<\/h2>\n<p>&nbsp;<\/p>\n<p>Ulusal Birlik Partisi (UBP) Milletvekili\u00a0<a href=\"https:\/\/www.kibrispostasi.com\/keyword\/8\" target=\"_blank\" rel=\"noopener\"><span class=\"marked\">Ahmet Sava\u015fan<\/span><\/a>, K\u0131br\u0131s Postas\u0131 TV\u2019de G\u00f6khan Alt\u0131ner\u2019in sundu\u011fu &#8220;Sabah Postas\u0131&#8221; program\u0131nda Meclis Ba\u015fkanl\u0131\u011f\u0131 se\u00e7im s\u00fcrecine dair de\u011ferlendirmelerde bulundu.\u00a0<a href=\"https:\/\/www.kibrispostasi.com\/keyword\/8\" target=\"_blank\" rel=\"noopener\"><span class=\"marked\">Ahmet Sava\u015fan<\/span><\/a>, Meclis\u2019in UBP i\u00e7 siyasetine ve UBP-<span class=\"marked\">CTP<\/span>\u00a0aras\u0131ndaki i\u00e7 politik \u00e7eki\u015fmelere kurban edilmemesi gerekti\u011fine vurgu yapt\u0131.<\/p>\n<p><strong>&#8220;POL\u0130T\u0130K M\u00dcCADELELER MECL\u0130S\u2019\u0130 \u00c7ALI\u015eAMAZ HALE GET\u0130RMEMEL\u0130!\u201d<\/strong><\/p>\n<p>KKTC Meclisi\u2019nin parti i\u00e7i politikaya veya iktidar-muhalefet ili\u015fkileri \u00fczerinden i\u00e7 politikaya bu kadar bula\u015ft\u0131r\u0131lmas\u0131n\u0131n \u00fcz\u00fcc\u00fc oldu\u011funu ifade eden\u00a0<a href=\"https:\/\/www.kibrispostasi.com\/keyword\/8\" target=\"_blank\" rel=\"noopener\"><span class=\"marked\">Ahmet Sava\u015fan<\/span><\/a>, Meclisin politika yapma yeri olmas\u0131na ra\u011fmen politik m\u00fccadelelerin Meclis\u2019i \u00e7al\u0131\u015famaz hale getirmemesi gerekti\u011fine i\u015faret etti.<\/p>\n<p><strong>&#8220;<span class=\"marked\">CTP<\/span>\u2019N\u0130N YA\u015eANANLARI \u0130ST\u0130SMAR ETMES\u0130 KABUL G\u00d6RMED\u0130\u201d<\/strong><\/p>\n<p>\u201cKabul etmek gerekir ki sorun UBP i\u00e7i m\u00fccadelenin Meclis ba\u015fkanl\u0131k se\u00e7imine yans\u0131t\u0131lmas\u0131 ile ba\u015flam\u0131\u015ft\u0131r. B\u00fct\u00fcn arkada\u015flar\u0131m\u0131z grubumuz taraf\u0131ndan belirlenen adaya daha ba\u015ftan oy vermi\u015f olsayd\u0131 b\u00fct\u00fcn bunlar ya\u015fanmayacakt\u0131. Bunu kabul etmek zorunday\u0131z\u201d diyen Sava\u015fan, ana muhalefet\u00a0<span class=\"marked\">CTP<\/span>\u2019nin de bu durumu istismar etmesinin kabul g\u00f6rmedi\u011fini s\u00f6yledi.<\/p>\n<p><strong>&#8220;UBP SE\u00c7\u0130M\u0130MDEN KORKMAZ VE KA\u00c7MAZ\u201d<\/strong><\/p>\n<p><span class=\"marked\">CTP<\/span>\u2019nin yaratmaya \u00e7al\u0131\u015ft\u0131\u011f\u0131 kaos ile \u00fclkeyi se\u00e7ime s\u00fcr\u00fckleyece\u011fini d\u00fc\u015f\u00fcnd\u00fc\u011f\u00fcn\u00fc ifade eden Sava\u015fan, \u201c<span class=\"marked\">CTP<\/span>\u00a0b\u00f6yle d\u00fc\u015f\u00fcnmekle yan\u0131l\u0131yor. Kald\u0131 ki UBP i\u00e7indeki sorunlar\u0131n erken se\u00e7im amac\u0131yla istismar edilmesi yerine \u00e7ok daha sayg\u0131n bir yol izleyebilirler. Bu yol her zaman i\u00e7in a\u00e7\u0131kt\u0131r.\u00a0<span class=\"marked\">CTP<\/span>\u00a0isterse erken se\u00e7im \u00f6nergesi verir ve oylanmas\u0131n\u0131 sa\u011flayabilirse de Meclis\u2019in bu konudaki iradesi net olarak ortaya \u00e7\u0131kar. Sonu\u00e7 g\u00fcvensizlik \u00e7\u0131karsa biz de \u015feriat\u0131n kesti\u011fi parmak ac\u0131maz deriz ve se\u00e7ime gideriz. \u00c7ok yak\u0131n bir ge\u00e7mi\u015fte \u00f6rg\u00fctlerini ve b\u00fct\u00fcn y\u00f6netim organlar\u0131n\u0131 yenileyen UBP\u2019nin se\u00e7ime en haz\u0131r parti oldu\u011fu tart\u0131\u015f\u0131lmaz bir ger\u00e7ektir. Kimsenin endi\u015fesi olmas\u0131n bizler se\u00e7imimden korkmay\u0131z ve ka\u00e7maz. Se\u00e7imi gerekti\u011fi zaman yapaca\u011f\u0131z\u201d ifadelerini kulland\u0131.<\/p>\n<p><strong>&#8220;UBP\u2019N\u0130N G\u00dcNDEM\u0130NDE ERKEN SE\u00c7\u0130M YOKTUR\u201d<\/strong><\/p>\n<p>UBP\u2019nin g\u00fcndeminde erken se\u00e7im olmad\u0131\u011f\u0131n\u0131n alt\u0131n\u0131 \u00e7izen Sava\u015fan, UBP\u2019nin \u00f6nceli\u011finin \u00fclke insan\u0131na hizmet edecek yasalar\u0131n bir an \u00f6nce hayata ge\u00e7mesi i\u00e7in meclisi \u00e7al\u0131\u015ft\u0131rmak oldu\u011funu belirterek, \u201c bizlerin se\u00e7im takviminde 2025 y\u0131l\u0131nda ilk olarak Cumhurba\u015fkanl\u0131\u011f\u0131, 2026\u2019da yerel se\u00e7imler ve 2027\u2019de de genel se\u00e7imler yer al\u0131yor\u201d dedi.<\/p>\n<p><strong>&#8220;MECL\u0130S BA\u015eKANLI\u011eI SE\u00c7\u0130M\u0130 TAMAMLANMI\u015eTIR\u201d<\/strong><\/p>\n<p>Meclis ba\u015fkanl\u0131\u011f\u0131 se\u00e7iminin tamamland\u0131\u011f\u0131n\u0131n alt\u0131n\u0131 \u00e7izen\u00a0<a href=\"https:\/\/www.kibrispostasi.com\/keyword\/8\" target=\"_blank\" rel=\"noopener\"><span class=\"marked\">Ahmet Sava\u015fan<\/span><\/a>, bu konudaki siyasi kararl\u0131l\u0131klar\u0131n\u0131n s\u00fcrece\u011fini s\u00f6yledi.\u00a0<span class=\"marked\">CTP<\/span>\u2019ye sorunu kendi i\u00e7inde \u00e7\u00f6zerek ba\u015fkan yard\u0131mc\u0131l\u0131\u011f\u0131na aday g\u00f6sterme f\u0131rsat\u0131 verdiklerini belirten Sava\u015fan, bu tutumu bir s\u00fcre daha devam ettirdikten sonra gerekli siyasi kararl\u0131l\u0131\u011f\u0131 g\u00f6stereceklerini s\u00f6yledi. \u201cBizler Meclis \u00e7al\u0131\u015fmalar\u0131n\u0131n ba\u015flamas\u0131 i\u00e7in gerekli tedbirleri alacak; gerekli kararlar\u0131 \u00fcretece\u011fiz. G\u00fcndemimizin \u00fcst s\u0131ralar\u0131nda yan\u0131 ba\u015f\u0131m\u0131zda ya\u015fanan sava\u015f, \u00fclke sorunlar\u0131, 2025 y\u0131l\u0131 b\u00fct\u00e7esi, Rum taraf\u0131n\u0131n ekonomimize y\u00f6neltti\u011fi sald\u0131r\u0131lar ve bunlara kar\u015f\u0131 al\u0131nacak tedbirler var. Bizler bu konularda \u00e7al\u0131\u015f\u0131yoruz ve \u00e7al\u0131\u015faca\u011f\u0131z. Umar\u0131m\u00a0<a href=\"https:\/\/www.kibrispostasi.com\/keyword\/148\" target=\"_blank\" rel=\"noopener\"><span class=\"marked\">CT<\/span><\/a><span class=\"marked\">P<\/span>\u00a0de bu s\u00fcrece katk\u0131da bulunur. Bu konudaki yakla\u015f\u0131mlar\u0131n\u0131 meclis k\u00fcrs\u00fcs\u00fcnden dile getirir ve daha etkili d\u00fczenlemeler yap\u0131lmas\u0131 i\u00e7in katk\u0131 koyar\u201d \u015feklinde konu\u015ftu.<\/p>\n<p>&nbsp;<\/p>\n<div class=\"iframe-container\"><iframe title=\"YouTube video player\" src=\"https:\/\/www.youtube.com\/embed\/PxshD9QsSHc?si=3cCRleNmVHVWzUjS\" width=\"560\" height=\"315\" frameborder=\"0\" allowfullscreen=\"allowfullscreen\" data-mce-fragment=\"1\"><\/iframe><\/div>\n","protected":false},"excerpt":{"rendered":"<p>Meclis Ba\u015fkanl\u0131\u011f\u0131 se\u00e7im s\u00fcrecinde ya\u015fananlar\u0131n Meclis\u2019in itibar\u0131n\u0131 zedeledi\u011fine vurgu yapan UBP Milletvekili ve Grup Ba\u015fkanvekili Dr. Ahmet Sava\u015fan, \u201cYa\u015fananlar\u0131n sorumlusu ba\u015fta elbette bizim i\u00e7imizdeki baz\u0131 arkada\u015flar ile onlar\u0131n bu tutumlar\u0131n\u0131 istismar eden CTP\u2019dir\u201d ifadelerini kulland\u0131. &nbsp; Ulusal Birlik Partisi (UBP) Milletvekili\u00a0Ahmet Sava\u015fan, K\u0131br\u0131s Postas\u0131 TV\u2019de G\u00f6khan Alt\u0131ner\u2019in sundu\u011fu &#8220;Sabah Postas\u0131&#8221; program\u0131nda Meclis Ba\u015fkanl\u0131\u011f\u0131 se\u00e7im s\u00fcrecine [&hellip;]<\/p>\n","protected":false},"author":1,"featured_media":16363,"comment_status":"open","ping_status":"open","sticky":false,"template":"","format":"standard","meta":{"_monsterinsights_skip_tracking":false,"_monsterinsights_sitenote_active":false,"_monsterinsights_sitenote_note":"","_monsterinsights_sitenote_category":0,"footnotes":""},"categories":[102],"tags":[],"class_list":["post-16362","post","type-post","status-publish","format-standard","has-post-thumbnail","hentry","category-haberler"],"aioseo_notices":[],"_links":{"self":[{"href":"https:\/\/ahmetsavasan.com\/tr_tr\/wp-json\/wp\/v2\/posts\/16362","targetHints":{"allow":["GET"]}}],"collection":[{"href":"https:\/\/ahmetsavasan.com\/tr_tr\/wp-json\/wp\/v2\/posts"}],"about":[{"href":"https:\/\/ahmetsavasan.com\/tr_tr\/wp-json\/wp\/v2\/types\/post"}],"author":[{"embeddable":true,"href":"https:\/\/ahmetsavasan.com\/tr_tr\/wp-json\/wp\/v2\/users\/1"}],"replies":[{"embeddable":true,"href":"https:\/\/ahmetsavasan.com\/tr_tr\/wp-json\/wp\/v2\/comments?post=16362"}],"version-history":[{"count":0,"href":"https:\/\/ahmetsavasan.com\/tr_tr\/wp-json\/wp\/v2\/posts\/16362\/revisions"}],"wp:featuredmedia":[{"embeddable":true,"href":"https:\/\/ahmetsavasan.com\/tr_tr\/wp-json\/wp\/v2\/media\/16363"}],"wp:attachment":[{"href":"https:\/\/ahmetsavasan.com\/tr_tr\/wp-json\/wp\/v2\/media?parent=16362"}],"wp:term":[{"taxonomy":"category","embeddable":true,"href":"https:\/\/ahmetsavasan.com\/tr_tr\/wp-json\/wp\/v2\/categories?post=16362"},{"taxonomy":"post_tag","embeddable":true,"href":"https:\/\/ahmetsavasan.com\/tr_tr\/wp-json\/wp\/v2\/tags?post=16362"}],"curies":[{"name":"wp","href":"https:\/\/api.w.org\/{rel}","templated":true}]}}