{"id":16365,"date":"2024-10-16T13:39:47","date_gmt":"2024-10-16T13:39:47","guid":{"rendered":"https:\/\/www.ahmetsavasan.biz\/?p=16365"},"modified":"2025-08-29T12:03:35","modified_gmt":"2025-08-29T12:03:35","slug":"ahmet-savasan-ile-oguzhan-hasipoglu-filistinin-gelecegi-konferansina-katildi","status":"publish","type":"post","link":"https:\/\/ahmetsavasan.com\/tr_tr\/ahmet-savasan-ile-oguzhan-hasipoglu-filistinin-gelecegi-konferansina-katildi\/","title":{"rendered":"Ahmet Sava\u015fan ile O\u011fuzhan Hasipo\u011flu, &#8220;Filistin\u2019in Gelece\u011fi Konferans\u0131&#8221;na kat\u0131ld\u0131"},"content":{"rendered":"<h2>UBP Genel Sekreteri O\u011fuzhan Hasipo\u011flu ile UBP Grup Ba\u015fkanvekili, Milletvekili Ahmet Sava\u015fan, Ankara\u2019da ger\u00e7ekle\u015ftirilen \u201cFilistin\u2019in Gelece\u011fi Konferans\u0131\u201dna UBP&#8217;yi temsilen kat\u0131ld\u0131.<\/h2>\n<p>&nbsp;<\/p>\n<p>Ulusal Birlik Partisi (UBP) Genel Sekreteri\u00a0<span class=\"marked\">O\u011fuzhan Hasipo\u011flu<\/span>\u00a0ile UBP Grup Ba\u015fkanvekili, Milletvekili\u00a0<a href=\"https:\/\/www.kibrispostasi.com\/keyword\/8\" target=\"_blank\" rel=\"noopener\"><span class=\"marked\">Ahmet Sava\u015fan<\/span><\/a>, AK Parti D\u0131\u015f \u0130li\u015fkiler Ba\u015fkanl\u0131\u011f\u0131 ile \u0130nsan Haklar\u0131 Ba\u015fkanl\u0131\u011f\u0131nca d\u00fczenlenen ve\u00a0Ankara\u2019da ger\u00e7ekle\u015ftirilen \u201cFilistin\u2019in Gelece\u011fi Konferans\u0131\u201dna UBP&#8217;yi temsilen kat\u0131ld\u0131.<\/p>\n<p>Konferansa ili\u015fkin sosyal medya hesab\u0131 \u00fczerinden bilgi veren\u00a0<a href=\"https:\/\/www.kibrispostasi.com\/keyword\/8\" target=\"_blank\" rel=\"noopener\"><span class=\"marked\">Ahmet Sava\u015fan<\/span><\/a>, &#8220;Filistin\u2019in gelece\u011finde diplomasinin, siyasetin ve uluslararas\u0131 hukukun \u00f6neminin vurguland\u0131\u011f\u0131 konferansta, gerek konferans salonunda olanlar, gerekse de orada bulunmayan milyonlarca insan gibi bizler de Filistin halk\u0131n\u0131n hakl\u0131 davas\u0131na destek olduk ve Filistin\u2019in ba\u011f\u0131ms\u0131zl\u0131k m\u00fccadelesinde yanlar\u0131nda oldu\u011fumuzu bir kez daha d\u00fcnyaya g\u00f6sterdik&#8221; ifadelerini kulland\u0131.<\/p>\n<p><strong><a href=\"https:\/\/www.kibrispostasi.com\/keyword\/8\" target=\"_blank\" rel=\"noopener\"><span class=\"marked\">Ahmet Sava\u015fan<\/span><\/a>&#8216;\u0131n payla\u015f\u0131m\u0131n\u0131n tamam\u0131 \u015f\u00f6yle:\u00a0<\/strong><\/p>\n<p><em>&#8220;AK Parti D\u0131\u015f \u0130li\u015fkiler Ba\u015fkanl\u0131\u011f\u0131 ile \u0130nsan Haklar\u0131 Ba\u015fkanl\u0131\u011f\u0131nca d\u00fczenlenen, ba\u015fta T\u00fcrkiye Cumhurba\u015fkan\u0131 Say\u0131n Recep Tayyip Erdo\u011fan olmak \u00fczere, bakanlar, diplomatlar, b\u00fcy\u00fckel\u00e7iler, misyon \u015fefleri ile Birle\u015fmi\u015f Milletler ve Avrupa Birli\u011fi&#8217;nden \u00fcst d\u00fczey milletvekilleriyle komisyon ba\u015fkanlar\u0131n\u0131n kat\u0131l\u0131m\u0131yla Ankara\u2019da ger\u00e7ekle\u015ftirilen \u201cFilistin\u2019in Gelece\u011fi Konferans\u0131\u201dna Ulusal Birlik Partisi\u2019ni temsilen kat\u0131ld\u0131k.<\/em><\/p>\n<p><em>Filistin\u2019in gelece\u011finde diplomasinin, siyasetin ve uluslararas\u0131 hukukun \u00f6neminin vurguland\u0131\u011f\u0131 konferansta, gerek konferans salonunda olanlar, gerekse de orada bulunmayan milyonlarca insan gibi bizler de Filistin halk\u0131n\u0131n hakl\u0131 davas\u0131na destek olduk ve Filistin\u2019in ba\u011f\u0131ms\u0131zl\u0131k m\u00fccadelesinde yanlar\u0131nda oldu\u011fumuzu bir kez daha d\u00fcnyaya g\u00f6sterdik.<\/em><\/p>\n<p><em><strong>F\u0130L\u0130ST\u0130N\u2019\u0130N GELECE\u011e\u0130 KONFERANSI\u2026<\/strong><\/em><\/p>\n<p><em>AK Parti Genel Ba\u015fkan Yard\u0131mc\u0131s\u0131 Zafer S\u0131rakaya\u2019n\u0131n a\u00e7\u0131l\u0131\u015f konu\u015fmas\u0131 ile ba\u015flayan ve T\u00fcrkiye Cumhurba\u015fkan\u0131 Eski Yard\u0131mc\u0131s\u0131, TBMM D\u0131\u015fi\u015fleri Komisyon Ba\u015fkan\u0131 Fuat Oktay&#8217;\u0131n y\u00f6netti\u011fi, T\u00fcrkiye D\u0131\u015fi\u015fleri Bakan\u0131 Hakan Fidan ile \u00dcrd\u00fcn D\u0131\u015fi\u015fleri Bakan\u0131 Eymen es-Safedi&#8217;nin konu\u015fmac\u0131 olarak yer ald\u0131\u011f\u0131 konferans\u0131n ilk oturumunda, \u201cFilistin&#8217;in Gelece\u011fi ve Diplomasi\u201d konusu ele al\u0131nd\u0131.<\/em><\/p>\n<p><em>T\u00fcrkiye D\u0131\u015fi\u015fleri eski Bakan\u0131, AK Parti Antalya Milletvekili Mevl\u00fct \u00c7avu\u015fo\u011flu&#8217;nun y\u00f6netti\u011fi ve AK Parti Genel Ba\u015fkanvekili Efkan Ala ile yabanc\u0131 diplomatlar\u0131n kat\u0131l\u0131m\u0131 ile yap\u0131lan ikinci oturumda \u201cFilistin&#8217;in Gelece\u011finde Siyaset ve Parlamentonun Rol\u00fc\u201d tart\u0131\u015f\u0131ld\u0131.<\/em><\/p>\n<p><em>TBMM Adalet Komisyonu Ba\u015fkan\u0131 ve \u0130stanbul Milletvekili C\u00fcneyt Y\u00fcksel&#8217;in ba\u015fkanl\u0131k etti\u011fi ve uluslararas\u0131 hukuk\u00e7ular\u0131n kat\u0131l\u0131m\u0131yla ger\u00e7ekle\u015ftirilen son oturumda ise \u201cUluslararas\u0131 Hukukun Filistin&#8217;in Gelece\u011findeki Rol\u00fc\u201d konular\u0131 tart\u0131\u015f\u0131ld\u0131.&#8221;<\/em><\/p>\n<p>&nbsp;<\/p>\n<div class=\"social-post-container fb-post fb_iframe_widget\" data-href=\"https:\/\/www.facebook.com\/ahmetsavasan.biz\/posts\/pfbid0DJUcy3iwT1MyWr2QX92t8ejgGdCznmjkabXNK2PKnJiX7gAWj8u2qrFKvx4CoavCl\"><iframe class=\"\" title=\"fb:post Facebook Social Plugin\" src=\"https:\/\/www.facebook.com\/v12.0\/plugins\/post.php?app_id=808347664297266&amp;channel=https%3A%2F%2Fstaticxx.facebook.com%2Fx%2Fconnect%2Fxd_arbiter%2F%3Fversion%3D46%23cb%3Df0dd41c3df2e024de%26domain%3Dwww.kibrispostasi.com%26is_canvas%3Dfalse%26origin%3Dhttps%253A%252F%252Fwww.kibrispostasi.com%252Ffd48ca21b34730c3b%26relation%3Dparent.parent&amp;container_width=907&amp;href=https%3A%2F%2Fwww.facebook.com%2Fahmetsavasan.biz%2Fposts%2Fpfbid0DJUcy3iwT1MyWr2QX92t8ejgGdCznmjkabXNK2PKnJiX7gAWj8u2qrFKvx4CoavCl&amp;locale=tr_TR&amp;sdk=joey\" name=\"fa45215d4d088ad1d\" width=\"1000px\" height=\"1000px\" frameborder=\"0\" scrolling=\"no\" allowfullscreen=\"allowfullscreen\" data-testid=\"fb:post Facebook Social Plugin\" data-mce-fragment=\"1\"><\/iframe><\/div>\n","protected":false},"excerpt":{"rendered":"<p>UBP Genel Sekreteri O\u011fuzhan Hasipo\u011flu ile UBP Grup Ba\u015fkanvekili, Milletvekili Ahmet Sava\u015fan, Ankara\u2019da ger\u00e7ekle\u015ftirilen \u201cFilistin\u2019in Gelece\u011fi Konferans\u0131\u201dna UBP&#8217;yi temsilen kat\u0131ld\u0131. &nbsp; Ulusal Birlik Partisi (UBP) Genel Sekreteri\u00a0O\u011fuzhan Hasipo\u011flu\u00a0ile UBP Grup Ba\u015fkanvekili, Milletvekili\u00a0Ahmet Sava\u015fan, AK Parti D\u0131\u015f \u0130li\u015fkiler Ba\u015fkanl\u0131\u011f\u0131 ile \u0130nsan Haklar\u0131 Ba\u015fkanl\u0131\u011f\u0131nca d\u00fczenlenen ve\u00a0Ankara\u2019da ger\u00e7ekle\u015ftirilen \u201cFilistin\u2019in Gelece\u011fi Konferans\u0131\u201dna UBP&#8217;yi temsilen kat\u0131ld\u0131. Konferansa ili\u015fkin sosyal medya [&hellip;]<\/p>\n","protected":false},"author":1,"featured_media":16366,"comment_status":"open","ping_status":"open","sticky":false,"template":"","format":"standard","meta":{"_monsterinsights_skip_tracking":false,"_monsterinsights_sitenote_active":false,"_monsterinsights_sitenote_note":"","_monsterinsights_sitenote_category":0,"footnotes":""},"categories":[140],"tags":[],"class_list":["post-16365","post","type-post","status-publish","format-standard","has-post-thumbnail","hentry","category-chtc"],"aioseo_notices":[],"_links":{"self":[{"href":"https:\/\/ahmetsavasan.com\/tr_tr\/wp-json\/wp\/v2\/posts\/16365","targetHints":{"allow":["GET"]}}],"collection":[{"href":"https:\/\/ahmetsavasan.com\/tr_tr\/wp-json\/wp\/v2\/posts"}],"about":[{"href":"https:\/\/ahmetsavasan.com\/tr_tr\/wp-json\/wp\/v2\/types\/post"}],"author":[{"embeddable":true,"href":"https:\/\/ahmetsavasan.com\/tr_tr\/wp-json\/wp\/v2\/users\/1"}],"replies":[{"embeddable":true,"href":"https:\/\/ahmetsavasan.com\/tr_tr\/wp-json\/wp\/v2\/comments?post=16365"}],"version-history":[{"count":1,"href":"https:\/\/ahmetsavasan.com\/tr_tr\/wp-json\/wp\/v2\/posts\/16365\/revisions"}],"predecessor-version":[{"id":20219,"href":"https:\/\/ahmetsavasan.com\/tr_tr\/wp-json\/wp\/v2\/posts\/16365\/revisions\/20219"}],"wp:featuredmedia":[{"embeddable":true,"href":"https:\/\/ahmetsavasan.com\/tr_tr\/wp-json\/wp\/v2\/media\/16366"}],"wp:attachment":[{"href":"https:\/\/ahmetsavasan.com\/tr_tr\/wp-json\/wp\/v2\/media?parent=16365"}],"wp:term":[{"taxonomy":"category","embeddable":true,"href":"https:\/\/ahmetsavasan.com\/tr_tr\/wp-json\/wp\/v2\/categories?post=16365"},{"taxonomy":"post_tag","embeddable":true,"href":"https:\/\/ahmetsavasan.com\/tr_tr\/wp-json\/wp\/v2\/tags?post=16365"}],"curies":[{"name":"wp","href":"https:\/\/api.w.org\/{rel}","templated":true}]}}