{"id":16512,"date":"2025-01-15T06:22:58","date_gmt":"2025-01-15T06:22:58","guid":{"rendered":"https:\/\/www.ahmetsavasan.biz\/?p=16512"},"modified":"2025-08-29T12:20:38","modified_gmt":"2025-08-29T12:20:38","slug":"ahmet-savasan-baris-ve-istikrar-icin-kucukun-biraktigi-emanete-sahip-cikmaliyiz","status":"publish","type":"post","link":"https:\/\/ahmetsavasan.com\/tr_tr\/ahmet-savasan-baris-ve-istikrar-icin-kucukun-biraktigi-emanete-sahip-cikmaliyiz\/","title":{"rendered":"Ahmet Sava\u015fan: Bar\u0131\u015f ve istikrar i\u00e7in K\u00fc\u00e7\u00fck\u2019\u00fcn b\u0131rakt\u0131\u011f\u0131 emanete sahip \u00e7\u0131kmal\u0131y\u0131z"},"content":{"rendered":"<h2>UBP Milletvekili, Grup Ba\u015fkanvekili Ahmet Sava\u015fan, Dr. Faz\u0131l K\u00fc\u00e7\u00fck\u2019\u00fcn K\u0131br\u0131s T\u00fcrk halk\u0131n\u0131n varolu\u015f m\u00fccadelesindeki \u00f6nc\u00fc rol\u00fcne vurgu yaparak, \u201cBar\u0131\u015f ve istikrar i\u00e7in K\u00fc\u00e7\u00fck\u2019\u00fcn b\u0131rakt\u0131\u011f\u0131 emanete sahip \u00e7\u0131kmal\u0131y\u0131z\u201d dedi.<\/h2>\n<p>&nbsp;<\/p>\n<p>Ulusal Birlik Partisi (UBP) Milletvekili, Grup Ba\u015fkanvekili\u00a0<a href=\"https:\/\/www.kibrispostasi.com\/keyword\/8\" target=\"_blank\" rel=\"noopener\"><span class=\"marked\">Ahmet Sava\u015fan<\/span><\/a>, bar\u0131\u015f ve istikrar\u0131n\u00a0<span class=\"marked\">Dr. Faz\u0131l K\u00fc\u00e7\u00fck<\/span>\u2019\u00fcn b\u0131rakt\u0131\u011f\u0131 emanete sahip \u00e7\u0131kmakla m\u00fcmk\u00fcn olaca\u011f\u0131n\u0131 kaydetti.<\/p>\n<p>UBP\u2019den yap\u0131lan a\u00e7\u0131klamaya g\u00f6re Sava\u015fan,\u00a0<span class=\"marked\">Dr. Faz\u0131l K\u00fc\u00e7\u00fck<\/span>\u2019\u00fcn \u00f6l\u00fcm\u00fcn\u00fcn 41\u2019inci y\u0131l d\u00f6n\u00fcm\u00fc dolay\u0131s\u0131yla mesaj yay\u0131mlad\u0131.<\/p>\n<p>Sava\u015fan mesaj\u0131nda, K\u00fc\u00e7\u00fck\u2019\u00fcn K\u0131br\u0131s T\u00fcrk halk\u0131n\u0131n varolu\u015f m\u00fccadelesindeki \u00f6nc\u00fc rol\u00fcne vurgu yapt\u0131. Sava\u015fan, ENOS\u0130S\u2019e cesaretle kar\u015f\u0131 \u00e7\u0131kan ve toplumsal \u00e7\u0131karlar\u0131 her zaman \u00f6n planda tutan Dr. K\u00fc\u00e7\u00fck\u2019\u00fcn, halk\u00e7\u0131l\u0131\u011f\u0131 ve m\u00fccadele azmiyle e\u015fine zor rastlan\u0131r bir lider oldu\u011funu belirtti.<\/p>\n<p>Dr. K\u00fc\u00e7\u00fck\u2019\u00fcn, Halk\u0131n Sesi gazetesiyle halk\u0131 ayd\u0131nlatt\u0131\u011f\u0131n\u0131 ve te\u015fkilat\u00e7\u0131l\u0131\u011f\u0131yla tarihe ge\u00e7ti\u011fini s\u00f6yleyen Sava\u015fan, onun KKTC\u2019ye giden yolu a\u00e7an b\u00fcy\u00fck bir lider ve devlet adam\u0131 oldu\u011funu ifade etti.<\/p>\n<p>Sava\u015fan ayr\u0131ca, G\u00fcney K\u0131br\u0131s Rum Y\u00f6netimi\u2019nin tutumunun federal bir ortakl\u0131\u011f\u0131 engelledi\u011fini, adada bar\u0131\u015f ve istikrar\u0131n, Dr. K\u00fc\u00e7\u00fck\u2019\u00fcn b\u0131rakt\u0131\u011f\u0131 emanete sahip \u00e7\u0131k\u0131lmas\u0131yla m\u00fcmk\u00fcn olaca\u011f\u0131n\u0131 vurgulayarak, \u201c<span class=\"marked\">Dr. Faz\u0131l K\u00fc\u00e7\u00fck<\/span>\u2019\u00fc sevgi, sayg\u0131 ve minnetle an\u0131yoruz.\u201d dedi.<\/p>\n","protected":false},"excerpt":{"rendered":"<p>UBP Milletvekili, Grup Ba\u015fkanvekili Ahmet Sava\u015fan, Dr. Faz\u0131l K\u00fc\u00e7\u00fck\u2019\u00fcn K\u0131br\u0131s T\u00fcrk halk\u0131n\u0131n varolu\u015f m\u00fccadelesindeki \u00f6nc\u00fc rol\u00fcne vurgu yaparak, \u201cBar\u0131\u015f ve istikrar i\u00e7in K\u00fc\u00e7\u00fck\u2019\u00fcn b\u0131rakt\u0131\u011f\u0131 emanete sahip \u00e7\u0131kmal\u0131y\u0131z\u201d dedi. &nbsp; Ulusal Birlik Partisi (UBP) Milletvekili, Grup Ba\u015fkanvekili\u00a0Ahmet Sava\u015fan, bar\u0131\u015f ve istikrar\u0131n\u00a0Dr. Faz\u0131l K\u00fc\u00e7\u00fck\u2019\u00fcn b\u0131rakt\u0131\u011f\u0131 emanete sahip \u00e7\u0131kmakla m\u00fcmk\u00fcn olaca\u011f\u0131n\u0131 kaydetti. UBP\u2019den yap\u0131lan a\u00e7\u0131klamaya g\u00f6re Sava\u015fan,\u00a0Dr. Faz\u0131l [&hellip;]<\/p>\n","protected":false},"author":1,"featured_media":16513,"comment_status":"open","ping_status":"open","sticky":false,"template":"","format":"standard","meta":{"_monsterinsights_skip_tracking":false,"_monsterinsights_sitenote_active":false,"_monsterinsights_sitenote_note":"","_monsterinsights_sitenote_category":0,"footnotes":""},"categories":[102],"tags":[],"class_list":["post-16512","post","type-post","status-publish","format-standard","has-post-thumbnail","hentry","category-haberler"],"aioseo_notices":[],"_links":{"self":[{"href":"https:\/\/ahmetsavasan.com\/tr_tr\/wp-json\/wp\/v2\/posts\/16512","targetHints":{"allow":["GET"]}}],"collection":[{"href":"https:\/\/ahmetsavasan.com\/tr_tr\/wp-json\/wp\/v2\/posts"}],"about":[{"href":"https:\/\/ahmetsavasan.com\/tr_tr\/wp-json\/wp\/v2\/types\/post"}],"author":[{"embeddable":true,"href":"https:\/\/ahmetsavasan.com\/tr_tr\/wp-json\/wp\/v2\/users\/1"}],"replies":[{"embeddable":true,"href":"https:\/\/ahmetsavasan.com\/tr_tr\/wp-json\/wp\/v2\/comments?post=16512"}],"version-history":[{"count":1,"href":"https:\/\/ahmetsavasan.com\/tr_tr\/wp-json\/wp\/v2\/posts\/16512\/revisions"}],"predecessor-version":[{"id":20186,"href":"https:\/\/ahmetsavasan.com\/tr_tr\/wp-json\/wp\/v2\/posts\/16512\/revisions\/20186"}],"wp:featuredmedia":[{"embeddable":true,"href":"https:\/\/ahmetsavasan.com\/tr_tr\/wp-json\/wp\/v2\/media\/16513"}],"wp:attachment":[{"href":"https:\/\/ahmetsavasan.com\/tr_tr\/wp-json\/wp\/v2\/media?parent=16512"}],"wp:term":[{"taxonomy":"category","embeddable":true,"href":"https:\/\/ahmetsavasan.com\/tr_tr\/wp-json\/wp\/v2\/categories?post=16512"},{"taxonomy":"post_tag","embeddable":true,"href":"https:\/\/ahmetsavasan.com\/tr_tr\/wp-json\/wp\/v2\/tags?post=16512"}],"curies":[{"name":"wp","href":"https:\/\/api.w.org\/{rel}","templated":true}]}}