{"id":16515,"date":"2025-01-23T07:10:47","date_gmt":"2025-01-23T07:10:47","guid":{"rendered":"https:\/\/www.ahmetsavasan.biz\/?p=16515"},"modified":"2025-01-23T07:10:47","modified_gmt":"2025-01-23T07:10:47","slug":"ahmet-savasan-boylesine-buyuk-acilarin-bir-daha-yasanmamasi-en-buyuk-temennimizdir","status":"publish","type":"post","link":"https:\/\/ahmetsavasan.com\/tr_tr\/ahmet-savasan-boylesine-buyuk-acilarin-bir-daha-yasanmamasi-en-buyuk-temennimizdir\/","title":{"rendered":"Ahmet Sava\u015fan: B\u00f6ylesine b\u00fcy\u00fck ac\u0131lar\u0131n bir daha ya\u015fanmamas\u0131 en b\u00fcy\u00fck temennimizdir"},"content":{"rendered":"<h2>UBP Milletvekili ve Grup Ba\u015fkanvekili Ahmet Sava\u015fan, Kartalkaya Kayak Merkezi\u2019ndeki Grand Kartal Oteli\u2019nde \u00e7\u0131kan yang\u0131nda hayat\u0131n\u0131 kaybeden 79 ki\u015fi i\u00e7in taziye mesaj\u0131 yay\u0131mlad\u0131. Sava\u015fan, ya\u015fam\u0131n\u0131 yitirenlere rahmet, ailelerine sab\u0131r ve yaral\u0131lara acil \u015fifalar diledi. B\u00f6yle ac\u0131lar\u0131n tekrar ya\u015fanmamas\u0131n\u0131 temenni etti.<\/h2>\n<p>&nbsp;<\/p>\n<p>UBP Milletvekili ve Grup Ba\u015fkanvekili\u00a0<a href=\"https:\/\/www.kibrispostasi.com\/keyword\/8\" target=\"_blank\" rel=\"noopener\"><span class=\"marked\">Ahmet Sava\u015fan<\/span><\/a>, Kartalkaya Kayak Merkezi\u2019ndeki Grand Kartal Oteli\u2019nde meydana gelen yang\u0131n facias\u0131nda hayat\u0131n\u0131 kaybedenler i\u00e7in taziye mesaj\u0131 yay\u0131mlad\u0131.<\/p>\n<p>Sava\u015fan, payla\u015f\u0131m\u0131nda, \u201cMeydana gelen elim olayda ya\u015fam\u0131n\u0131 yitirenlere Allah\u2019tan rahmet, yasl\u0131 ailelerine ve yak\u0131nlar\u0131na sab\u0131r, yaral\u0131lara ise acil \u015fifalar diliyoruz. Milletimizin ba\u015f\u0131 sa\u011f olsun. B\u00f6ylesine b\u00fcy\u00fck ac\u0131lar\u0131n bir daha ya\u015fanmamas\u0131 en b\u00fcy\u00fck temennimizdir\u201d ifadelerine yer verdi.<\/p>\n<p>Yang\u0131nda hayat\u0131n\u0131 kaybedenlerin say\u0131s\u0131n\u0131n 79\u2019a y\u00fckseldi\u011fi belirtilirken, Sava\u015fan, derin \u00fcz\u00fcnt\u00fcs\u00fcn\u00fc dile getirerek ac\u0131l\u0131 ailelere destek mesaj\u0131n\u0131 payla\u015ft\u0131.<\/p>\n<div class=\"post-bottom-meta post-bottom-edit\">\n<div class=\"post-bottom-meta-title\"><\/div>\n<\/div>\n","protected":false},"excerpt":{"rendered":"<p>UBP Milletvekili ve Grup Ba\u015fkanvekili Ahmet Sava\u015fan, Kartalkaya Kayak Merkezi\u2019ndeki Grand Kartal Oteli\u2019nde \u00e7\u0131kan yang\u0131nda hayat\u0131n\u0131 kaybeden 79 ki\u015fi i\u00e7in taziye mesaj\u0131 yay\u0131mlad\u0131. Sava\u015fan, ya\u015fam\u0131n\u0131 yitirenlere rahmet, ailelerine sab\u0131r ve yaral\u0131lara acil \u015fifalar diledi. B\u00f6yle ac\u0131lar\u0131n tekrar ya\u015fanmamas\u0131n\u0131 temenni etti. &nbsp; UBP Milletvekili ve Grup Ba\u015fkanvekili\u00a0Ahmet Sava\u015fan, Kartalkaya Kayak Merkezi\u2019ndeki Grand Kartal Oteli\u2019nde meydana gelen [&hellip;]<\/p>\n","protected":false},"author":1,"featured_media":16516,"comment_status":"open","ping_status":"open","sticky":false,"template":"","format":"standard","meta":{"_monsterinsights_skip_tracking":false,"_monsterinsights_sitenote_active":false,"_monsterinsights_sitenote_note":"","_monsterinsights_sitenote_category":0,"footnotes":""},"categories":[102],"tags":[],"class_list":["post-16515","post","type-post","status-publish","format-standard","has-post-thumbnail","hentry","category-haberler"],"aioseo_notices":[],"_links":{"self":[{"href":"https:\/\/ahmetsavasan.com\/tr_tr\/wp-json\/wp\/v2\/posts\/16515","targetHints":{"allow":["GET"]}}],"collection":[{"href":"https:\/\/ahmetsavasan.com\/tr_tr\/wp-json\/wp\/v2\/posts"}],"about":[{"href":"https:\/\/ahmetsavasan.com\/tr_tr\/wp-json\/wp\/v2\/types\/post"}],"author":[{"embeddable":true,"href":"https:\/\/ahmetsavasan.com\/tr_tr\/wp-json\/wp\/v2\/users\/1"}],"replies":[{"embeddable":true,"href":"https:\/\/ahmetsavasan.com\/tr_tr\/wp-json\/wp\/v2\/comments?post=16515"}],"version-history":[{"count":0,"href":"https:\/\/ahmetsavasan.com\/tr_tr\/wp-json\/wp\/v2\/posts\/16515\/revisions"}],"wp:featuredmedia":[{"embeddable":true,"href":"https:\/\/ahmetsavasan.com\/tr_tr\/wp-json\/wp\/v2\/media\/16516"}],"wp:attachment":[{"href":"https:\/\/ahmetsavasan.com\/tr_tr\/wp-json\/wp\/v2\/media?parent=16515"}],"wp:term":[{"taxonomy":"category","embeddable":true,"href":"https:\/\/ahmetsavasan.com\/tr_tr\/wp-json\/wp\/v2\/categories?post=16515"},{"taxonomy":"post_tag","embeddable":true,"href":"https:\/\/ahmetsavasan.com\/tr_tr\/wp-json\/wp\/v2\/tags?post=16515"}],"curies":[{"name":"wp","href":"https:\/\/api.w.org\/{rel}","templated":true}]}}