{"id":16931,"date":"2023-11-15T10:50:38","date_gmt":"2023-11-15T10:50:38","guid":{"rendered":"https:\/\/www.ahmetsavasan.biz\/?p=16165"},"modified":"2023-11-15T10:50:38","modified_gmt":"2023-11-15T10:50:38","slug":"ahmet-savasandan-15-kasim-mesaji-40-yildir-yasiyor-yasamaya-devam-edecek","status":"publish","type":"post","link":"https:\/\/ahmetsavasan.com\/tr_tr\/ahmet-savasandan-15-kasim-mesaji-40-yildir-yasiyor-yasamaya-devam-edecek\/","title":{"rendered":"Ahmet Sava\u015fan\u2019dan 15 Kas\u0131m Mesaj\u0131: 40 Y\u0131ld\u0131r Ya\u015f\u0131yor; Ya\u015famaya Devam Edecek"},"content":{"rendered":"<p>UBP Grup Ba\u015fkanvekili Ahmet Sava\u015fan, KKTC\u2019nin 40\u2019\u0131nc\u0131 y\u0131l d\u00f6n\u00fcm\u00fcn\u00fc kutlad\u0131. Sava\u015fan yay\u0131mlad\u0131\u011f\u0131 mesajda, \u201c40 y\u0131ld\u0131r ya\u015f\u0131yor; ya\u015famaya devam edecek\u201d dedi.<\/p>\n<p>Ulusal Birlik Partisi (UBP) Lefko\u015fa Milletvekili ve Grup Ba\u015fkanvekili Dr.\u00a0Ahmet Sava\u015fan, Kuzey K\u0131br\u0131s T\u00fcrk Cumhuriyeti\u2019nin (KKTC) K\u0131br\u0131s T\u00fcrk halk\u0131n\u0131n iradesi ile kuruldu\u011funu, T\u00fcrkiye\u2019nin deste\u011fi ile ya\u015fat\u0131ld\u0131\u011f\u0131n\u0131 ve birliktelikle ya\u015famaya devam edece\u011fini vurgulad\u0131.<\/p>\n<p>KKTC\u2019nin kurulu\u015f y\u0131l d\u00f6n\u00fcm\u00fc nedeniyle yay\u0131mlad\u0131\u011f\u0131 mesajda, \u201c40 y\u0131l \u00f6nce varolu\u015f m\u00fccadelemizin \u00f6nderleri taraf\u0131ndan olu\u015fturulan devletimiz 40 ya\u015f\u0131na basm\u0131\u015ft\u0131r. Hepimize kutlu olsun. 40 y\u0131ld\u0131r, ambargolara ve bask\u0131lara g\u00f6\u011f\u00fcs gererek ya\u015famaya devam eden devletimizin nice 40 y\u0131llar daha ya\u015famaya devam edece\u011fi tart\u0131\u015f\u0131lamaz bir ger\u00e7ektir\u201d diyen\u00a0Ahmet Sava\u015fan, KKTC\u2019nin bu g\u00fcne kadar yap\u0131lan sald\u0131r\u0131lara ra\u011fmen y\u0131k\u0131lmamas\u0131n\u0131n iki nedeni oldu\u011funa dikkat \u00e7ekti. Sava\u015fan, \u201cBu nedenlerden birincisi KKTC\u2019nin K\u0131br\u0131s T\u00fcrk halk\u0131n\u0131n iradesi ile kurulmu\u015f olmas\u0131d\u0131r; ki her devletin temelinde b\u00f6yle bir halk iradesinin bulunmas\u0131 gerekir, KKTC\u2019de bu iradenin varl\u0131\u011f\u0131 a\u00e7\u0131k\u00e7a ortad\u0131r. \u0130kincisi ise T\u00fcrkiye\u2019nin deste\u011fidir\u201d ifadelerini kulland\u0131.<\/p>\n<p><strong>\u201cKKTC, T\u00dcRK\u0130YE\u2019N\u0130N BEL\u0130RLEY\u0130C\u0130 DESTE\u011e\u0130 \u0130LE SONSUZA KADAR YA\u015eAYACAK\u201d<\/strong><\/p>\n<p>D\u00fcnya\u2019n\u0131n belli ba\u015fl\u0131 b\u00fcy\u00fck g\u00fc\u00e7lerinin ambargolar alt\u0131nda tutmaya \u00e7al\u0131\u015ft\u0131\u011f\u0131 Kuzey K\u0131br\u0131s T\u00fcrk Cumhuriyeti\u2019nin, T\u00fcrkiye\u2019nin deste\u011fi ile 40\u2019\u0131nc\u0131 y\u0131l d\u00f6n\u00fcm\u00fcn\u00fc geride b\u0131rakt\u0131\u011f\u0131na i\u015faret eden\u00a0Ahmet Sava\u015fan, \u201cKKTC\u2019nin g\u00fc\u00e7lenen T\u00fcrkiye\u2019nin belirleyici deste\u011fi ile sonsuza kadar ya\u015famaya devam edebilece\u011fi a\u015fikard\u0131r\u201d dedi.<\/p>\n<p><strong>\u201cKKTC G\u00dc\u00c7LEND\u0130K\u00c7E G\u00dc\u00c7LENECE\u011e\u0130Z\u201d<\/strong><\/p>\n<p>Her devletin temsil etti\u011fi halk\u0131n en b\u00fcy\u00fck g\u00fc\u00e7 kayna\u011f\u0131 oldu\u011funu belirten UBP Grup Ba\u015fkanvekili Dr.\u00a0Ahmet Sava\u015fan, \u201cKKTC de bizim en b\u00fcy\u00fck g\u00fcc\u00fcm\u00fczd\u00fcr. Bu nedenle onu g\u00fc\u00e7lendirdi\u011fimiz \u00f6l\u00e7\u00fcde g\u00fc\u00e7l\u00fc olaca\u011f\u0131m\u0131z\u0131 bilmemiz gerekiyor. KKTC g\u00fc\u00e7lendik\u00e7e, hem siyasal, hem ekonomik, hem de sosyal olarak g\u00fc\u00e7lenmi\u015f olaca\u011f\u0131z\u201d diye konu\u015ftu.<\/p>\n<p><strong>\u201cESK\u0130DEN YAPTIKLARIMIZLA YET\u0130NEMEY\u0130P, YEN\u0130 \u015eEYLER YAPMALIYIZ\u201d<\/strong><\/p>\n<p>KKTC\u2019nin g\u00fc\u00e7lenmesi i\u00e7in yap\u0131lmas\u0131 gereken pek \u00e7ok \u015fey bulundu\u011funa dikkati \u00e7eken Sava\u015fan, \u201cD\u00fcnya s\u00fcrekli de\u011fi\u015fiyor; ihtiya\u00e7lar \u00e7e\u015fitleniyor ve art\u0131yor. KKTC\u2019nin bu ihtiya\u00e7lara yan\u0131t verecek \u015fekilde geli\u015fmesi gerekiyor. Eskiden yapt\u0131klar\u0131m\u0131zla yetinemeyip, yeni \u015feyler yapmam\u0131z gerekir. Bug\u00fcn kar\u015f\u0131 kar\u015f\u0131ya bulundu\u011fumuz g\u00f6rev i\u015fte budur. Her g\u00fcn i\u00e7in KKTC\u2019yi g\u00fc\u00e7lendirmek; halka hizmet eder durumda tutmak. Bunu ba\u015far\u0131rsak g\u00fcn\u00fc gelecek herkes, b\u00fct\u00fcn d\u00fcnya devletleri KKTC\u2019yi K\u0131br\u0131s T\u00fcrk halk\u0131n\u0131n tek ve me\u015fru devleti olarak tan\u0131mak zorunda kalacak\u201d dedi.<\/p>\n<p><strong>\u201cHER ALANDA VAROLU\u015eUNU GER\u00c7EKLE\u015eT\u0130REN B\u0130R DEVLET OLMAMIZ GEREK\u0130YOR\u201d<\/strong><\/p>\n<p>Kuzey K\u0131br\u0131s T\u00fcrk Cumhuriyeti\u2019nin geride b\u0131rakt\u0131\u011f\u0131 40 y\u0131l\u0131 T\u00fcrkiye\u2019nin belirleyici deste\u011fi sayesinde ba\u015far\u0131 ile a\u015ft\u0131\u011f\u0131n\u0131 ve k\u00f6kle\u015fti\u011fine i\u015faret eden Dr.\u00a0Ahmet Sava\u015fan, \u201cT\u00fcrkiye\u2019nin deste\u011finin hayati oldu\u011fu meydandad\u0131r. Buna kar\u015f\u0131n bizim bu deste\u011fi en iyi \u015fekilde de\u011ferlendirmemiz gerekiyor. T\u00fcrkiye\u2019den maddi katk\u0131 alarak yolumuza devam edemeyiz. T\u00fcrkiye\u2019nin ekonomik ve sosyal potansiyelinden de yararlanarak kendi ayaklar\u0131m\u0131z \u00fczerinde duran, her alanda varolu\u015funu ger\u00e7ekle\u015ftiren bir devlet olmam\u0131z gerekiyor\u201d dedi.<\/p>\n<p><strong>\u201cDAHA \u00c7OK \u00c7ALI\u015eMAMIZ, DAHA VER\u0130ML\u0130 OLMAMIZ \u015eART\u2026\u201d<\/strong><\/p>\n<p>T\u00fcrkiye Cumhurba\u015fkan\u0131 Erdo\u011fan\u2019\u0131n aktif deste\u011fi sayesinde T\u00fcrk Devletleri Te\u015fkilat\u0131\u2019na g\u00f6zlemci \u00fcye olundu\u011funu ve Erdo\u011fan\u2019\u0131n her uluslararas\u0131 platformda KKTC\u2019nin haklar\u0131n\u0131 savunmaya devam etti\u011fini hat\u0131rlatan Dr.\u00a0Ahmet Sava\u015fan, \u201cSay\u0131n Erdo\u011fan\u2019\u0131n a\u00e7t\u0131\u011f\u0131 yollar\u0131 daha etkin kullanmak bize d\u00fc\u015fmektedir. Daha \u00e7ok \u00e7al\u0131\u015fmam\u0131z, daha verimli olmam\u0131z ve bize sa\u011flanan olanaklardan daha iyi yararlanmam\u0131z gerekiyor\u201d \u015feklinde konu\u015ftu.<\/p>\n<p><strong>\u201c\u00c7ALI\u015eMALARINIZ DEVLET\u0130M\u0130Z\u0130N YER\u0130N\u0130 AYDINLIK TUTACAKTIR\u2026\u201d<\/strong><\/p>\n<p>Ahmet Sava\u015fan\u00a0mesaj\u0131n\u0131n sonunda \u201cumudumuz, bilgimiz, cesaretimiz ve \u00e7al\u0131\u015fma g\u00fcc\u00fcm\u00fcz, K\u0131br\u0131s T\u00fcrk\u00fcn\u00fcn ve onun kurdu\u011fu devletin, Kuzey K\u0131br\u0131s T\u00fcrk Cumhuriyeti&#8217;nin yolunu ve yerini \u0131\u015f\u0131kl\u0131 ve ayd\u0131nl\u0131k tutacakt\u0131r. Bu duygu ve d\u00fc\u015f\u00fcncelerle 15 Kas\u0131m\u2019\u0131 yaratan m\u00fccahitlere, mukavemet\u00e7ilere, G\u00fcvenlik Kuvvetleri mensuplar\u0131na, K\u0131br\u0131s T\u00fcrk Bar\u0131\u015f Harekat\u0131 mensuplar\u0131na, \u015fehitlerimize ve ailelerine, gazilerimize ve her zaman yan\u0131m\u0131zda olan T\u00fcrkiye\u2019mize minnetlerimizi bir kez daha sunuyoruz. Cumhuriyet Bayram\u0131\u2019m\u0131z kutlu olsun\u201d ifadelerini kulland\u0131.<\/p>\n","protected":false},"excerpt":{"rendered":"<p>UBP Grup Ba\u015fkanvekili Ahmet Sava\u015fan, KKTC\u2019nin 40\u2019\u0131nc\u0131 y\u0131l d\u00f6n\u00fcm\u00fcn\u00fc kutlad\u0131. Sava\u015fan yay\u0131mlad\u0131\u011f\u0131 mesajda, \u201c40 y\u0131ld\u0131r ya\u015f\u0131yor; ya\u015famaya devam edecek\u201d dedi. Ulusal Birlik Partisi (UBP) Lefko\u015fa Milletvekili ve Grup Ba\u015fkanvekili Dr.\u00a0Ahmet Sava\u015fan, Kuzey K\u0131br\u0131s T\u00fcrk Cumhuriyeti\u2019nin (KKTC) K\u0131br\u0131s T\u00fcrk halk\u0131n\u0131n iradesi ile kuruldu\u011funu, T\u00fcrkiye\u2019nin deste\u011fi ile ya\u015fat\u0131ld\u0131\u011f\u0131n\u0131 ve birliktelikle ya\u015famaya devam edece\u011fini vurgulad\u0131. KKTC\u2019nin kurulu\u015f y\u0131l [&hellip;]<\/p>\n","protected":false},"author":1,"featured_media":16974,"comment_status":"open","ping_status":"open","sticky":false,"template":"","format":"standard","meta":{"_monsterinsights_skip_tracking":false,"_monsterinsights_sitenote_active":false,"_monsterinsights_sitenote_note":"","_monsterinsights_sitenote_category":0,"footnotes":""},"categories":[102],"tags":[],"class_list":["post-16931","post","type-post","status-publish","format-standard","has-post-thumbnail","hentry","category-haberler"],"aioseo_notices":[],"_links":{"self":[{"href":"https:\/\/ahmetsavasan.com\/tr_tr\/wp-json\/wp\/v2\/posts\/16931","targetHints":{"allow":["GET"]}}],"collection":[{"href":"https:\/\/ahmetsavasan.com\/tr_tr\/wp-json\/wp\/v2\/posts"}],"about":[{"href":"https:\/\/ahmetsavasan.com\/tr_tr\/wp-json\/wp\/v2\/types\/post"}],"author":[{"embeddable":true,"href":"https:\/\/ahmetsavasan.com\/tr_tr\/wp-json\/wp\/v2\/users\/1"}],"replies":[{"embeddable":true,"href":"https:\/\/ahmetsavasan.com\/tr_tr\/wp-json\/wp\/v2\/comments?post=16931"}],"version-history":[{"count":0,"href":"https:\/\/ahmetsavasan.com\/tr_tr\/wp-json\/wp\/v2\/posts\/16931\/revisions"}],"wp:featuredmedia":[{"embeddable":true,"href":"https:\/\/ahmetsavasan.com\/tr_tr\/wp-json\/wp\/v2\/media\/16974"}],"wp:attachment":[{"href":"https:\/\/ahmetsavasan.com\/tr_tr\/wp-json\/wp\/v2\/media?parent=16931"}],"wp:term":[{"taxonomy":"category","embeddable":true,"href":"https:\/\/ahmetsavasan.com\/tr_tr\/wp-json\/wp\/v2\/categories?post=16931"},{"taxonomy":"post_tag","embeddable":true,"href":"https:\/\/ahmetsavasan.com\/tr_tr\/wp-json\/wp\/v2\/tags?post=16931"}],"curies":[{"name":"wp","href":"https:\/\/api.w.org\/{rel}","templated":true}]}}