{"id":16932,"date":"2023-11-13T10:52:58","date_gmt":"2023-11-13T10:52:58","guid":{"rendered":"https:\/\/www.ahmetsavasan.biz\/?p=16168"},"modified":"2025-08-29T12:08:33","modified_gmt":"2025-08-29T12:08:33","slug":"ahmet-savasan-dunyadaki-turizm-egitimi-ihtiyacini-karsilayabiliriz","status":"publish","type":"post","link":"https:\/\/ahmetsavasan.com\/tr_tr\/ahmet-savasan-dunyadaki-turizm-egitimi-ihtiyacini-karsilayabiliriz\/","title":{"rendered":"Ahmet Sava\u015fan: D\u00fcnyadaki Turizm E\u011fitimi \u0130htiyac\u0131n\u0131 Kar\u015f\u0131layabiliriz"},"content":{"rendered":"<p>D\u00fcnya Sa\u011fl\u0131k Turizmi Konseyi Ba\u015fkan\u0131 Dr. Ahmet Sava\u015fan, d\u00fcnyan\u0131n \u00fczerinde birle\u015fti\u011fi \u2018gen\u00e7lerin nitelikli turizm e\u011fitimi almalar\u0131 gerekti\u011fi\u2019 konusundaki ihtiyac\u0131n KKTC i\u00e7in \u00f6nemli bir f\u0131rsat sundu\u011funu ifade ederek, KKTC\u2019deki 23 \u00fcniversitenin bu ihtiyac\u0131n kar\u015f\u0131lanmas\u0131 noktas\u0131nda \u00e7ok b\u00fcy\u00fck bir potansiyele sahip oldu\u011funun alt\u0131n\u0131 \u00e7izdi.<\/p>\n<p>D\u00fcnya Sa\u011fl\u0131k Turizmi Konseyi (Global Healthcare Travel Council) Ba\u015fkan\u0131 Dr.\u00a0Ahmet Sava\u015fan, Londra\u2019da ger\u00e7ekle\u015fen Bakanlar Zirvesi\u2019nde \u00f6n plana \u00e7\u0131kan gen\u00e7lerin turizm e\u011fitimi konusundaki ihtiya\u00e7lar\u0131n Kuzey K\u0131br\u0131s T\u00fcrk Cumhuriyeti\u2019nde (KKTC) kar\u015f\u0131lanabilece\u011fine dikkat \u00e7ekti.<\/p>\n<p>Bakanlar Zirvesi\u2019ne ev sahipli\u011fi yapan World Travel Market Londra kapsam\u0131nda 182 \u00fclkenin kat\u0131l\u0131m\u0131 ile ger\u00e7ekle\u015ftirilen toplant\u0131lara KKTC ad\u0131na D\u00fcnya Sa\u011fl\u0131k Turizmi Konseyi\u2019ni temsilen kat\u0131lan d\u00f6nem ba\u015fkan\u0131, Milletvekili Dr.\u00a0Ahmet Sava\u015fan, \u0130ngiltere\u2019de faaliyet g\u00f6steren sa\u011fl\u0131k ve turizm i\u015fletmeleri ile Londra\u2019da sa\u011fl\u0131k turizmi irtibat ofisi a\u00e7\u0131lmas\u0131 konusunda \u00f6zel anla\u015fmalar imzalad\u0131.<\/p>\n<p><img fetchpriority=\"high\" decoding=\"async\" class=\"alignnone wp-image-16170 size-full\" src=\"https:\/\/ahmetsavasan.com\/wp-content\/uploads\/2024\/06\/73.1.jpg\" alt=\"\" width=\"971\" height=\"551\" \/><\/p>\n<p><strong>\u0130NG\u0130LTERE\u2019DE \u0130RT\u0130BAT OF\u0130S\u0130 A\u00c7ILACAK<\/strong><\/p>\n<p>WTM temaslar\u0131 kapsam\u0131nda, \u0130ngiltere\u2019den Kuzey K\u0131br\u0131s\u2019a 2024 y\u0131l\u0131nda daha fazla sa\u011fl\u0131k turisti getirilmesine y\u00f6nelik \u00e7e\u015fitli sa\u011fl\u0131k ve turizm kurulu\u015flar\u0131yla Londra\u2019da irtibat ofisi olu\u015fturulmas\u0131na y\u00f6nelik \u00f6zel anla\u015fmalar da imzalayan Dr.\u00a0Ahmet Sava\u015fan, yap\u0131lan anla\u015fmalar ile konan hedefin \u0130ngiltere\u2019den KKTC\u2019ye getirilen sa\u011fl\u0131k turisti say\u0131s\u0131nda %70 oran\u0131nda art\u0131\u015f elde etmek oldu\u011funu duyurdu.<\/p>\n<p><img decoding=\"async\" class=\"alignnone wp-image-16171 size-full\" src=\"https:\/\/ahmetsavasan.com\/wp-content\/uploads\/2024\/06\/73.2.jpg\" alt=\"\" width=\"971\" height=\"551\" \/><\/p>\n<p><strong>&#8220;GEN\u00c7L\u0130K VE E\u011e\u0130T\u0130M YOLUYLA TUR\u0130ZM D\u00d6N\u00dc\u015eT\u00dcR\u00dcLECEK&#8230;\u201d<\/strong><\/p>\n<p>Bu y\u0131l Birle\u015fmi\u015f Milletler D\u00fcnya Turizm \u00d6rg\u00fct\u00fc (UNWTO) ile D\u00fcnya Seyahat ve Turizm Konseyi\u2019nin (WTTC) birlikte organize etti\u011fi Turizm Bakanlar\u0131 Zirvesi\u2019ndeki ana teman\u0131n \u201cGen\u00e7lik ve E\u011fitim Yoluyla Turizmi D\u00f6n\u00fc\u015ft\u00fcrmek&#8221; olarak se\u00e7ildi\u011fine i\u015faret eden\u00a0Ahmet Sava\u015fan, d\u00fcnya turizmine y\u00f6n veren liderlerin yap\u0131lan toplant\u0131larda turizm e\u011fitimindeki mevcut bo\u015fluklar\u0131 ele ald\u0131\u011f\u0131n\u0131; turizmin zorluklar\u0131 ile ba\u015fa \u00e7\u0131karken do\u011facak f\u0131rsatlar\u0131 da de\u011ferlendirebilen yetenekli ve esnek bir i\u015fg\u00fcc\u00fc yarat\u0131labilmesi i\u00e7in gen\u00e7lerin nitelikli e\u011fitim s\u00fcre\u00e7leriyle g\u00fc\u00e7lendirilmesine \u00f6ncelik verilmesi gerekti\u011fi konusunda birle\u015fildi\u011fine dikkat \u00e7ekti.<\/p>\n<p><img decoding=\"async\" class=\"alignnone wp-image-16172 size-full\" src=\"https:\/\/ahmetsavasan.com\/wp-content\/uploads\/2024\/06\/73.3.jpg\" alt=\"\" width=\"971\" height=\"551\" \/><\/p>\n<p><strong>&#8220;TUR\u0130ZM E\u011e\u0130T\u0130M\u0130N\u0130 \u00dcSTLENEB\u0130L\u0130R\u0130Z\u2026\u201d<\/strong><\/p>\n<p>D\u00fcnyan\u0131n \u00fczerinde birle\u015fti\u011fi \u2018gen\u00e7lerin nitelikli turizm e\u011fitimi almalar\u0131 gerekti\u011fi\u2019 konusundaki ihtiyac\u0131n KKTC i\u00e7in \u00f6nemli bir f\u0131rsat sundu\u011funa i\u015faret eden Dr.\u00a0Ahmet Sava\u015fan, KKTC\u2019deki 23 \u00fcniversitenin bu ihtiyac\u0131n kar\u015f\u0131lanmas\u0131 noktas\u0131nda \u00e7ok b\u00fcy\u00fck bir potansiyele sahip oldu\u011funun alt\u0131n\u0131 \u00e7izdi. Sava\u015fan, \u201cD\u00fcnyadaki gen\u00e7lerin turizm e\u011fitimine y\u00f6nelik ihtiya\u00e7lar\u0131n\u0131n KKTC\u2019de kar\u015f\u0131lanmas\u0131 konusunda h\u00fck\u00fcmetimiz, \u00fcniversitelerimiz ile payda\u015flar\u0131m\u0131z birlikte hareket eder ve gereken ad\u0131mlar\u0131 atarsa, bir yandan e\u011fitim turizmi, bir di\u011fer yandan ise Kuzey K\u0131br\u0131s turizminin s\u00fcrd\u00fcr\u00fclebilir geli\u015fimi i\u00e7in \u00e7ok \u00f6nemli kazan\u0131mlar elde edilebilecektir. Ben bu konudaki potansiyelimize ve gereken ad\u0131mlar\u0131 atabilece\u011fimize g\u00f6n\u00fclden inan\u0131yorum\u201d dedi.<\/p>\n","protected":false},"excerpt":{"rendered":"<p>D\u00fcnya Sa\u011fl\u0131k Turizmi Konseyi Ba\u015fkan\u0131 Dr. Ahmet Sava\u015fan, d\u00fcnyan\u0131n \u00fczerinde birle\u015fti\u011fi \u2018gen\u00e7lerin nitelikli turizm e\u011fitimi almalar\u0131 gerekti\u011fi\u2019 konusundaki ihtiyac\u0131n KKTC i\u00e7in \u00f6nemli bir f\u0131rsat sundu\u011funu ifade ederek, KKTC\u2019deki 23 \u00fcniversitenin bu ihtiyac\u0131n kar\u015f\u0131lanmas\u0131 noktas\u0131nda \u00e7ok b\u00fcy\u00fck bir potansiyele sahip oldu\u011funun alt\u0131n\u0131 \u00e7izdi. D\u00fcnya Sa\u011fl\u0131k Turizmi Konseyi (Global Healthcare Travel Council) Ba\u015fkan\u0131 Dr.\u00a0Ahmet Sava\u015fan, Londra\u2019da ger\u00e7ekle\u015fen [&hellip;]<\/p>\n","protected":false},"author":1,"featured_media":16975,"comment_status":"open","ping_status":"open","sticky":false,"template":"","format":"standard","meta":{"_monsterinsights_skip_tracking":false,"_monsterinsights_sitenote_active":false,"_monsterinsights_sitenote_note":"","_monsterinsights_sitenote_category":0,"footnotes":""},"categories":[140],"tags":[],"class_list":["post-16932","post","type-post","status-publish","format-standard","has-post-thumbnail","hentry","category-chtc"],"aioseo_notices":[],"_links":{"self":[{"href":"https:\/\/ahmetsavasan.com\/tr_tr\/wp-json\/wp\/v2\/posts\/16932","targetHints":{"allow":["GET"]}}],"collection":[{"href":"https:\/\/ahmetsavasan.com\/tr_tr\/wp-json\/wp\/v2\/posts"}],"about":[{"href":"https:\/\/ahmetsavasan.com\/tr_tr\/wp-json\/wp\/v2\/types\/post"}],"author":[{"embeddable":true,"href":"https:\/\/ahmetsavasan.com\/tr_tr\/wp-json\/wp\/v2\/users\/1"}],"replies":[{"embeddable":true,"href":"https:\/\/ahmetsavasan.com\/tr_tr\/wp-json\/wp\/v2\/comments?post=16932"}],"version-history":[{"count":1,"href":"https:\/\/ahmetsavasan.com\/tr_tr\/wp-json\/wp\/v2\/posts\/16932\/revisions"}],"predecessor-version":[{"id":20231,"href":"https:\/\/ahmetsavasan.com\/tr_tr\/wp-json\/wp\/v2\/posts\/16932\/revisions\/20231"}],"wp:featuredmedia":[{"embeddable":true,"href":"https:\/\/ahmetsavasan.com\/tr_tr\/wp-json\/wp\/v2\/media\/16975"}],"wp:attachment":[{"href":"https:\/\/ahmetsavasan.com\/tr_tr\/wp-json\/wp\/v2\/media?parent=16932"}],"wp:term":[{"taxonomy":"category","embeddable":true,"href":"https:\/\/ahmetsavasan.com\/tr_tr\/wp-json\/wp\/v2\/categories?post=16932"},{"taxonomy":"post_tag","embeddable":true,"href":"https:\/\/ahmetsavasan.com\/tr_tr\/wp-json\/wp\/v2\/tags?post=16932"}],"curies":[{"name":"wp","href":"https:\/\/api.w.org\/{rel}","templated":true}]}}