{"id":16933,"date":"2023-11-10T10:58:15","date_gmt":"2023-11-10T10:58:15","guid":{"rendered":"https:\/\/www.ahmetsavasan.biz\/?p=16174"},"modified":"2023-11-10T10:58:15","modified_gmt":"2023-11-10T10:58:15","slug":"ahmet-savasan-ataturkun-fikirlerini-dogru-anlarsak-dunya-daha-iyi-bir-yer-haline-gelir","status":"publish","type":"post","link":"https:\/\/ahmetsavasan.com\/tr_tr\/ahmet-savasan-ataturkun-fikirlerini-dogru-anlarsak-dunya-daha-iyi-bir-yer-haline-gelir\/","title":{"rendered":"Ahmet Sava\u015fan: Atat\u00fcrk\u2019\u00fcn Fikirlerini Do\u011fru Anlarsak D\u00fcnya Daha \u0130yi Bir Yer Haline Gelir"},"content":{"rendered":"<p>UBP Grup Ba\u015fkanvekili Dr. Ahmet Sava\u015fan, Gazi Mustafa Kemal Atat\u00fcrk&#8217;\u00fcn vefat\u0131n\u0131n 85&#8217;inci y\u0131l\u0131 dolay\u0131s\u0131yla yay\u0131mlad\u0131\u011f\u0131 mesajda, \u201cAtat\u00fcrk\u2019\u00fcn ideallerini, emanetlerini, fikirlerini do\u011fru \u015fekilde anlar ve gelecek nesillere do\u011fru \u015fekilde aktar\u0131rsak d\u00fcnyan\u0131n daha g\u00fczel ve daha ya\u015fanabilir bir yer olaca\u011f\u0131na hi\u00e7bir ku\u015fkum yoktur. Bunun i\u00e7in \u00e7al\u0131\u015fmak insanl\u0131k i\u00e7in \u00e7al\u0131\u015fmak demektir\u201d ifadelerini kulland\u0131.<\/p>\n<p>Ulusal Birlik Partisi (UBP) Grup Ba\u015fkanvekili Dr.\u00a0Ahmet Sava\u015fan, T\u00fcrkiye Cumhuriyeti&#8217;nin kurucusu Gazi Mustafa Kemal Atat\u00fcrk&#8217;\u00fcn vefat\u0131n\u0131n 85&#8217;inci y\u0131l\u0131 dolay\u0131s\u0131yla mesaj yay\u0131mlad\u0131.<\/p>\n<p>UBP Grup Ba\u015fkanvekili Dr.\u00a0Ahmet Sava\u015fan, 10 Kas\u0131m mesaj\u0131nda Atat\u00fcrk\u2019\u00fcn \u201cyurtta sulh, d\u00fcnyada sulh\u201d belgisine dikkati \u00e7ekerek Gazze\u2019de ya\u015fananlar\u0131n Atat\u00fcrk\u2019\u00fcn insanc\u0131ll\u0131\u011f\u0131n\u0131 bir kez daha kan\u0131tlad\u0131\u011f\u0131n\u0131 vurgulad\u0131.<\/p>\n<p>Atat\u00fcrk\u2019\u00fcn ebediyete intikal edi\u015finin 85\u2019inci y\u0131ld\u00f6n\u00fcm\u00fc nedeniyle mesaj yay\u0131mlayan UBP Grup Ba\u015fkanvekili Dr.\u00a0Ahmet Sava\u015fan, Atat\u00fcrk\u2019\u00fcn fikirlerini kavramak ve g\u00f6sterdi\u011fi hedeflere ula\u015fmak i\u00e7in daha \u00e7ok \u00e7al\u0131\u015fmak gerekti\u011fine dikkat \u00e7ekti.<\/p>\n<p><strong>\u201cATAT\u00dcRK \u0130NSANCILLI\u011eI VE UZAK G\u00d6R\u00dc\u015eL\u00dcL\u00dc\u011e\u00dc \u0130LE ADINI TAR\u0130HE ALTIN HARFLERLE YAZDIRDI\u201d<\/strong><\/p>\n<p>D\u00fcnyan\u0131n bug\u00fcn ya\u015fad\u0131\u011f\u0131 sorunlar\u0131n Atat\u00fcrk\u2019\u00fcn liderli\u011finin ne kadar \u00f6nemli oldu\u011funu bir kez daha kan\u0131tlad\u0131\u011f\u0131n\u0131 vurgulayan Dr.\u00a0Ahmet Sava\u015fan,<\/p>\n<p>\u201c\u00d6mr\u00fc sava\u015flarda ge\u00e7mi\u015f bir asker olarak Atat\u00fcrk, f\u0131rsat bulunur bulunmaz bar\u0131\u015f anla\u015fmas\u0131 yapm\u0131\u015f ve \u2018Yurtta Sulh, Cihanda Sulh\u2019 belgisi ile d\u00fcnya bar\u0131\u015f\u0131n\u0131n \u00f6nemini vurgulam\u0131\u015ft\u0131r. Bug\u00fcn Gazze\u2019de ya\u015fananlar dikkate al\u0131nd\u0131\u011f\u0131nda asker k\u00f6kenli bir lider olan Mustafa Kemal Atat\u00fcrk\u2019\u00fcn insanc\u0131ll\u0131\u011f\u0131n\u0131n ve uzak g\u00f6r\u00fc\u015fl\u00fcl\u00fc\u011f\u00fcn\u00fcn k\u0131ymeti bir kez daha anla\u015f\u0131lmaktad\u0131r. \u0130\u015fte Atat\u00fcrk bu \u00f6zelliklerinden \u00f6t\u00fcr\u00fc ad\u0131n\u0131 D\u00fcnya tarihine alt\u0131n harflerle yazd\u0131ran \u00f6nemli bir lider olmu\u015ftur\u201d dedi.<\/p>\n<p><strong>\u201c10 KASIM ATAT\u00dcRK\u2019\u00dc ANMAK KADAR ANLAMAK \u0130\u00c7\u0130N DE \u00d6NEML\u0130\u201d<\/strong><\/p>\n<p>Dr.\u00a0Ahmet Sava\u015fan, 10 Kas\u0131m\u2019\u0131n Atat\u00fcrk\u2019\u00fc anmak kadar anlamak i\u00e7in de f\u0131rsat g\u00f6r\u00fclmesi gerekti\u011fini belirterek, \u201cAtat\u00fcrk\u2019\u00fcn ideallerini, emanetlerini, fikirlerini do\u011fru \u015fekilde anlar ve gelecek nesillere do\u011fru \u015fekilde aktar\u0131rsak d\u00fcnyan\u0131n daha g\u00fczel ve daha ya\u015fanabilir bir yer olaca\u011f\u0131na hi\u00e7bir ku\u015fkum yoktur. Bunun i\u00e7in \u00e7al\u0131\u015fmak insanl\u0131k i\u00e7in \u00e7al\u0131\u015fmak demektir\u201d ifadelerini kulland\u0131.<\/p>\n<p><strong>\u201cCUMHUR\u0130YET G\u0130B\u0130 ATAT\u00dcRK\u2019\u00dcN ANISI DA Y\u00dcZYILLAR BOYU YA\u015eAYACAK\u2026\u201d<\/strong><\/p>\n<p>UBP Grup Ba\u015fkanvekili Dr.\u00a0Ahmet Sava\u015fan, 29 Ekim\u2019de Atat\u00fcrk\u2019\u00fcn en b\u00fcy\u00fck eseri olan T\u00fcrkiye Cumhuriyeti\u2019nin 100\u2019\u00fcnc\u00fc y\u0131l\u0131n\u0131n kutland\u0131\u011f\u0131n\u0131 hat\u0131rlatarak, Cumhuriyet gibi Atat\u00fcrk\u2019\u00fcn an\u0131s\u0131n\u0131n ve g\u00f6r\u00fc\u015flerinin de y\u00fczy\u0131llar boyu ya\u015fayaca\u011f\u0131n\u0131 vurgulad\u0131.<\/p>\n<p>Sava\u015fan, mesaj\u0131n\u0131n sonunda \u201cAtam\u0131z\u0131n bizlere b\u0131rakt\u0131\u011f\u0131 de\u011ferleri korumak i\u00e7in \u00e7al\u0131\u015faca\u011f\u0131m\u0131za bir kez daha s\u00f6z veriyoruz\u201d diyerek, \u201cT\u00fcrk Milleti\u2019nin ba\u011f\u0131ms\u0131zl\u0131\u011f\u0131n\u0131n ve egemenli\u011finin mimar\u0131 B\u00fcy\u00fck \u00d6nder Gazi Mustafa Kemal Atat\u00fcrk\u2019\u00fc, ebediyete intikal edi\u015finin 85\u2019inci y\u0131ld\u00f6n\u00fcm\u00fcnde b\u00fcy\u00fck bir \u00f6zlemle anarken T\u00fcrk ulusunun ba\u011f\u0131ms\u0131zl\u0131\u011f\u0131 ve egemenli\u011fi u\u011frunda kanlar\u0131n\u0131 d\u00f6ken t\u00fcm \u015fehitlerimize Allah\u2019tan rahmet diliyorum. Ruhlar\u0131 \u015fad olsun! \u0130fadelerini kulland\u0131.<\/p>\n","protected":false},"excerpt":{"rendered":"<p>UBP Grup Ba\u015fkanvekili Dr. Ahmet Sava\u015fan, Gazi Mustafa Kemal Atat\u00fcrk&#8217;\u00fcn vefat\u0131n\u0131n 85&#8217;inci y\u0131l\u0131 dolay\u0131s\u0131yla yay\u0131mlad\u0131\u011f\u0131 mesajda, \u201cAtat\u00fcrk\u2019\u00fcn ideallerini, emanetlerini, fikirlerini do\u011fru \u015fekilde anlar ve gelecek nesillere do\u011fru \u015fekilde aktar\u0131rsak d\u00fcnyan\u0131n daha g\u00fczel ve daha ya\u015fanabilir bir yer olaca\u011f\u0131na hi\u00e7bir ku\u015fkum yoktur. Bunun i\u00e7in \u00e7al\u0131\u015fmak insanl\u0131k i\u00e7in \u00e7al\u0131\u015fmak demektir\u201d ifadelerini kulland\u0131. Ulusal Birlik Partisi (UBP) Grup [&hellip;]<\/p>\n","protected":false},"author":1,"featured_media":16979,"comment_status":"open","ping_status":"open","sticky":false,"template":"","format":"standard","meta":{"_monsterinsights_skip_tracking":false,"_monsterinsights_sitenote_active":false,"_monsterinsights_sitenote_note":"","_monsterinsights_sitenote_category":0,"footnotes":""},"categories":[102],"tags":[],"class_list":["post-16933","post","type-post","status-publish","format-standard","has-post-thumbnail","hentry","category-haberler"],"aioseo_notices":[],"_links":{"self":[{"href":"https:\/\/ahmetsavasan.com\/tr_tr\/wp-json\/wp\/v2\/posts\/16933","targetHints":{"allow":["GET"]}}],"collection":[{"href":"https:\/\/ahmetsavasan.com\/tr_tr\/wp-json\/wp\/v2\/posts"}],"about":[{"href":"https:\/\/ahmetsavasan.com\/tr_tr\/wp-json\/wp\/v2\/types\/post"}],"author":[{"embeddable":true,"href":"https:\/\/ahmetsavasan.com\/tr_tr\/wp-json\/wp\/v2\/users\/1"}],"replies":[{"embeddable":true,"href":"https:\/\/ahmetsavasan.com\/tr_tr\/wp-json\/wp\/v2\/comments?post=16933"}],"version-history":[{"count":0,"href":"https:\/\/ahmetsavasan.com\/tr_tr\/wp-json\/wp\/v2\/posts\/16933\/revisions"}],"wp:featuredmedia":[{"embeddable":true,"href":"https:\/\/ahmetsavasan.com\/tr_tr\/wp-json\/wp\/v2\/media\/16979"}],"wp:attachment":[{"href":"https:\/\/ahmetsavasan.com\/tr_tr\/wp-json\/wp\/v2\/media?parent=16933"}],"wp:term":[{"taxonomy":"category","embeddable":true,"href":"https:\/\/ahmetsavasan.com\/tr_tr\/wp-json\/wp\/v2\/categories?post=16933"},{"taxonomy":"post_tag","embeddable":true,"href":"https:\/\/ahmetsavasan.com\/tr_tr\/wp-json\/wp\/v2\/tags?post=16933"}],"curies":[{"name":"wp","href":"https:\/\/api.w.org\/{rel}","templated":true}]}}