{"id":16934,"date":"2023-11-06T11:03:16","date_gmt":"2023-11-06T11:03:16","guid":{"rendered":"https:\/\/www.ahmetsavasan.biz\/?p=16179"},"modified":"2023-11-06T11:03:16","modified_gmt":"2023-11-06T11:03:16","slug":"basbakan-ustel-hukumete-gelirken-verdigimiz-sozler-neyse-hepsini-bir-bir-gerceklestiriyoruz","status":"publish","type":"post","link":"https:\/\/ahmetsavasan.com\/tr_tr\/basbakan-ustel-hukumete-gelirken-verdigimiz-sozler-neyse-hepsini-bir-bir-gerceklestiriyoruz\/","title":{"rendered":"Ba\u015fbakan \u00dcstel: H\u00fck\u00fcmete Gelirken Verdi\u011fimiz S\u00f6zler Neyse Hepsini Bir Bir Ger\u00e7ekle\u015ftiriyoruz"},"content":{"rendered":"<p>Ba\u015fbakan \u00dcnal \u00dcstel, G\u00f6nyeli&#8217;de vatanda\u015fla bir araya geldi. Ziyaretler s\u0131ras\u0131nda konu\u015fma yapan \u00dcstel, \u201cH\u00fck\u00fcmete gelirken verdi\u011fimiz s\u00f6zler neyse hepsini bir bir ger\u00e7ekle\u015ftiriyoruz. Att\u0131\u011f\u0131m\u0131z ad\u0131mlarla iyi bir noktaya geldik ama yetmez&#8230; \u0130nsan\u0131m\u0131z, devletimiz, \u00e7ok daha g\u00fczel bir gelece\u011fi hak ediyor. Biz \u00e7al\u0131\u015fmaya, \u00e7al\u0131\u015farak halk\u0131m\u0131z\u0131n deste\u011fini almaya devam edece\u011fiz\u201d dedi.<\/p>\n<p>Ulusal Birlik Partisi (UBP) Genel Ba\u015fkan\u0131, Ba\u015fbakan\u00a0\u00dcnal \u00dcstel, G\u00f6nyeli&#8217;de vatanda\u015fla bulu\u015ftu. Olduk\u00e7a yo\u011fun bir ilgiyle kar\u015f\u0131lanan \u00dcstel\u2019e, UBP Genel Sekreteri\u00a0O\u011fuzhan Hasipo\u011flu, Lefko\u015fa \u0130l\u00e7e Ba\u015fkan\u0131 ve Milletvekili\u00a0Ahmet Sava\u015fan, Ekonomi ve Enerji Bakan\u0131\u00a0Olgun Amcao\u011flu, D\u0131\u015fi\u015fleri Bakan\u0131\u00a0Tahsin Ertu\u011frulo\u011flu, \u00c7al\u0131\u015fma ve Sosyal G\u00fcvenlik Bakan\u0131\u00a0Sad\u0131k Gardiyano\u011flu, G\u00f6nyeli-Alayk\u00f6y Belediye Ba\u015fkan\u0131 H\u00fcseyin Amcao\u011flu, Milletvekilleri\u00a0Ziya \u00d6zt\u00fcrkler\u00a0ve\u00a0Ali\u015fan \u015ean\u00a0ile partililer de e\u015flik etti.<\/p>\n<p><img fetchpriority=\"high\" decoding=\"async\" class=\"alignnone wp-image-16181 size-full\" src=\"https:\/\/ahmetsavasan.com\/wp-content\/uploads\/2024\/06\/75.1.jpg\" alt=\"\" width=\"971\" height=\"551\" \/><\/p>\n<p>\u00dcstel, konu\u015fmas\u0131n\u0131n ba\u015f\u0131nda ge\u00e7ti\u011fimiz yerel se\u00e7imlere at\u0131fta bulunarak, &#8220;G\u00f6nyeli devrilmez dediler. H\u00fcseyin Amcao\u011flu ile devirdik&#8221; dedi ve H\u00fcseyin Amcao\u011flu\u2019nun G\u00f6nyeli\u2019ye unutulmaz hizmetler b\u0131rakaca\u011f\u0131ndan emin olduklar\u0131n\u0131 belirtti.<\/p>\n<p>\u00dcstel, \u0131srarla ve kararl\u0131l\u0131kla hayata ge\u00e7irdikleri yerel y\u00f6netim reformunun, t\u00fcm belediyeler i\u00e7in \u00f6nemli bir kazan\u0131m oldu\u011funa vurgu yapt\u0131.<\/p>\n<p><img decoding=\"async\" class=\"alignnone wp-image-16182 size-full\" src=\"https:\/\/ahmetsavasan.com\/wp-content\/uploads\/2024\/06\/75.2.jpg\" alt=\"\" width=\"971\" height=\"551\" \/><\/p>\n<p>Buna benzer ad\u0131mlar\u0131 atmaya, devletin altyap\u0131s\u0131n\u0131 g\u00fcncellemeye, ekonomisi ve mali yap\u0131s\u0131n\u0131 g\u00fc\u00e7lendirmeye, halk\u0131n ihtiyac\u0131 olan proje ve yasal \u00e7al\u0131\u015fmalar\u0131 kararl\u0131l\u0131kla yapmaya devam edeceklerini vurgulayan \u00dcstel, \u201cH\u00fck\u00fcmete gelirken verdi\u011fimiz s\u00f6zler neyse hepsini bir bir ger\u00e7ekle\u015ftiriyoruz. Att\u0131\u011f\u0131m\u0131z ad\u0131mlarla iyi bir noktaya geldik ama yetmez&#8230; \u0130nsan\u0131m\u0131z, devletimiz, \u00e7ok daha g\u00fczel bir gelece\u011fi hak ediyor. Biz \u00e7al\u0131\u015fmaya, \u00e7al\u0131\u015farak halk\u0131m\u0131z\u0131n deste\u011fini almaya devam edece\u011fiz\u201d \u015feklinde konu\u015ftu.<\/p>\n<p><strong>&#8220;\u00d6NCEL\u0130\u011e\u0130M\u0130Z GEN\u00c7LER\u0130M\u0130Z&#8221;<\/strong><\/p>\n<p>\u00dcstel yap\u0131lan ve yap\u0131lacak olan projelerle ilgili ise \u015fu bilgileri verdi:<\/p>\n<p>&#8220;Enerjide enterkonnekte sistemle ye\u015fil enerjinin \u00f6n\u00fcn\u00fc a\u00e7aca\u011f\u0131z. Yeni Ercan Havaliman\u0131 ile \u00e7a\u011fda\u015f havac\u0131l\u0131k normlar\u0131n\u0131 yakalad\u0131k, meyvelerini almaya ba\u015flad\u0131k. Yeni Ercan ile d\u00fcnyaya kap\u0131m\u0131z\u0131 a\u00e7t\u0131k. \u015eimdi hukuk yoluyla, t\u00fcm g\u00fcc\u00fcm\u00fcz\u00fc kullanarak, ula\u015f\u0131mda ambargolar\u0131n sona ermesi i\u00e7in m\u00fccadelemize ba\u015fl\u0131yoruz. K\u0131br\u0131s Konusunda yeni ad\u0131mlar atarken, d\u00fcnyaya a\u00e7\u0131lma y\u00f6n\u00fcnde kararl\u0131l\u0131kla ilerleyece\u011fiz. KKTC\u2019yi geli\u015ftirmeye, d\u00fcnya standartlar\u0131na ula\u015ft\u0131rmaya, sanayicisini, turizmcisini, \u00fcreticisini\u00a0 g\u00fc\u00e7l\u00fc k\u0131lma\u00a0 hedefiyle ilk g\u00fcnden beri \u00f6nceli\u011fimiz halk\u0131m\u0131zd\u0131r dedik. Ekonomik sorunlara, global krize, ekonomik daralmaya ra\u011fmen her t\u00fcrl\u00fc \u00f6nemli almaya devam edece\u011fiz. Halk\u0131m\u0131z\u0131n al\u0131m g\u00fcc\u00fcn\u00fc ayakta tutaca\u011f\u0131z.<\/p>\n<p><img decoding=\"async\" class=\"alignnone wp-image-16183 size-full\" src=\"https:\/\/ahmetsavasan.com\/wp-content\/uploads\/2024\/06\/75.3.jpg\" alt=\"\" width=\"971\" height=\"551\" \/><\/p>\n<p>2024 y\u0131l\u0131n\u0131n daha g\u00fczel ge\u00e7mesi i\u00e7in haz\u0131rl\u0131klar\u0131m\u0131z s\u00fcr\u00fcyor. 47\/2010 Yasas\u0131&#8217;ndan ma\u011fdur olanlar\u0131n maa\u015flar\u0131n\u0131 g\u00fcncelledik. Hayat Pahal\u0131l\u0131\u011f\u0131 \u00f6dene\u011fini y\u0131lda 3\u2019e \u00e7\u0131kar\u0131yoruz. Gen\u00e7lere k\u0131rsal kesim arsas\u0131 vermeye devam edece\u011fiz. Sosyal konut projesi yak\u0131nda\u00a0 ba\u015flayacak.\u00a0 Gen\u00e7lerimize ilk evim kredisi vermeyi s\u00fcrd\u00fcr\u00fcyoruz.\u00a0\u00a0 Gen\u00e7lerimiz i\u00e7in yeni bir kredi paketini de\u00a0 k\u0131sa bir s\u00fcre sonra\u00a0 a\u00e7\u0131klayaca\u011f\u0131z. \u00d6nceli\u011fimiz gen\u00e7lerimizdir ve bu topraklarda ya\u015famlar\u0131n\u0131 refah i\u00e7inde s\u00fcrd\u00fcrmeleridir.<\/p>\n<p>Halk\u0131m\u0131z\u0131n yol g\u00fcvenli\u011fini sa\u011flamak i\u00e7in t\u00fcm imkanlar\u0131 seferber ettik. 2013 y\u0131l\u0131ndan beri bekleyen G\u00f6nyeli &#8211; Lefko\u015fa \u00c7evre Yolu\u2019nda istimlak bedellerini b\u00fcy\u00fck oranda \u00e7\u00f6zd\u00fck. 2024 y\u0131l\u0131 i\u00e7inde yap\u0131m\u0131na ba\u015flayaca\u011f\u0131z.&#8221;<\/p>\n<p>\u00dcstel bunlara ek olarak\u00a0 \u00fclkeyi 4.5 G teknolojisi ile\u00a0 kavu\u015fturduklar\u0131n\u0131 s\u00f6ylerken, gelecek y\u0131l ise her eve fiber optik kablo d\u00f6\u015fenmesi i\u00e7in ihaleye \u00e7\u0131kacaklar\u0131n\u0131 a\u00e7\u0131klad\u0131.<\/p>\n<p><img loading=\"lazy\" decoding=\"async\" class=\"alignnone wp-image-16184 size-full\" src=\"https:\/\/ahmetsavasan.com\/wp-content\/uploads\/2024\/06\/75.4.jpg\" alt=\"\" width=\"971\" height=\"551\" \/><\/p>\n<p>\u00dcstel, dijital ada hedefine ad\u0131m ad\u0131m ula\u015fmaya ba\u015flad\u0131klar\u0131n\u0131 belirtti.<\/p>\n<p><strong>\u201cGELECE\u011e\u0130M\u0130Z\u0130 PLANLAYACA\u011eIZ\u201d<\/strong><\/p>\n<p>DP\u00d6\u2019n\u00fcn 5 y\u0131ll\u0131k kalk\u0131nma plan\u0131 \u00e7al\u0131\u015fmalar\u0131n\u0131 s\u00fcrd\u00fcrd\u00fc\u011f\u00fcne de vurgu yapan \u00dcstel, \u00e7arp\u0131k yap\u0131la\u015fmaya kar\u015f\u0131 ise teknik toplant\u0131lar\u0131n s\u00fcrd\u00fc\u011f\u00fcn\u00fc, emirnameler yerine t\u00fcm \u00fclke i\u00e7in imar plan\u0131n\u0131n yasalla\u015ft\u0131r\u0131laca\u011f\u0131n\u0131, \u00fclkesel fiziki plan\u0131n\u0131n da g\u00fcncellenece\u011fini ifade etti.<\/p>\n<p>\u00dcstel, \u201c B\u00fct\u00fcn bunlar\u0131 insan\u0131m\u0131z, gelece\u011fimiz ve\u00a0 evlatlar\u0131m\u0131z i\u00e7in yapmakta kararl\u0131y\u0131z. Deprem fonundaki birikimi \u00e7ocuklar\u0131m\u0131z\u0131n g\u00fcvenli\u011fi ad\u0131na okullar\u0131m\u0131z i\u00e7in harcamaya devam edece\u011fiz. Ele\u015ftirileri okuyoruz ve dikkate al\u0131yoruz. Biz gelece\u011fimizi, icratlar\u0131m\u0131z\u0131 karalamaya \u00e7al\u0131\u015fan ve bu devlete g\u00fcvenmeyenlere kar\u015f\u0131 planlayaca\u011f\u0131z. Halk\u0131m\u0131z\u0131n yarar\u0131na ne gerekiyorsa kararl\u0131l\u0131kla yapaca\u011f\u0131z\u201d dedi.<\/p>\n<p><strong>\u201cYEN\u0130 KIBRIS POL\u0130T\u0130KAMIZA HALKIMIZIN DESTE\u011e\u0130 B\u00dcY\u00dcYOR\u201d<\/strong><\/p>\n<p>\u00dcstel, Azerbaycan ile ili\u015fkilerde \u00f6n\u00fcm\u00fczdeki g\u00fcnlerde yeni geli\u015fmeler\u00a0 beklediklerine de dikkat \u00e7ekerek, &#8220;I\u015f\u0131k yand\u0131. Bu \u0131\u015f\u0131k yolumuzu ayd\u0131nlat\u0131yor&#8221; diye de konu\u015ftu.<\/p>\n<p>Konu\u015fmas\u0131nda\u00a0 2025 y\u0131l\u0131nda yap\u0131lacak olan Cumhurba\u015fkanl\u0131\u011f\u0131 se\u00e7imine de de\u011finen\u00a0 \u00dcstel, \u201c Cumhurba\u015fkanl\u0131\u011f\u0131 se\u00e7imi \u00e7ok \u00f6nemli. Bu se\u00e7im federasyonu savunanlarla egemen e\u015fitlik temelinde \u00e7\u00f6z\u00fcm\u00fc savunanlar aras\u0131nda ge\u00e7ecek. Bug\u00fcn\u00a0 halk\u0131m\u0131z\u0131n y\u00fczde 71\u2019i egemen e\u015fitlik temelinde bir \u00e7\u00f6z\u00fcm istiyor. Y\u00fczde 29 federasyon diyor. Yeni K\u0131br\u0131s politikam\u0131z halk\u0131m\u0131zdan destek g\u00f6r\u00fcyor. \u0130n\u015fallah bu se\u00e7imi de sizlerin deste\u011finizle alaca\u011f\u0131z\u201d ifadelerini kulland\u0131.<\/p>\n<p><img loading=\"lazy\" decoding=\"async\" class=\"alignnone wp-image-16185 size-full\" src=\"https:\/\/ahmetsavasan.com\/wp-content\/uploads\/2024\/06\/75.5.jpg\" alt=\"\" width=\"971\" height=\"551\" \/><\/p>\n<p><strong>\u201cDERD\u0130M\u0130Z DEVLET\u0130M\u0130Z, HALKIMIZIN MUTLULU\u011eU VE REFAHIDIR\u201d<\/strong><\/p>\n<p>\u00dcstel, \u201cBizim derdimiz KKTC. Bizim derdimiz bu bayra\u011f\u0131n g\u00f6klerde daha g\u00fc\u00e7l\u00fc dalgalanmas\u0131d\u0131r. Halk\u0131m\u0131z\u0131n mutlulu\u011fu ve refah i\u00e7inde ya\u015famas\u0131d\u0131r. Bunun i\u00e7in de Anavatan T\u00fcrkiye ile isti\u015fare i\u00e7inde\u00a0 \u00e7al\u0131\u015f\u0131yoruz. Anavatan\u0131m\u0131z\u0131n deste\u011fi ile KKTC&#8217;yi ad\u0131m ad\u0131m d\u00fcnyayla kucakla\u015ft\u0131r\u0131yoruz. Bu devleti UBP kurdu&#8230; Ya\u015famas\u0131 i\u00e7in de, d\u00fcnyayla kavu\u015fma yolunda daha g\u00fc\u00e7l\u00fc olmas\u0131 ne gerekiyorsa yapaca\u011f\u0131z\u201d diyerek s\u00f6zlerini noktalad\u0131.<\/p>\n","protected":false},"excerpt":{"rendered":"<p>Ba\u015fbakan \u00dcnal \u00dcstel, G\u00f6nyeli&#8217;de vatanda\u015fla bir araya geldi. Ziyaretler s\u0131ras\u0131nda konu\u015fma yapan \u00dcstel, \u201cH\u00fck\u00fcmete gelirken verdi\u011fimiz s\u00f6zler neyse hepsini bir bir ger\u00e7ekle\u015ftiriyoruz. Att\u0131\u011f\u0131m\u0131z ad\u0131mlarla iyi bir noktaya geldik ama yetmez&#8230; \u0130nsan\u0131m\u0131z, devletimiz, \u00e7ok daha g\u00fczel bir gelece\u011fi hak ediyor. Biz \u00e7al\u0131\u015fmaya, \u00e7al\u0131\u015farak halk\u0131m\u0131z\u0131n deste\u011fini almaya devam edece\u011fiz\u201d dedi. Ulusal Birlik Partisi (UBP) Genel Ba\u015fkan\u0131, Ba\u015fbakan\u00a0\u00dcnal [&hellip;]<\/p>\n","protected":false},"author":1,"featured_media":16980,"comment_status":"open","ping_status":"open","sticky":false,"template":"","format":"standard","meta":{"_monsterinsights_skip_tracking":false,"_monsterinsights_sitenote_active":false,"_monsterinsights_sitenote_note":"","_monsterinsights_sitenote_category":0,"footnotes":""},"categories":[102],"tags":[],"class_list":["post-16934","post","type-post","status-publish","format-standard","has-post-thumbnail","hentry","category-haberler"],"aioseo_notices":[],"_links":{"self":[{"href":"https:\/\/ahmetsavasan.com\/tr_tr\/wp-json\/wp\/v2\/posts\/16934","targetHints":{"allow":["GET"]}}],"collection":[{"href":"https:\/\/ahmetsavasan.com\/tr_tr\/wp-json\/wp\/v2\/posts"}],"about":[{"href":"https:\/\/ahmetsavasan.com\/tr_tr\/wp-json\/wp\/v2\/types\/post"}],"author":[{"embeddable":true,"href":"https:\/\/ahmetsavasan.com\/tr_tr\/wp-json\/wp\/v2\/users\/1"}],"replies":[{"embeddable":true,"href":"https:\/\/ahmetsavasan.com\/tr_tr\/wp-json\/wp\/v2\/comments?post=16934"}],"version-history":[{"count":0,"href":"https:\/\/ahmetsavasan.com\/tr_tr\/wp-json\/wp\/v2\/posts\/16934\/revisions"}],"wp:featuredmedia":[{"embeddable":true,"href":"https:\/\/ahmetsavasan.com\/tr_tr\/wp-json\/wp\/v2\/media\/16980"}],"wp:attachment":[{"href":"https:\/\/ahmetsavasan.com\/tr_tr\/wp-json\/wp\/v2\/media?parent=16934"}],"wp:term":[{"taxonomy":"category","embeddable":true,"href":"https:\/\/ahmetsavasan.com\/tr_tr\/wp-json\/wp\/v2\/categories?post=16934"},{"taxonomy":"post_tag","embeddable":true,"href":"https:\/\/ahmetsavasan.com\/tr_tr\/wp-json\/wp\/v2\/tags?post=16934"}],"curies":[{"name":"wp","href":"https:\/\/api.w.org\/{rel}","templated":true}]}}