{"id":16935,"date":"2023-11-05T10:28:45","date_gmt":"2023-11-05T10:28:45","guid":{"rendered":"https:\/\/www.ahmetsavasan.biz\/?p=16194"},"modified":"2023-11-05T10:28:45","modified_gmt":"2023-11-05T10:28:45","slug":"basbakan-ustel-sosyal-konutlarin-ilk-temeli-guzelyurtla-es-zamanli-olarak-alaykoyde-de-atilacak","status":"publish","type":"post","link":"https:\/\/ahmetsavasan.com\/tr_tr\/basbakan-ustel-sosyal-konutlarin-ilk-temeli-guzelyurtla-es-zamanli-olarak-alaykoyde-de-atilacak\/","title":{"rendered":"Ba\u015fbakan \u00dcstel: Sosyal Konutlar\u0131n \u0130lk Temeli G\u00fczelyurt&#8217;la E\u015f Zamanl\u0131 Olarak Alayk\u00f6y&#8217;de De At\u0131lacak"},"content":{"rendered":"<p>Ba\u015fbakan \u00dcnal \u00dcstel, Y\u0131lmazk\u00f6y ve Alayk\u00f6y\u2019\u00fc ziyaret ederek, b\u00f6lge halk\u0131 ile bir araya geldi, \u00f6nemli a\u00e7\u0131klamalarda bulundu&#8230; Sosyal konut \u00e7al\u0131\u015fmalar\u0131na de\u011finen Ba\u015fbakan \u00dcstel, \u201cSosyal konutlar\u0131n ilk temeli G\u00fczelyurt&#8217;la e\u015f zamanl\u0131 olarak Alayk\u00f6y&#8217;de de at\u0131lacak\u201d dedi.<\/p>\n<p>Ba\u015fbakan ve Ulusal Birlik Partisi (UBP) Genel Ba\u015fkan\u0131\u00a0\u00dcnal \u00dcstel\u00a0hafta sonu ziyaretleri \u00e7er\u00e7evesinde, Y\u0131lmazk\u00f6y ve Alayk\u00f6y&#8217;de halkla bulu\u015ftu.<\/p>\n<p>\u00dcstel\u2019e ziyaretlerinde, UBP Genel Sekreteri\u00a0O\u011fuzhan Hasipo\u011flu, Lefko\u015fa \u0130l\u00e7e Ba\u015fkan\u0131 ve Milletvekili\u00a0Ahmet Sava\u015fan, D\u0131\u015fi\u015fleri Bakan\u0131\u00a0Tahsin Ertu\u011frulo\u011flu, \u00c7al\u0131\u015fma ve Sosyal G\u00fcvenlik Bakan\u0131\u00a0Sad\u0131k Gardiyano\u011flu, G\u00f6nyeli-Alayk\u00f6y Belediye Ba\u015fkan\u0131 H\u00fcseyin Amcao\u011flu, Milletvekilleri\u00a0Ziya \u00d6zt\u00fcrkler\u00a0ve\u00a0Ali\u015fan \u015ean\u00a0ile partililer de e\u015flik etti. Halk bulu\u015fmas\u0131nda\u00a0\u00dcnal \u00dcstel\u00a0b\u00fcy\u00fck bir ilgi ve sevgi ile kar\u015f\u0131land\u0131.<\/p>\n<p><img fetchpriority=\"high\" decoding=\"async\" class=\"alignnone wp-image-16196 size-full\" src=\"https:\/\/ahmetsavasan.com\/wp-content\/uploads\/2024\/07\/77.1.jpg\" alt=\"\" width=\"971\" height=\"551\" \/><\/p>\n<p>Konu\u015fmas\u0131n\u0131n ba\u015f\u0131nda, G\u00f6nyeli-Alayk\u00f6y Belediyesi i\u00e7in yerel se\u00e7imlerde UBP ve H\u00fcseyin Amcao\u011flu\u2019na b\u00fcy\u00fck destek veren halka te\u015fekk\u00fcr eden\u00a0\u00dcnal \u00dcstel, &#8220;K\u00f6ylerimiz yaln\u0131z de\u011fildir. Her hafta sizlerin yan\u0131na geliyoruz, sizleri dinliyoruz, bu \u00fclke i\u00e7in, sizler i\u00e7in neler yapabiliriz diye sesinize kulak veriyoruz. Gitti\u011fimiz her b\u00f6lgede hizmetlerimizin ve u\u011fra\u015flar\u0131m\u0131z\u0131n kar\u015f\u0131l\u0131\u011f\u0131n\u0131 do\u011frudan insan\u0131m\u0131zdan alman\u0131n mutlulu\u011funu ya\u015f\u0131yoruz\u201d dedi.<\/p>\n<p>K\u0131br\u0131s T\u00fcrk halk\u0131n\u0131n her \u015feyin en g\u00fczelini hak etti\u011fine vurgu yapan \u00dcstel, h\u00fck\u00fcmete gelir gelmez, halk\u0131n yarar\u0131na olacak ad\u0131mlar\u0131 kararl\u0131l\u0131kla att\u0131klar\u0131n\u0131, tozlu raflarda bekleyen yasalar\u0131, tek tek hayata ge\u00e7irmeye ba\u015flad\u0131klar\u0131n\u0131 kaydetti.<\/p>\n<p><img decoding=\"async\" class=\"alignnone wp-image-16197 size-full\" src=\"https:\/\/ahmetsavasan.com\/wp-content\/uploads\/2024\/07\/77.2.jpg\" alt=\"\" width=\"971\" height=\"551\" \/><\/p>\n<p><strong>\u201cDO\u011eRU B\u0130LD\u0130\u011e\u0130M\u0130Z YOLDA Y\u00dcR\u00dcMEYE DEVAM EDECE\u011e\u0130Z\u201d<\/strong><\/p>\n<p>\u00dcstel, &#8220;2008 y\u0131l\u0131ndan beri sadece konu\u015fulan ve hep bekleyen Belediyeler Reformu&#8217;nu hayata ge\u00e7irdik. Bize &#8216;belediyeleri bat\u0131racaks\u0131n\u0131z&#8217; dediler. Ancak biz do\u011fru bildi\u011fimiz yolda y\u00fcr\u00fcmekte \u0131srar ettik. Zaman bizi hakl\u0131 \u00e7\u0131kard\u0131. Enerjide kablo ile elektrik ve enterkonnekte sistemini ad\u0131m ad\u0131m hayata ge\u00e7iriyoruz. Anavatan\u2019dan suyu getirdi\u011fimiz gibi enerjiyi de getirece\u011fiz.\u00a0 Fizibilite \u00e7al\u0131\u015fmas\u0131 4-5 ay i\u00e7inde bitecek ve sonunda istikrarl\u0131 bir enerjiye kavu\u015faca\u011f\u0131z. \u00d6te yandan Yeni Ercan ile d\u00fcnyaya olan penceremizi a\u00e7t\u0131k. \u015eimdi hukuk yoluyla ambargolar\u0131 kald\u0131rmak i\u00e7in m\u00fccadele ediyoruz\u201d dedi.<\/p>\n<p><img decoding=\"async\" class=\"alignnone wp-image-16198 size-full\" src=\"https:\/\/ahmetsavasan.com\/wp-content\/uploads\/2024\/07\/77.3.jpg\" alt=\"\" width=\"971\" height=\"551\" \/><\/p>\n<p><strong>\u201cSOSYAL KONUTLARIN \u0130LK TEMEL\u0130 G\u00dcZELYURT&#8217;LA E\u015e ZAMANLI OLARAK ALAYK\u00d6Y&#8217;DE DE ATILACAK\u201d<\/strong><\/p>\n<p>Gen\u00e7lerin kendi topraklar\u0131nda \u00f6zg\u00fcrce ya\u015famalar\u0131, b\u00f6lgelerinde konut sahibi olmalar\u0131 i\u00e7in de \u00e7al\u0131\u015fmaya devam ettiklerini belirten\u00a0\u00dcnal \u00dcstel, Alayk\u00f6y &#8211; Y\u0131lmazk\u00f6y b\u00f6lgesinde k\u0131rsal kesim arsalar\u0131n\u0131n hak edenlere yeniden da\u011f\u0131t\u0131laca\u011f\u0131n\u0131, gen\u00e7lere ayr\u0131ca, yar\u0131m kalan evini tamamlamas\u0131, ya da k\u0131rsal kesim arsas\u0131na evini yapmas\u0131 i\u00e7in d\u00fc\u015f\u00fck faizli kredi uygulamas\u0131n\u0131n devam etti\u011fini kaydetti.<\/p>\n<p><strong>\u00dcstel ayr\u0131ca \u015funlar\u0131 kaydetti:<\/strong><\/p>\n<p><em>&#8220;B\u00f6lge gen\u00e7lerine vergiden muaf d\u00fc\u015f\u00fck maliyetli sosyal konut projesi i\u00e7in mevzuat \u00e7al\u0131\u015fmalar\u0131 tamamlan\u0131yor. G\u00fczelyurt ile e\u015f zamanl\u0131 ilk olarak ilk temellerden birini de Alayk\u00f6y\u2019de ataca\u011f\u0131z.&#8221;<\/em><\/p>\n<p><img loading=\"lazy\" decoding=\"async\" class=\"alignnone wp-image-16199 size-full\" src=\"https:\/\/ahmetsavasan.com\/wp-content\/uploads\/2024\/07\/77.4.jpg\" alt=\"\" width=\"971\" height=\"551\" \/><\/p>\n<p><strong>\u201c\u00dcRET\u0130C\u0130M\u0130ZE VE HAYVANCIMIZA DESTE\u011e\u0130M\u0130Z S\u00dcRECEK\u201d<\/strong><\/p>\n<p>\u00dcreticiye ve hayvanc\u0131ya deste\u011fe devam edeceklerini de vurgulayan \u00dcstel, \u201cE\u015fine az rastlanan bir destek yarat\u0131yoruz.\u00a0 Te\u015fviklere b\u00fct\u00e7ede 800 milyon TL ayr\u0131lm\u0131\u015ft\u0131. Yeni b\u00fct\u00e7ede bu rakam\u0131 1 milyar 850 milyon TL yapt\u0131k&#8221; ifadelerini kulland\u0131.<\/p>\n<p><strong>\u201cD\u00dcNYAYLA KUCAKLA\u015eACA\u011eIZ\u201d<\/strong><\/p>\n<p>Anavatan T\u00fcrkiye\u2019nin deste\u011fiyle, K\u0131br\u0131s T\u00fcrk halk\u0131n\u0131n d\u00fcnyayla kucakla\u015fmas\u0131 s\u00fcrecini ba\u015flatt\u0131klar\u0131n\u0131 da\u00a0 an\u0131msatan \u00dcstel, \u201cK\u0131br\u0131s\u2019ta art\u0131k federasyon g\u00f6r\u00fc\u015fmesi diye bir \u015fey yok. Bu adada egemen iki e\u015fti devlet var. Kabul edilirse, oturur konu\u015furuz. KKTC&#8217;nin T\u00fcrk Devletleri Te\u015fkilat\u0131\u2019na g\u00f6zlemci \u00fcyeli\u011fini k\u00fc\u00e7\u00fcmseyenlere inat, d\u00fcnyayla kucakla\u015fma yolunda emin ad\u0131mlarla y\u00fcr\u00fcmeye devam edece\u011fiz\u201d dedi.<\/p>\n<p><img loading=\"lazy\" decoding=\"async\" class=\"alignnone wp-image-16200 size-full\" src=\"https:\/\/ahmetsavasan.com\/wp-content\/uploads\/2024\/07\/77.5.jpg\" alt=\"\" width=\"971\" height=\"551\" \/><\/p>\n<p><strong>\u201cF\u0130L\u0130ST\u0130N&#8217;\u0130N B\u0130Z\u0130M G\u0130B\u0130 ANAVATANI YOK\u201d<\/strong><\/p>\n<p>\u00dcstel ayr\u0131ca \u201c\u0130srail\u2019in Gazze sald\u0131r\u0131s\u0131 s\u00fcr\u00fcyor, d\u00fcnya izliyor. Orada sava\u015f su\u00e7u i\u015fleniyor. BM ve AB seyirci kal\u0131yor. Filistin b\u00fcy\u00fck ac\u0131lar ya\u015f\u0131yor, \u00e7\u00fcnk\u00fc ne yaz\u0131k ki onlar\u0131n Anavatan T\u00fcrkiye\u2019si yok, garant\u00f6r\u00fc yok. Ama biz 1960\u2019tan kalan haklar\u0131m\u0131zdan hareketle, 1974 Mutlu Bar\u0131\u015f Harekat\u0131 sonucu Anavatan\u0131m\u0131z\u0131m g\u00fcvencesiyle huzur i\u00e7inde ya\u015f\u0131yoruz\u201d \u015feklinde konu\u015ftu.<\/p>\n<p>\u00dcstel, \u201cBizim derdimiz KKTC&#8230; Bizim derdimiz bu bayra\u011f\u0131n g\u00f6klerde daha g\u00fc\u00e7l\u00fc dalgalanmas\u0131d\u0131r. Bunun i\u00e7in de Anavatan T\u00fcrkiye ile isti\u015fare i\u00e7inde yo\u011fun \u00e7al\u0131\u015f\u0131yoruz. KKTC&#8217;yi ad\u0131m ad\u0131m d\u00fcnyayla kucakla\u015ft\u0131r\u0131yoruz. Bu devleti UBP kurdu&#8230; Ya\u015famas\u0131 i\u00e7in, d\u00fcnyayla kavu\u015furken daha g\u00fc\u00e7l\u00fc olmas\u0131 ne gerekiyorsa yapaca\u011f\u0131z\u201d diyerek s\u00f6zlerini noktalad\u0131.<\/p>\n","protected":false},"excerpt":{"rendered":"<p>Ba\u015fbakan \u00dcnal \u00dcstel, Y\u0131lmazk\u00f6y ve Alayk\u00f6y\u2019\u00fc ziyaret ederek, b\u00f6lge halk\u0131 ile bir araya geldi, \u00f6nemli a\u00e7\u0131klamalarda bulundu&#8230; Sosyal konut \u00e7al\u0131\u015fmalar\u0131na de\u011finen Ba\u015fbakan \u00dcstel, \u201cSosyal konutlar\u0131n ilk temeli G\u00fczelyurt&#8217;la e\u015f zamanl\u0131 olarak Alayk\u00f6y&#8217;de de at\u0131lacak\u201d dedi. Ba\u015fbakan ve Ulusal Birlik Partisi (UBP) Genel Ba\u015fkan\u0131\u00a0\u00dcnal \u00dcstel\u00a0hafta sonu ziyaretleri \u00e7er\u00e7evesinde, Y\u0131lmazk\u00f6y ve Alayk\u00f6y&#8217;de halkla bulu\u015ftu. \u00dcstel\u2019e ziyaretlerinde, UBP [&hellip;]<\/p>\n","protected":false},"author":1,"featured_media":16988,"comment_status":"open","ping_status":"open","sticky":false,"template":"","format":"standard","meta":{"_monsterinsights_skip_tracking":false,"_monsterinsights_sitenote_active":false,"_monsterinsights_sitenote_note":"","_monsterinsights_sitenote_category":0,"footnotes":""},"categories":[102],"tags":[],"class_list":["post-16935","post","type-post","status-publish","format-standard","has-post-thumbnail","hentry","category-haberler"],"aioseo_notices":[],"_links":{"self":[{"href":"https:\/\/ahmetsavasan.com\/tr_tr\/wp-json\/wp\/v2\/posts\/16935","targetHints":{"allow":["GET"]}}],"collection":[{"href":"https:\/\/ahmetsavasan.com\/tr_tr\/wp-json\/wp\/v2\/posts"}],"about":[{"href":"https:\/\/ahmetsavasan.com\/tr_tr\/wp-json\/wp\/v2\/types\/post"}],"author":[{"embeddable":true,"href":"https:\/\/ahmetsavasan.com\/tr_tr\/wp-json\/wp\/v2\/users\/1"}],"replies":[{"embeddable":true,"href":"https:\/\/ahmetsavasan.com\/tr_tr\/wp-json\/wp\/v2\/comments?post=16935"}],"version-history":[{"count":0,"href":"https:\/\/ahmetsavasan.com\/tr_tr\/wp-json\/wp\/v2\/posts\/16935\/revisions"}],"wp:featuredmedia":[{"embeddable":true,"href":"https:\/\/ahmetsavasan.com\/tr_tr\/wp-json\/wp\/v2\/media\/16988"}],"wp:attachment":[{"href":"https:\/\/ahmetsavasan.com\/tr_tr\/wp-json\/wp\/v2\/media?parent=16935"}],"wp:term":[{"taxonomy":"category","embeddable":true,"href":"https:\/\/ahmetsavasan.com\/tr_tr\/wp-json\/wp\/v2\/categories?post=16935"},{"taxonomy":"post_tag","embeddable":true,"href":"https:\/\/ahmetsavasan.com\/tr_tr\/wp-json\/wp\/v2\/tags?post=16935"}],"curies":[{"name":"wp","href":"https:\/\/api.w.org\/{rel}","templated":true}]}}