{"id":16936,"date":"2023-11-03T07:41:23","date_gmt":"2023-11-03T07:41:23","guid":{"rendered":"https:\/\/www.ahmetsavasan.biz\/?p=16204"},"modified":"2023-11-03T07:41:23","modified_gmt":"2023-11-03T07:41:23","slug":"ubp-gurup-baskan-vekili-ahmet-savasan-okulda-siva-dustu-diyorlar-halki-sokaga-dokuyorlar","status":"publish","type":"post","link":"https:\/\/ahmetsavasan.com\/tr_tr\/ubp-gurup-baskan-vekili-ahmet-savasan-okulda-siva-dustu-diyorlar-halki-sokaga-dokuyorlar\/","title":{"rendered":"UBP Gurup Ba\u015fkan Vekili Ahmet Sava\u015fan: \u201cOkulda S\u0131va D\u00fc\u015ft\u00fc Diyorlar, Halk\u0131 Soka\u011fa D\u00f6k\u00fcyorlar\u201d"},"content":{"rendered":"<p>UBP Gurup Ba\u015fkan vekili Ahmet Sava\u015fan\u2019a g\u00f6re okulda s\u0131va d\u00fc\u015ft\u00fc diye k\u0131yamet koparmak kolayc\u0131l\u0131k\u2026<\/p>\n<p>BRT ekranlar\u0131nda konu\u015fan Ulusal Birlik Partisi (UBP) ve Gurup Ba\u015fkan Vekili\u00a0Ahmet Sava\u015fan, \u201carkada\u015flar\u0131n elinden arg\u00fcmanlar d\u0131\u015f siyasette de gitti i\u00e7 siyasette de gitti.\u201d \u0130ddias\u0131nda bulundu.<\/p>\n<p>Muhalefete y\u00fcklenen ve haks\u0131zl\u0131k ettiklerini s\u00f6yleyen UBP Gurup Ba\u015fkan vekili\u00a0Ahmet Sava\u015fan, muhalefetin fikir \u00fcretti\u011fini ama aslolan \u015feyin siyasi irade oldu\u011funu savundu.<\/p>\n<p>Ahmet Sava\u015fan, \u201c<em>Fikir d\u00fc\u015f\u00fcnce yetmez siyaseti irade laz\u0131m. Muhalefette fikir var sonu\u00e7 yok. Evet, fikir her i\u015fin ba\u015f\u0131d\u0131r do\u011fru ama siyasi irade meselesi var.<\/em><\/p>\n<p><em>Biz sa\u011fl\u0131\u011fa e\u011fitime dokunuyoruz. Biz i\u015f yap\u0131yoruz\u2026 S\u0131va d\u00fc\u015ft\u00fc deniyor ama\u2026 50 senedir gelindi gidildi\u2026 Bu \u00fclkede maalesef yeterli yat\u0131r\u0131m ne sa\u011fl\u0131\u011fa ne e\u011fitime yapabildik. \u00a0Bu do\u011fru, saklanamaz. Bu protestolara kat\u0131l\u0131nca okullar olacaksa gideyim ben de kat\u0131lay\u0131m. Ele\u015ftirmek kolay ama haks\u0131zl\u0131k yapmaya l\u00fczum yok. Son 10 y\u0131l\u0131n yasa \u00fcretme bak\u0131m\u0131ndan en verimli d\u00f6nemlerinden birini a\u015f\u0131yoruz. \u00dclkeye ve devlete inan\u0131yoruz. G\u00fcc\u00fcm\u00fcz ve tecr\u00fcbemiz var.\u201d<\/em><\/p>\n","protected":false},"excerpt":{"rendered":"<p>UBP Gurup Ba\u015fkan vekili Ahmet Sava\u015fan\u2019a g\u00f6re okulda s\u0131va d\u00fc\u015ft\u00fc diye k\u0131yamet koparmak kolayc\u0131l\u0131k\u2026 BRT ekranlar\u0131nda konu\u015fan Ulusal Birlik Partisi (UBP) ve Gurup Ba\u015fkan Vekili\u00a0Ahmet Sava\u015fan, \u201carkada\u015flar\u0131n elinden arg\u00fcmanlar d\u0131\u015f siyasette de gitti i\u00e7 siyasette de gitti.\u201d \u0130ddias\u0131nda bulundu. Muhalefete y\u00fcklenen ve haks\u0131zl\u0131k ettiklerini s\u00f6yleyen UBP Gurup Ba\u015fkan vekili\u00a0Ahmet Sava\u015fan, muhalefetin fikir \u00fcretti\u011fini ama aslolan [&hellip;]<\/p>\n","protected":false},"author":1,"featured_media":16994,"comment_status":"open","ping_status":"open","sticky":false,"template":"","format":"standard","meta":{"_monsterinsights_skip_tracking":false,"_monsterinsights_sitenote_active":false,"_monsterinsights_sitenote_note":"","_monsterinsights_sitenote_category":0,"footnotes":""},"categories":[102],"tags":[],"class_list":["post-16936","post","type-post","status-publish","format-standard","has-post-thumbnail","hentry","category-haberler"],"aioseo_notices":[],"_links":{"self":[{"href":"https:\/\/ahmetsavasan.com\/tr_tr\/wp-json\/wp\/v2\/posts\/16936","targetHints":{"allow":["GET"]}}],"collection":[{"href":"https:\/\/ahmetsavasan.com\/tr_tr\/wp-json\/wp\/v2\/posts"}],"about":[{"href":"https:\/\/ahmetsavasan.com\/tr_tr\/wp-json\/wp\/v2\/types\/post"}],"author":[{"embeddable":true,"href":"https:\/\/ahmetsavasan.com\/tr_tr\/wp-json\/wp\/v2\/users\/1"}],"replies":[{"embeddable":true,"href":"https:\/\/ahmetsavasan.com\/tr_tr\/wp-json\/wp\/v2\/comments?post=16936"}],"version-history":[{"count":0,"href":"https:\/\/ahmetsavasan.com\/tr_tr\/wp-json\/wp\/v2\/posts\/16936\/revisions"}],"wp:featuredmedia":[{"embeddable":true,"href":"https:\/\/ahmetsavasan.com\/tr_tr\/wp-json\/wp\/v2\/media\/16994"}],"wp:attachment":[{"href":"https:\/\/ahmetsavasan.com\/tr_tr\/wp-json\/wp\/v2\/media?parent=16936"}],"wp:term":[{"taxonomy":"category","embeddable":true,"href":"https:\/\/ahmetsavasan.com\/tr_tr\/wp-json\/wp\/v2\/categories?post=16936"},{"taxonomy":"post_tag","embeddable":true,"href":"https:\/\/ahmetsavasan.com\/tr_tr\/wp-json\/wp\/v2\/tags?post=16936"}],"curies":[{"name":"wp","href":"https:\/\/api.w.org\/{rel}","templated":true}]}}