{"id":16937,"date":"2023-11-01T07:47:56","date_gmt":"2023-11-01T07:47:56","guid":{"rendered":"https:\/\/www.ahmetsavasan.biz\/?p=16207"},"modified":"2023-11-01T07:47:56","modified_gmt":"2023-11-01T07:47:56","slug":"meclis-idari-kamu-ve-saglik-isleri-komitesi-4-tasari-veya-oneriyi-gorustu","status":"publish","type":"post","link":"https:\/\/ahmetsavasan.com\/tr_tr\/meclis-idari-kamu-ve-saglik-isleri-komitesi-4-tasari-veya-oneriyi-gorustu\/","title":{"rendered":"Meclis \u0130dari, Kamu Ve Sa\u011fl\u0131k \u0130\u015fleri Komitesi 4 Tasar\u0131 Veya \u00d6neriyi G\u00f6r\u00fc\u015ft\u00fc"},"content":{"rendered":"<p>Meclis \u0130dari, Kamu ve Sa\u011fl\u0131k \u0130\u015fleri Komitesi \u201cKamu G\u00f6revlileri (De\u011fi\u015fiklik) Yasa Tasar\u0131s\u0131\u201d, \u201cKamu Sa\u011fl\u0131k \u00c7al\u0131\u015fanlar\u0131 (De\u011fi\u015fiklik) Yasa Tasar\u0131s\u0131\u201d, \u201cKamu \u00c7al\u0131\u015fanlar\u0131n\u0131n Ayl\u0131k (Maa\u015f-\u00dccret) ve Di\u011fer \u00d6deneklerinin D\u00fczenlenmesi (De\u011fi\u015fiklik) Yasa Tasar\u0131s\u0131\u201d ve \u201cBelediyelerin Birle\u015ftirilmesine \u0130li\u015fkin (\u00d6zel) (De\u011fi\u015fiklik) Yasa \u00d6nerisi\u201dni g\u00f6r\u00fc\u015ft\u00fc.<\/p>\n<p>Cumhuriyet Meclisi, \u0130dari, Kamu ve Sa\u011fl\u0131k \u0130\u015fleri Komitesi bug\u00fcn toplant\u0131s\u0131nda g\u00f6r\u00fc\u015ft\u00fc\u011f\u00fc d\u00f6rt tasar\u0131 veya \u00f6neriyi oy birli\u011fiyle onaylad\u0131.<\/p>\n<p>Meclis\u2019ten yap\u0131lan a\u00e7\u0131klamaya g\u00f6re komite, saat 10.00\u2019da UBP Milletvekili Komite Ba\u015fkan\u0131\u00a0Emrah Ye\u015fil\u0131rmak\u00a0ba\u015fkanl\u0131\u011f\u0131nda topland\u0131.<\/p>\n<p>Komite, g\u00fcndeminde bulunan \u201cKamu G\u00f6revlileri (De\u011fi\u015fiklik) Yasa Tasar\u0131s\u0131\u201d, \u201cKamu Sa\u011fl\u0131k \u00c7al\u0131\u015fanlar\u0131 (De\u011fi\u015fiklik) Yasa Tasar\u0131s\u0131\u201d, \u201cKamu \u00c7al\u0131\u015fanlar\u0131n\u0131n Ayl\u0131k (Maa\u015f-\u00dccret) ve Di\u011fer \u00d6deneklerinin D\u00fczenlenmesi (De\u011fi\u015fiklik) Yasa Tasar\u0131s\u0131\u201d ve \u201cBelediyelerin Birle\u015ftirilmesine \u0130li\u015fkin (\u00d6zel) (De\u011fi\u015fiklik) Yasa \u00d6nerisi\u201dni ele ald\u0131.<\/p>\n<p>\u0130dari, Kamu ve Sa\u011fl\u0131k \u0130\u015fleri Komitesi ilk olarak g\u00fcndeminde yer alan \u201cKamu G\u00f6revlileri (De\u011fi\u015fiklik) Yasa Tasar\u0131s\u0131\u201d, \u201cKamu Sa\u011fl\u0131k \u00c7al\u0131\u015fanlar\u0131 (De\u011fi\u015fiklik) Yasa Tasar\u0131s\u0131\u201d, ve \u201cKamu \u00c7al\u0131\u015fanlar\u0131n\u0131n Ayl\u0131k (Maa\u015f-\u00dccret) ve Di\u011fer \u00d6deneklerinin D\u00fczenlenmesi (De\u011fi\u015fiklik) Yasa Tasar\u0131s\u0131\u201dn\u0131 ele ald\u0131 ve bahse konu yasa tasar\u0131lar\u0131n\u0131 oy birli\u011fiyle onaylayarak Genel Kurul\u2019un g\u00fcndemine sevk etti.<\/p>\n<p>Komite toplant\u0131s\u0131na davetli olarak, Maliye Bakanl\u0131\u011f\u0131, Personel Dairesi, G\u00fcvenlik Kuvvetleri Komutanl\u0131\u011f\u0131, KTAMS, KAMU-SEN ve KAMU-\u0130\u015e\u2019ten yetkililer kat\u0131larak konuyla ilgili g\u00f6r\u00fc\u015flerini sundu.<\/p>\n<p><img fetchpriority=\"high\" decoding=\"async\" class=\"alignnone wp-image-16209 size-full\" src=\"https:\/\/ahmetsavasan.com\/wp-content\/uploads\/2024\/07\/79.1.jpg\" alt=\"\" width=\"971\" height=\"551\" \/><\/p>\n<p>Komite, daha sonra \u201cBelediyelerin Birle\u015ftirilmesine \u0130li\u015fkin (\u00d6zel) (De\u011fi\u015fiklik) Yasa \u00d6nerisi\u201dni ele ald\u0131 ve oy birli\u011fiyle onaylayarak Genel Kurul\u2019un g\u00fcndemine sevk etti.<\/p>\n<p>Komite toplant\u0131s\u0131na davetli olarak kat\u0131lan, \u0130\u00e7i\u015fleri Bakanl\u0131\u011f\u0131, Personel Dairesi, K\u0131br\u0131s T\u00fcrk Belediyeler Birli\u011fi,\u00a0\u0130skele Belediyesi, Mehmet\u00e7ik- B\u00fcy\u00fckkonuk Belediyesi, Ge\u00e7itkale-Serdarl\u0131 Belediyesi, Mesarya Belediyesi ve DEV-\u0130\u015e\u2019ten yetkililer konu ile ilgili g\u00f6r\u00fc\u015flerini komiteye sundu.<\/p>\n<p>UBP Milletvekili\u00a0Emrah Ye\u015fil\u0131rmak\u00a0ba\u015fkanl\u0131\u011f\u0131nda toplanan \u0130dari, Kamu ve Sa\u011fl\u0131k \u0130\u015fleri Komitesi toplant\u0131s\u0131na, Komite Ba\u015fkan Vekili\u00a0CTP\u00a0Milletvekili\u00a0Filiz Besim, Komite \u00fcyesi UBP Milletvekilleri\u00a0Ahmet Sava\u015fan,\u00a0F\u0131rt\u0131na Karanfil\u00a0ve komite \u00fcyesi\u00a0CTP\u00a0Milletvekili\u00a0Devrim Bar\u00e7\u0131n\u00a0kat\u0131ld\u0131. Komite toplant\u0131s\u0131na ayr\u0131ca UBP Milletvekili\u00a0Hasan K\u00fc\u00e7\u00fck\u00a0kat\u0131ld\u0131.<\/p>\n","protected":false},"excerpt":{"rendered":"<p>Meclis \u0130dari, Kamu ve Sa\u011fl\u0131k \u0130\u015fleri Komitesi \u201cKamu G\u00f6revlileri (De\u011fi\u015fiklik) Yasa Tasar\u0131s\u0131\u201d, \u201cKamu Sa\u011fl\u0131k \u00c7al\u0131\u015fanlar\u0131 (De\u011fi\u015fiklik) Yasa Tasar\u0131s\u0131\u201d, \u201cKamu \u00c7al\u0131\u015fanlar\u0131n\u0131n Ayl\u0131k (Maa\u015f-\u00dccret) ve Di\u011fer \u00d6deneklerinin D\u00fczenlenmesi (De\u011fi\u015fiklik) Yasa Tasar\u0131s\u0131\u201d ve \u201cBelediyelerin Birle\u015ftirilmesine \u0130li\u015fkin (\u00d6zel) (De\u011fi\u015fiklik) Yasa \u00d6nerisi\u201dni g\u00f6r\u00fc\u015ft\u00fc. Cumhuriyet Meclisi, \u0130dari, Kamu ve Sa\u011fl\u0131k \u0130\u015fleri Komitesi bug\u00fcn toplant\u0131s\u0131nda g\u00f6r\u00fc\u015ft\u00fc\u011f\u00fc d\u00f6rt tasar\u0131 veya \u00f6neriyi oy birli\u011fiyle [&hellip;]<\/p>\n","protected":false},"author":1,"featured_media":16995,"comment_status":"open","ping_status":"open","sticky":false,"template":"","format":"standard","meta":{"_monsterinsights_skip_tracking":false,"_monsterinsights_sitenote_active":false,"_monsterinsights_sitenote_note":"","_monsterinsights_sitenote_category":0,"footnotes":""},"categories":[102],"tags":[],"class_list":["post-16937","post","type-post","status-publish","format-standard","has-post-thumbnail","hentry","category-haberler"],"aioseo_notices":[],"_links":{"self":[{"href":"https:\/\/ahmetsavasan.com\/tr_tr\/wp-json\/wp\/v2\/posts\/16937","targetHints":{"allow":["GET"]}}],"collection":[{"href":"https:\/\/ahmetsavasan.com\/tr_tr\/wp-json\/wp\/v2\/posts"}],"about":[{"href":"https:\/\/ahmetsavasan.com\/tr_tr\/wp-json\/wp\/v2\/types\/post"}],"author":[{"embeddable":true,"href":"https:\/\/ahmetsavasan.com\/tr_tr\/wp-json\/wp\/v2\/users\/1"}],"replies":[{"embeddable":true,"href":"https:\/\/ahmetsavasan.com\/tr_tr\/wp-json\/wp\/v2\/comments?post=16937"}],"version-history":[{"count":0,"href":"https:\/\/ahmetsavasan.com\/tr_tr\/wp-json\/wp\/v2\/posts\/16937\/revisions"}],"wp:featuredmedia":[{"embeddable":true,"href":"https:\/\/ahmetsavasan.com\/tr_tr\/wp-json\/wp\/v2\/media\/16995"}],"wp:attachment":[{"href":"https:\/\/ahmetsavasan.com\/tr_tr\/wp-json\/wp\/v2\/media?parent=16937"}],"wp:term":[{"taxonomy":"category","embeddable":true,"href":"https:\/\/ahmetsavasan.com\/tr_tr\/wp-json\/wp\/v2\/categories?post=16937"},{"taxonomy":"post_tag","embeddable":true,"href":"https:\/\/ahmetsavasan.com\/tr_tr\/wp-json\/wp\/v2\/tags?post=16937"}],"curies":[{"name":"wp","href":"https:\/\/api.w.org\/{rel}","templated":true}]}}