{"id":16938,"date":"2023-11-01T07:51:26","date_gmt":"2023-11-01T07:51:26","guid":{"rendered":"https:\/\/www.ahmetsavasan.biz\/?p=16211"},"modified":"2023-11-01T07:51:26","modified_gmt":"2023-11-01T07:51:26","slug":"ercan-havalimanina-ilk-kez-airbus-a-350-genis-govdeli-ucak-indi","status":"publish","type":"post","link":"https:\/\/ahmetsavasan.com\/tr_tr\/ercan-havalimanina-ilk-kez-airbus-a-350-genis-govdeli-ucak-indi\/","title":{"rendered":"Ercan Havaliman\u0131\u2019na \u0130lk Kez Airbus A-350 Geni\u015f G\u00f6vdeli U\u00e7ak \u0130ndi"},"content":{"rendered":"<p>Ercan Havaliman\u0131\u2019na ilk kez 329 yolcu kapasiteli Airbus A-350 geni\u015f g\u00f6vdeli u\u00e7ak indi. THY&#8217;nin tarifeli \u0130stanbul-Ercan TK 960 say\u0131l\u0131 u\u00e7a\u011f\u0131 bir havac\u0131l\u0131k gelene\u011fi olan su tak\u0131yla kar\u015f\u0131land\u0131.<\/p>\n<p>T\u00fcrk Hava Yollar\u0131\u2019na ait Airbus A350-900 tipi geni\u015f g\u00f6vdeli u\u00e7ak bug\u00fcn saat 08.15 ilk kez T&amp;T Ercan Havaliman\u0131 pistine teker koyarak tarifeli seferlere ba\u015flad\u0131.<\/p>\n<p><img fetchpriority=\"high\" decoding=\"async\" class=\"alignnone wp-image-16213 size-full\" src=\"https:\/\/ahmetsavasan.com\/wp-content\/uploads\/2024\/07\/80.1.jpg\" alt=\"\" width=\"971\" height=\"551\" \/><\/p>\n<p>U\u00e7a\u011f\u0131n geli\u015fi nedeniyle havaliman\u0131nda d\u00fczenlenen t\u00f6rene Ba\u015fbakan\u00a0\u00dcnal \u00dcstel, T\u00fcrkiye Cumhuriyeti (TC) Lefko\u015fa B\u00fcy\u00fckel\u00e7isi Metin Feyzio\u011flu, Ba\u015fbakan Yard\u0131mc\u0131s\u0131, Turizm, K\u00fclt\u00fcr, Gen\u00e7lik ve \u00c7evre Bakan\u0131\u00a0Fikri Atao\u011flu, Bay\u0131nd\u0131rl\u0131k ve Ula\u015ft\u0131rma Bakan\u0131\u00a0Erhan Ar\u0131kl\u0131, Ulusal Birlik Partisi Milletvekili\u00a0Ahmet Sava\u015fan, baz\u0131 birlik temsilcileri, b\u00fcrokratlar ve di\u011fer yetkililer kat\u0131ld\u0131.<\/p>\n<p><img decoding=\"async\" class=\"alignnone wp-image-16214 size-full\" src=\"https:\/\/ahmetsavasan.com\/wp-content\/uploads\/2024\/07\/80.2.jpg\" alt=\"\" width=\"971\" height=\"551\" \/><\/p>\n<p>Kabin ekibine buket takdim edilen t\u00f6rende, konu\u015fmalar yap\u0131ld\u0131. Ard\u0131ndan pasta kesimi ger\u00e7ekle\u015ftirildi.<\/p>\n<p><strong>\u00dcSTEL: D\u00dcNYAYA A\u00c7ILAN EN B\u00dcY\u00dcK PENCEREM\u0130Z\u2026<br \/>\n<\/strong>Ba\u015fbakan\u00a0\u00dcnal \u00dcstel\u00a0burada yapt\u0131\u011f\u0131 konu\u015fmada, mutlu bir g\u00fcne hep birlikte \u015fahitlik ettiklerini belirterek, kendilerine bu g\u00fcn\u00fc ya\u015fatan THY yetkililerine ve ekibine te\u015fekk\u00fcr etti.<\/p>\n<p>H\u00fck\u00fcmete geldikleri g\u00fcnden bu yana, \u201cyar\u0131m kalan proje ne varsa anavatan T\u00fcrkiye Cumhuriyeti\u2019nin katk\u0131lar\u0131yla bitirece\u011fiz\u201d dediklerine i\u015faret eden \u00dcstel, 2012\u2019de ba\u015flayan Ercan Havaliman\u0131 yeni binas\u0131 ve pist yap\u0131m\u0131n\u0131, h\u00fck\u00fcmetin koydu\u011fu iradeyle, Lefko\u015fa B\u00fcy\u00fckel\u00e7isi\u2019nin b\u00fcy\u00fck katk\u0131lar\u0131yla ve anavatan T\u00fcrkiye\u2019nin b\u00fcy\u00fck deste\u011fiyle tamamlayarak, 20 Temmuz\u2019da halk\u0131n kullan\u0131m\u0131na a\u00e7t\u0131klar\u0131n\u0131 kaydetti.<\/p>\n<p>\u201cD\u00fcnyaya a\u00e7\u0131lan en b\u00fcy\u00fck penceremiz\u2026\u201d diyen \u00dcstel, yeni havaliman\u0131n\u0131n a\u00e7\u0131lmas\u0131n\u0131n ard\u0131ndan, \u201cu\u00e7ak seferlerinin \u00e7o\u011falt\u0131laca\u011f\u0131n\u0131, geni\u015f g\u00f6vdeli u\u00e7aklar\u0131n indirilece\u011fini, daha \u00e7ok turist getirilece\u011fini, maliyetlerin a\u015fa\u011f\u0131ya \u00e7ekilece\u011fini\u201d s\u00f6ylediklerini hat\u0131rlatt\u0131. B\u00fct\u00fcn bunlar\u0131 yaparken ekonomik \u00e7arklar\u0131 \u00e7evireceklerini vurgulayan Ba\u015fbakan \u00dcstel, \u201c2024, 2023\u2019ten g\u00fczel olacak, daha iyi olacak\u201d dedi.<\/p>\n<p><img decoding=\"async\" class=\"alignnone wp-image-16215 size-full\" src=\"https:\/\/ahmetsavasan.com\/wp-content\/uploads\/2024\/07\/80.3.jpg\" alt=\"\" width=\"971\" height=\"551\" \/><\/p>\n<p>Geni\u015f g\u00f6vdeli u\u00e7a\u011f\u0131n geli\u015finin kendilerinde heyecan yaratt\u0131\u011f\u0131n\u0131 dile getiren \u00dcstel, hem geni\u015f g\u00f6vdeli u\u00e7aklar\u0131n gelmesi, hem de Anadolu Jet\u2019in Ercan\u2019a seferlerini art\u0131rmas\u0131n\u0131n \u00fclkede ekonomide ya\u015fanan sorunlar\u0131n yava\u015f yava\u015f a\u015f\u0131laca\u011f\u0131n\u0131n i\u015faretlerini verdi\u011fini s\u00f6yledi. \u00dcstel, TC Cumhurba\u015fkan\u0131 Recep Tayyip Erdo\u011fan\u2019a te\u015fekk\u00fcr ederek, halk\u0131 ad\u0131na selamlar\u0131n\u0131 iletti.<\/p>\n<p>Filistin-\u0130srail aras\u0131nda ya\u015fananlara i\u015faret eden \u00dcstel, \u201cAma bizim bir anavatan\u0131m\u0131z var T\u00fcrkiye Cumhuriyeti\u2026 1974 \u00f6ncesi ya\u015fad\u0131\u011f\u0131m\u0131z esareti 1974 sonras\u0131 ya\u015fam\u0131yoruz. Ama yan\u0131 ba\u015f\u0131m\u0131zda \u0130srail, Filistin\u2026\u00a0Art\u0131k hastanelerin dahi bombaland\u0131\u011f\u0131,\u00a0\u00e7ocuklar\u0131m\u0131z\u0131n \u00f6ld\u00fc\u011f\u00fc bir d\u00fcnya\u2026\u201d diye konu\u015ftu.<\/p>\n<p>Yeni havaliman\u0131n\u0131n ufak, tefek eksiklikleri olabilece\u011fini ancak bunlar\u0131n s\u00fcre\u00e7 i\u00e7erisinde tamamlanaca\u011f\u0131n\u0131 ifade eden \u00dcstel, bug\u00fcn g\u00f6rd\u00fckleri tablonun gurur verici oldu\u011funu kaydetti. \u00dcstel, KKTC\u2019nin daha da ileriye gitmesi i\u00e7in h\u00fck\u00fcmet olarak ellerinden gelen gayreti g\u00f6stereceklerini vurgulad\u0131.<\/p>\n<p><strong>FEYZ\u0130O\u011eLU: B\u0130R HAYALD\u0130 GER\u00c7EK OLDU<\/strong><\/p>\n<p>TC Lefko\u015fa B\u00fcy\u00fckel\u00e7isi Metin Feyzio\u011flu da, \u201cBu bir hayaldi ger\u00e7ek oldu, hep birlikte ger\u00e7ek k\u0131ld\u0131k\u201d diyerek, bunlar\u0131n, TC Cumhurba\u015fkan\u0131 Recep Tayyip Erdo\u011fan\u2019\u0131n, \u201cKKTC\u2019yi tan\u0131y\u0131n\u201d diye sesleni\u015finin alt\u0131n\u0131 dolduran dev yat\u0131r\u0131mlar oldu\u011funu belirtti.<\/p>\n<p>\u201cKKTC ba\u011f\u0131ms\u0131z, egemen bir devlettir ve sonsuza dek ya\u015fayacakt\u0131r\u201d vurgusu yapan Feyzio\u011flu, \u201cBunu ancak bu adaya vurdu\u011funuz m\u00fch\u00fcrlerle ortaya koyabilirsiniz\u201d dedi.<\/p>\n<p>Yeni terminal binas\u0131n\u0131n ve THY\u2019nin y\u0131llarca hasretle beklenen geni\u015f g\u00f6vdeli u\u00e7a\u011f\u0131n\u0131n indi\u011fi yeni pistin KKTC\u2019ye vurulan, \u201cburas\u0131 K\u0131br\u0131s T\u00fcrk\u00fc\u2019n\u00fcn egemenli\u011findedir\u201d m\u00fchr\u00fc anlam\u0131na geldi\u011fini kaydeden Feyzio\u011flu, \u201cHeyecan\u0131m\u0131z bundan, mutlulu\u011fumuz bundan\u201d dedi.<\/p>\n<p><img loading=\"lazy\" decoding=\"async\" class=\"alignnone wp-image-16216 size-full\" src=\"https:\/\/ahmetsavasan.com\/wp-content\/uploads\/2024\/07\/80.4.jpg\" alt=\"\" width=\"971\" height=\"551\" \/><\/p>\n<p>THY\u2019ye te\u015fekk\u00fcr eden Metin Feyzio\u011flu, bilet fiyatlar\u0131n\u0131n d\u00fc\u015fece\u011fini ve daha fazla sefer yap\u0131laca\u011f\u0131n\u0131 umdu\u011funu ifade ederek, bunun i\u00e7in de devletin t\u00fcm yetkililerinin \u00e7al\u0131\u015ft\u0131\u011f\u0131n\u0131 vurgulad\u0131.<\/p>\n<p><strong>ATAO\u011eLU: HEDEFLER\u0130M\u0130ZE YAVA\u015e YAVA\u015e ULA\u015eTI\u011eIMIZI G\u00d6RMEK B\u0130ZLER\u0130 MUTLU ED\u0130YOR<\/strong><\/p>\n<p>Ba\u015fbakan Yard\u0131mc\u0131s\u0131, Turizm, K\u00fclt\u00fcr, Gen\u00e7lik ve \u00c7evre Bakan\u0131\u00a0Fikri Atao\u011flu\u00a0da, \u201cBizim \u00e7ok \u00f6nemli g\u00fcn\u201d diyerek, geni\u015f g\u00f6vdeli u\u00e7a\u011f\u0131n inmesine vesile olan kabin ekibine te\u015fekk\u00fcr etti.<\/p>\n<p>Ercan Havaliman\u0131\u2019n\u0131n yeni binas\u0131 ve pistinin a\u00e7\u0131lmas\u0131yla geni\u015f g\u00f6vdeli u\u00e7aklar\u0131n inece\u011fi m\u00fcjdesini verdikleri ilk g\u00fcnleri hat\u0131rlatan Atao\u011flu, \u201cBu g\u00fcn\u00fc ya\u015famak beni ger\u00e7ekten \u00e7ok mutlu etti\u201d diye konu\u015ftu. Atao\u011flu, THY ve havayolu \u015firketlerine \u00fclkeye yapacaklar\u0131 katma de\u011ferden dolay\u0131 te\u015fekk\u00fcrlerini sundu.<\/p>\n<p>Turizm adas\u0131 olduklar\u0131na i\u015faret eden Atao\u011flu, u\u00e7ak bilet fiyatlar\u0131 konusunda canla ba\u015fla \u00e7al\u0131\u015ft\u0131klar\u0131n\u0131 ifade etti. \u201cGeni\u015f g\u00f6vdeli u\u00e7a\u011f\u0131n da \u00fclkeye gelmesiyle hedeflerimize art\u0131k yava\u015f yava\u015f ula\u015ft\u0131\u011f\u0131m\u0131z\u0131 g\u00f6rmek bizleri mutlu ediyor\u201d diyen Atao\u011flu, turist say\u0131s\u0131n\u0131n artmas\u0131yla ilgili yapt\u0131klar\u0131 \u00e7al\u0131\u015fmalar\u0131n sonu\u00e7 elde edece\u011fini g\u00f6rmekten de mutlu olduklar\u0131n\u0131 belirtti.<\/p>\n<p><strong>ARIKLI: GEN\u0130\u015e G\u00d6VDEL\u0130 U\u00c7A\u011eIN \u0130NMES\u0130 B\u0130Z\u0130M \u0130\u00c7\u0130N B\u0130R HAYALD\u0130<\/strong><\/p>\n<p>Bay\u0131nd\u0131rl\u0131k ve Ula\u015ft\u0131rma\u00a0Erhan Ar\u0131kl\u0131\u00a0da, Ercan Havaliman\u0131 yeni binas\u0131 ve pistinin a\u00e7\u0131lmas\u0131n\u0131n bir misyon ve KKTC\u2019nin bir vizyonu oldu\u011funu vurgulad\u0131.<\/p>\n<p>Yeni havaliman\u0131n\u0131n KKTC\u2019nin prestij projesi oldu\u011funu ve bunun hayata ge\u00e7irildi\u011fini dile getiren Ar\u0131kl\u0131, \u201cAma toplumda KKTC olgusuna kar\u015f\u0131 \u00e7\u0131kan, KKTC\u2019yi hazmedemeyen, KKTC\u2019nin ba\u015far\u0131 hikayesi yazmas\u0131n\u0131 arzu etmeyen ki\u015filer, kurumlar ve \u00e7evreler, Ercan Havaliman\u0131\u2019n\u0131n itibars\u0131zla\u015ft\u0131r\u0131lmas\u0131 i\u00e7in a\u00e7\u0131ld\u0131\u011f\u0131 g\u00fcnden itibaren havaliman\u0131 i\u00e7in olmad\u0131k laflar s\u00f6ylediler, iddialarda bulundular\u201d \u015feklinde konu\u015ftu.<\/p>\n<p><img loading=\"lazy\" decoding=\"async\" class=\"alignnone wp-image-16217 size-full\" src=\"https:\/\/ahmetsavasan.com\/wp-content\/uploads\/2024\/07\/80.5.jpg\" alt=\"\" width=\"971\" height=\"551\" \/><\/p>\n<p>eni a\u00e7\u0131lan her havaliman\u0131nda mutlaka birtak\u0131m eksiklikler oldu\u011funu ifade eden Ar\u0131kl\u0131, buna ra\u011fmen en k\u00fc\u00e7\u00fck bir eksikli\u011fin ve aksili\u011fin abart\u0131larak, sosyal medyadan, bas\u0131n-yay\u0131n organlar\u0131ndan man\u015fete ta\u015f\u0131nd\u0131\u011f\u0131n\u0131 s\u00f6yledi.<\/p>\n<p>Meclis\u2019te d\u00fcn bir milletvekilinin alay edercesine, \u201cHani geni\u015f g\u00f6vdeli u\u00e7aklar inecekti?\u201d diye sordu\u011funu anlatan Ar\u0131kl\u0131, kendisinin de buna, \u201cgelin geni\u015f g\u00f6vdeli u\u00e7a\u011f\u0131 birlikte kar\u015f\u0131layal\u0131m\u201d diyerek, yan\u0131t verdi\u011fini kaydetti.<\/p>\n<p>\u201cGeni\u015f g\u00f6vdeli u\u00e7a\u011f\u0131n inmesi bizim i\u00e7in bir hayaldi\u201d diyen Ar\u0131kl\u0131, u\u00e7ak say\u0131s\u0131n\u0131n, u\u00e7ak \u015firketlerinin artmas\u0131n\u0131n \u00f6nemli oldu\u011funu ifade ederek, bilet fiyatlar\u0131n\u0131n y\u00fcksekli\u011finden herkesin \u015fikayet etti\u011fini belirtti. Bakan Ar\u0131kl\u0131, bunu \u00f6nlemenin yolunun u\u00e7ak say\u0131s\u0131n\u0131n ve u\u00e7ak \u015firketlerinin artmas\u0131yla birlikte rekabet ortam\u0131n\u0131n olu\u015fmas\u0131 oldu\u011funa dikkat \u00e7ekti.<\/p>\n<p>Bir firman\u0131n daha KKTC\u2019ye tarifeli seferlere ba\u015flad\u0131\u011f\u0131n\u0131 ifade eden Ar\u0131kl\u0131, bu rekabet ortam\u0131nda bilet fiyatlar\u0131n\u0131n biraz daha a\u015fa\u011f\u0131 d\u00fc\u015fece\u011fini umdu\u011funu dile getirdi. Ar\u0131kl\u0131, son olarak THY\u2019nin y\u00f6neticilerine katk\u0131lar\u0131ndan dolay\u0131 te\u015fekk\u00fcr etti.<\/p>\n<p><strong>\u015eENOL: GEN\u0130\u015e G\u00d6VDEL\u0130 U\u00c7AKLA YOLCU SAYIMIZI \u0130K\u0130 KATINA \u00c7IKARIYORUZ<\/strong><\/p>\n<p>THY Ortado\u011fu ve K\u0131br\u0131s Ba\u015fkan Yard\u0131mc\u0131s\u0131 Erol \u015eenol da, \u201cBenim i\u00e7in \u00e7ok de\u011ferli bir g\u00fcn\u201d diyerek, kendisinin de bug\u00fcn gelen A-350 geni\u015f g\u00f6vdeli u\u00e7akla seyahat etti\u011fini kaydetti.<\/p>\n<p>THY olarak KKTC\u2019de kapasitelerini art\u0131rd\u0131klar\u0131n\u0131 dile getiren \u015eenol, geni\u015f g\u00f6vdeli u\u00e7akla yolcu say\u0131lar\u0131n\u0131 iki kat\u0131n\u0131 \u00e7\u0131kard\u0131klar\u0131n\u0131 belirtti. Anadolu Jet olarak da sefer say\u0131lar\u0131n\u0131 art\u0131racaklar\u0131n\u0131 ifade eden \u015eenol, turizmi desteklemek i\u00e7in, K\u0131br\u0131s halk\u0131n\u0131n daha ula\u015f\u0131labilir fiyatlarla, daha iyi hizmet alabilmesi i\u00e7in \u00e7al\u0131\u015ft\u0131klar\u0131n\u0131 s\u00f6yledi.<\/p>\n<p>T\u00fcrkiye\u2019den KKTC\u2019ye k\u00fclt\u00fcr turlar\u0131n\u0131 art\u0131racaklar\u0131n\u0131 ifade eden \u015eenol, KKTC\u2019de sivil havac\u0131l\u0131\u011f\u0131n geli\u015fmesi i\u00e7in ellerini ta\u015f\u0131n alt\u0131na koyacaklar\u0131n\u0131 vurgulad\u0131.<\/p>\n","protected":false},"excerpt":{"rendered":"<p>Ercan Havaliman\u0131\u2019na ilk kez 329 yolcu kapasiteli Airbus A-350 geni\u015f g\u00f6vdeli u\u00e7ak indi. THY&#8217;nin tarifeli \u0130stanbul-Ercan TK 960 say\u0131l\u0131 u\u00e7a\u011f\u0131 bir havac\u0131l\u0131k gelene\u011fi olan su tak\u0131yla kar\u015f\u0131land\u0131. T\u00fcrk Hava Yollar\u0131\u2019na ait Airbus A350-900 tipi geni\u015f g\u00f6vdeli u\u00e7ak bug\u00fcn saat 08.15 ilk kez T&amp;T Ercan Havaliman\u0131 pistine teker koyarak tarifeli seferlere ba\u015flad\u0131. U\u00e7a\u011f\u0131n geli\u015fi nedeniyle havaliman\u0131nda [&hellip;]<\/p>\n","protected":false},"author":1,"featured_media":16997,"comment_status":"open","ping_status":"open","sticky":false,"template":"","format":"standard","meta":{"_monsterinsights_skip_tracking":false,"_monsterinsights_sitenote_active":false,"_monsterinsights_sitenote_note":"","_monsterinsights_sitenote_category":0,"footnotes":""},"categories":[102],"tags":[],"class_list":["post-16938","post","type-post","status-publish","format-standard","has-post-thumbnail","hentry","category-haberler"],"aioseo_notices":[],"_links":{"self":[{"href":"https:\/\/ahmetsavasan.com\/tr_tr\/wp-json\/wp\/v2\/posts\/16938","targetHints":{"allow":["GET"]}}],"collection":[{"href":"https:\/\/ahmetsavasan.com\/tr_tr\/wp-json\/wp\/v2\/posts"}],"about":[{"href":"https:\/\/ahmetsavasan.com\/tr_tr\/wp-json\/wp\/v2\/types\/post"}],"author":[{"embeddable":true,"href":"https:\/\/ahmetsavasan.com\/tr_tr\/wp-json\/wp\/v2\/users\/1"}],"replies":[{"embeddable":true,"href":"https:\/\/ahmetsavasan.com\/tr_tr\/wp-json\/wp\/v2\/comments?post=16938"}],"version-history":[{"count":0,"href":"https:\/\/ahmetsavasan.com\/tr_tr\/wp-json\/wp\/v2\/posts\/16938\/revisions"}],"wp:featuredmedia":[{"embeddable":true,"href":"https:\/\/ahmetsavasan.com\/tr_tr\/wp-json\/wp\/v2\/media\/16997"}],"wp:attachment":[{"href":"https:\/\/ahmetsavasan.com\/tr_tr\/wp-json\/wp\/v2\/media?parent=16938"}],"wp:term":[{"taxonomy":"category","embeddable":true,"href":"https:\/\/ahmetsavasan.com\/tr_tr\/wp-json\/wp\/v2\/categories?post=16938"},{"taxonomy":"post_tag","embeddable":true,"href":"https:\/\/ahmetsavasan.com\/tr_tr\/wp-json\/wp\/v2\/tags?post=16938"}],"curies":[{"name":"wp","href":"https:\/\/api.w.org\/{rel}","templated":true}]}}