{"id":16945,"date":"2024-01-01T08:25:33","date_gmt":"2024-01-01T08:25:33","guid":{"rendered":"https:\/\/www.ahmetsavasan.biz\/?p=16100"},"modified":"2024-01-01T08:25:33","modified_gmt":"2024-01-01T08:25:33","slug":"ahmet-savasan-2024-yilinin-ekonomik-zorluklar-bakimindan-rahat-gecmesi-icin-gereken-adimlar-atilacak","status":"publish","type":"post","link":"https:\/\/ahmetsavasan.com\/tr_tr\/ahmet-savasan-2024-yilinin-ekonomik-zorluklar-bakimindan-rahat-gecmesi-icin-gereken-adimlar-atilacak\/","title":{"rendered":"Ahmet Sava\u015fan: 2024 Y\u0131l\u0131n\u0131n Ekonomik Zorluklar Bak\u0131m\u0131ndan Rahat Ge\u00e7mesi \u0130\u00e7in Gereken Ad\u0131mlar At\u0131lacak"},"content":{"rendered":"<p>UBP Grup Ba\u015fkanvekili, Lefko\u015fa \u0130l\u00e7e Ba\u015fkan\u0131 Ahmet Sava\u015fan yeni y\u0131l nedeniyle yay\u0131mlad\u0131\u011f\u0131 mesajda, 2024 y\u0131l\u0131n\u0131n ekonomik zorluklar bak\u0131m\u0131ndan daha rahat ge\u00e7mesi i\u00e7in gereken ad\u0131mlar\u0131n kararl\u0131l\u0131kla at\u0131laca\u011f\u0131n\u0131 belirterek, \u201cS\u00fcrece\u011fi \u00f6ng\u00f6r\u00fclen enflasyon ortam\u0131nda KKTC halk\u0131n\u0131n gelirlerini art\u0131rmak, dar gelirlilerimizi korumak i\u00e7in ne gerekirse yapmak kararl\u0131l\u0131\u011f\u0131m\u0131z devam edecektir\u201d ifadelerini kulland\u0131.<\/p>\n<p>Ulusal Birlik Partisi (UBP) Grup Ba\u015fkanvekili, Lefko\u015fa \u0130l\u00e7e Ba\u015fkan\u0131\u00a0Ahmet Sava\u015fan\u00a0yeni y\u0131l dolay\u0131s\u0131yla mesaj yay\u0131mlad\u0131.<\/p>\n<p>Sava\u015fan mesaj\u0131nda, 2024 y\u0131l\u0131n\u0131n ekonomik zorluklar bak\u0131m\u0131ndan daha rahat ge\u00e7mesi i\u00e7in gereken ad\u0131mlar\u0131n kararl\u0131l\u0131kla at\u0131laca\u011f\u0131n\u0131 ifade ederek, \u201cS\u00fcrece\u011fi \u00f6ng\u00f6r\u00fclen enflasyon ortam\u0131nda KKTC halk\u0131n\u0131n gelirlerini art\u0131rmak, dar gelirlilerimizi korumak i\u00e7in ne gerekirse yapmak kararl\u0131l\u0131\u011f\u0131m\u0131z devam edecektir\u201d dedi.<\/p>\n<p>Ahmet Sava\u015fan\u2019\u0131n mesaj\u0131 \u015f\u00f6yle:<\/p>\n<p><em>\u201c2023 y\u0131l\u0131n\u0131, ac\u0131 olaylar\u0131 ve y\u00fcz\u00fcm\u00fcz\u00fc g\u00fcld\u00fcren geli\u015fmelerle birlikte geride b\u0131rakt\u0131k. Yeni bir y\u0131la ba\u015flad\u0131\u011f\u0131m\u0131z bug\u00fcn, ac\u0131lar\u0131m\u0131z\u0131n dinmesini, g\u00fcl\u00fc\u015flerimizin artmas\u0131n\u0131 dilemekten ba\u015fka \u00e7aremiz yok. Her yeni ba\u015flang\u0131\u00e7 yeni umutlar demektir ve biz de ya\u015fama devam etme g\u00fcc\u00fcn\u00fc, bu yeni umutlara sar\u0131lmakta buluyoruz.<\/em><\/p>\n<p><em>2023 y\u0131l\u0131 ne yaz\u0131k ki, b\u00fcy\u00fck ve unutulmayacak ac\u0131lara neden oldu. \u015eubat ay\u0131nda T\u00fcrkiye\u2019de ya\u015fanan b\u00fcy\u00fck deprem ve bu depremde \u015fampiyon sporcular\u0131m\u0131z\u0131 da yitirmi\u015f olmam\u0131z derin yaralar a\u00e7an bir travma olarak hayat\u0131m\u0131zdaki yerini uzun y\u0131llar koruyacakt\u0131r. B\u00f6lgemizde ya\u015fanan sava\u015flar\u0131n yol a\u00e7t\u0131\u011f\u0131 ac\u0131lar\u0131 unutmak da m\u00fcmk\u00fcn de\u011fildir. Gazze\u2019de devam eden sava\u015fta \u0130srail ordusunun \u00f6zellikle \u00e7ocuklara y\u00f6nelik vah\u015fi sald\u0131r\u0131lar\u0131 y\u00fcre\u011fimizi da\u011flam\u0131\u015ft\u0131r. Bu sava\u015f\u0131n 2024 y\u0131l\u0131nda da devam edece\u011finin b\u00fcy\u00fck bir umursamazl\u0131kla tekrar edilmesi ise deh\u015fet vericidir.<\/em><\/p>\n<p><em>2023 y\u0131l\u0131nda \u00e7e\u015fitli ekonomik sorunlar da ya\u015fam\u0131\u015f olsak bile gerek devlet gerekse ki\u015fisel olarak ald\u0131\u011f\u0131m\u0131z \u00f6nlemlerle bu sorunlar\u0131n etkisini azaltmak m\u00fcmk\u00fcn olabilmi\u015ftir ama yitirilen canlar\u0131 geri getirmek m\u00fcmk\u00fcn de\u011fildir. 2023 y\u0131l\u0131 tarihe, \u015fampiyon meleklerimizi yitirdi\u011fimiz ve korkun\u00e7 Gazze sava\u015f\u0131n\u0131n ba\u015flad\u0131\u011f\u0131 y\u0131l olarak ge\u00e7ecektir.<\/em><\/p>\n<p><em>2024 y\u0131l\u0131nda beklentimiz, b\u00fct\u00fcn sava\u015flar\u0131n sona ermesi, Gazze\u2019deki sava\u015f\u0131n ge\u00e7ici olarak bile olsa durdurulmas\u0131 ve Filistin sorununa bar\u0131\u015f\u00e7\u0131l y\u00f6ntemlerle bir \u00e7\u00f6z\u00fcm bulunmas\u0131d\u0131r. \u015eampiyon meleklerimiz i\u00e7in adalet aramaya ve \u0130sias davas\u0131n\u0131 takip etmeye devam edece\u011fiz. KKTC\u2019de \u00f6zellikle okullar\u0131m\u0131zda gereken \u00f6nlemleri almak ve depreme haz\u0131rl\u0131kl\u0131 olmak \u015fampiyon meleklerimize kar\u015f\u0131 y\u00fck\u00fcmlendi\u011fimiz en b\u00fcy\u00fck sorumluluktur. Onlar\u0131 koruyamad\u0131k ama geride b\u0131rakt\u0131klar\u0131 arkada\u015flar\u0131n\u0131 korumak i\u00e7in \u00fcst\u00fcm\u00fcze d\u00fc\u015fen her \u015feyi yapmak boynumuzun borcudur.<\/em><\/p>\n<p><em>2024 y\u0131l\u0131n\u0131n ekonomik zorluklar bak\u0131m\u0131ndan daha rahat ge\u00e7mesi en b\u00fcy\u00fck dile\u011fimdir.\u00a0 S\u00fcrece\u011fi \u00f6ng\u00f6r\u00fclen enflasyon ortam\u0131nda KKTC halk\u0131n\u0131n gelirlerini art\u0131rmak, dar gelirlilerimizi korumak i\u00e7in ne gerekirse yapmak kararl\u0131l\u0131\u011f\u0131m\u0131z devam edecektir.<\/em><\/p>\n<p><em>Halk\u0131m\u0131z\u0131n ve t\u00fcm insanlar\u0131n yeni y\u0131l\u0131n\u0131 bu duygu ve d\u00fc\u015f\u00fcncelerle kutlar; 2024 y\u0131l\u0131n\u0131n daha az ac\u0131, daha \u00e7ok y\u00fcz g\u00fcld\u00fcren geli\u015fmelerle dolu ge\u00e7mesini dilerim.\u201d<\/em><\/p>\n<p>&nbsp;<\/p>\n<p>&nbsp;<\/p>\n<p>&nbsp;<\/p>\n","protected":false},"excerpt":{"rendered":"<p>UBP Grup Ba\u015fkanvekili, Lefko\u015fa \u0130l\u00e7e Ba\u015fkan\u0131 Ahmet Sava\u015fan yeni y\u0131l nedeniyle yay\u0131mlad\u0131\u011f\u0131 mesajda, 2024 y\u0131l\u0131n\u0131n ekonomik zorluklar bak\u0131m\u0131ndan daha rahat ge\u00e7mesi i\u00e7in gereken ad\u0131mlar\u0131n kararl\u0131l\u0131kla at\u0131laca\u011f\u0131n\u0131 belirterek, \u201cS\u00fcrece\u011fi \u00f6ng\u00f6r\u00fclen enflasyon ortam\u0131nda KKTC halk\u0131n\u0131n gelirlerini art\u0131rmak, dar gelirlilerimizi korumak i\u00e7in ne gerekirse yapmak kararl\u0131l\u0131\u011f\u0131m\u0131z devam edecektir\u201d ifadelerini kulland\u0131. Ulusal Birlik Partisi (UBP) Grup Ba\u015fkanvekili, Lefko\u015fa \u0130l\u00e7e [&hellip;]<\/p>\n","protected":false},"author":1,"featured_media":17025,"comment_status":"open","ping_status":"open","sticky":false,"template":"","format":"standard","meta":{"_monsterinsights_skip_tracking":false,"_monsterinsights_sitenote_active":false,"_monsterinsights_sitenote_note":"","_monsterinsights_sitenote_category":0,"footnotes":""},"categories":[102],"tags":[],"class_list":["post-16945","post","type-post","status-publish","format-standard","has-post-thumbnail","hentry","category-haberler"],"aioseo_notices":[],"_links":{"self":[{"href":"https:\/\/ahmetsavasan.com\/tr_tr\/wp-json\/wp\/v2\/posts\/16945","targetHints":{"allow":["GET"]}}],"collection":[{"href":"https:\/\/ahmetsavasan.com\/tr_tr\/wp-json\/wp\/v2\/posts"}],"about":[{"href":"https:\/\/ahmetsavasan.com\/tr_tr\/wp-json\/wp\/v2\/types\/post"}],"author":[{"embeddable":true,"href":"https:\/\/ahmetsavasan.com\/tr_tr\/wp-json\/wp\/v2\/users\/1"}],"replies":[{"embeddable":true,"href":"https:\/\/ahmetsavasan.com\/tr_tr\/wp-json\/wp\/v2\/comments?post=16945"}],"version-history":[{"count":0,"href":"https:\/\/ahmetsavasan.com\/tr_tr\/wp-json\/wp\/v2\/posts\/16945\/revisions"}],"wp:featuredmedia":[{"embeddable":true,"href":"https:\/\/ahmetsavasan.com\/tr_tr\/wp-json\/wp\/v2\/media\/17025"}],"wp:attachment":[{"href":"https:\/\/ahmetsavasan.com\/tr_tr\/wp-json\/wp\/v2\/media?parent=16945"}],"wp:term":[{"taxonomy":"category","embeddable":true,"href":"https:\/\/ahmetsavasan.com\/tr_tr\/wp-json\/wp\/v2\/categories?post=16945"},{"taxonomy":"post_tag","embeddable":true,"href":"https:\/\/ahmetsavasan.com\/tr_tr\/wp-json\/wp\/v2\/tags?post=16945"}],"curies":[{"name":"wp","href":"https:\/\/api.w.org\/{rel}","templated":true}]}}