{"id":16951,"date":"2023-11-25T10:26:46","date_gmt":"2023-11-25T10:26:46","guid":{"rendered":"https:\/\/www.ahmetsavasan.biz\/?p=16141"},"modified":"2023-11-25T10:26:46","modified_gmt":"2023-11-25T10:26:46","slug":"savasan-kadina-karsi-siddetle-mucadelede-uzerimize-duseni-yapmaya-kararliyiz","status":"publish","type":"post","link":"https:\/\/ahmetsavasan.com\/tr_tr\/savasan-kadina-karsi-siddetle-mucadelede-uzerimize-duseni-yapmaya-kararliyiz\/","title":{"rendered":"Sava\u015fan: Kad\u0131na Kar\u015f\u0131 \u015eiddetle M\u00fccadelede \u00dczerimize D\u00fc\u015feni Yapmaya Kararl\u0131y\u0131z"},"content":{"rendered":"<p>25 Kas\u0131m Kad\u0131na Y\u00f6nelik \u015eiddete Kar\u015f\u0131 Uluslararas\u0131 M\u00fccadele G\u00fcn\u00fc nedeniyle mesaj yay\u0131mlayan UBP Lefko\u015fa \u0130l\u00e7e Ba\u015fkan\u0131, Milletvekili Dr. Ahmet Sava\u015fan mesaj\u0131nda \u201cKad\u0131na kar\u015f\u0131 \u015fiddetle m\u00fccadelede \u00fczerimize d\u00fc\u015feni yapmaya kararl\u0131y\u0131z\u201d ifadelerinde bulundu.<\/p>\n<p>25 Kas\u0131m Kad\u0131na Y\u00f6nelik \u015eiddete Kar\u015f\u0131 Uluslararas\u0131 M\u00fccadele G\u00fcn\u00fc nedeniyle mesaj yay\u0131mlayan UBP Lefko\u015fa \u0130l\u00e7e Ba\u015fkan\u0131, Milletvekili Dr.\u00a0Ahmet Sava\u015fan, saatte 4 kad\u0131n\u0131n \u00f6ld\u00fcr\u00fcld\u00fc\u011f\u00fc Gazze&#8217;de \u2018kad\u0131na y\u00f6nelik \u015fiddetin\u2019 en a\u011f\u0131r\u0131n\u0131n ya\u015fand\u0131\u011f\u0131na i\u015faret ederek, D\u00fcnya\u2019n\u0131n buna seyirci kald\u0131\u011f\u0131n\u0131 belirtti. K\u0131br\u0131s T\u00fcrklerinin uzun y\u0131llar Gazze\u2019de ya\u015fananlara benzer \u015fekilde \u015fiddete maruz kald\u0131\u011f\u0131n\u0131 an\u0131msatan\u00a0Ahmet Sava\u015fan, yan\u0131 ba\u015f\u0131m\u0131zda ya\u015fananlar dikkate al\u0131nd\u0131\u011f\u0131nda yar\u0131m a\u015f\u0131ra yak\u0131n bir s\u00fcredir K\u0131br\u0131s T\u00fcrk Halk\u0131\u2019n\u0131n adada g\u00fcven i\u00e7inde ya\u015famas\u0131n\u0131 sa\u011flayan T\u00fcrkiye\u2019nin ve garant\u00f6rl\u00fc\u011f\u00fcn\u00fcn ta\u015f\u0131d\u0131\u011f\u0131 belirleyici \u00f6nemin anlam\u0131n\u0131n \u00e7ok daha g\u00f6r\u00fcn\u00fcr oldu\u011funa dikkat \u00e7ekti.<\/p>\n<p><strong>KADINA Y\u00d6NEL\u0130K \u015e\u0130DDET\u0130N NEDEN\u0130 E\u015e\u0130TS\u0130ZL\u0130K!<\/strong><\/p>\n<p>D\u00fcnya\u2019da halen psikolojik ve fiziksel \u015fiddete u\u011frayan kad\u0131nlar\u0131n oldu\u011funa i\u015faret eden\u00a0Ahmet Sava\u015fan,<strong>\u00a0<\/strong>D\u00fcnya\u2019n\u0131n d\u00f6rt bir yan\u0131ndaki kad\u0131nlar\u0131n evde, i\u015f yerinde, siyasette ve hayat\u0131n pek \u00e7ok alan\u0131nda e\u015fitsizlik ya\u015fad\u0131\u011f\u0131n\u0131 ifade etti. Kad\u0131na y\u00f6nelik \u015fiddetin alt\u0131nda yatan as\u0131l unsurun e\u015fitsizlikten ve kad\u0131na y\u00f6nelik geleneksel tutumdan kaynakland\u0131\u011f\u0131n\u0131 belirten Sava\u015fan, \u201ce\u015fitli\u011fin yasalarda bulunmas\u0131 \u00f6nemli ve fakat yetersizdir. E\u015fitlik ancak egemen d\u00fc\u015f\u00fcnce yap\u0131s\u0131n\u0131n de\u011fi\u015fmesi ile m\u00fcmk\u00fcn olabilir. Bunun i\u00e7in de e\u011fitimlerin ve fark\u0131ndal\u0131k \u00e7al\u0131\u015fmalar\u0131n\u0131n s\u00fcrd\u00fcr\u00fclebilir bir yap\u0131ya kavu\u015fturulmas\u0131 ka\u00e7\u0131n\u0131lmaz bir ihtiya\u00e7t\u0131r\u201d ifadelerini kulland\u0131.<\/p>\n<p><strong>GELENEKSEL C\u0130NS\u0130YET ROLLER\u0130 \u015e\u0130DDET\u0130 TET\u0130KL\u0130YOR<\/strong><\/p>\n<p>E\u015fitsizli\u011fe ve hiyerar\u015fiye dayal\u0131 geleneksel cinsiyet rollerinin peki\u015ftirildi\u011fi toplumlarda kad\u0131na y\u00f6nelik \u015fiddet e\u011filiminin artt\u0131\u011f\u0131na i\u015faret eden Sava\u015fan, D\u00fcnya\u2019n\u0131n pek \u00e7ok yerinde halen kad\u0131nlar\u0131n yeme\u011fi yakt\u0131\u011f\u0131, cinsel ili\u015fkiyi reddetti\u011fi ya da kocas\u0131n\u0131n kurallar\u0131na uymad\u0131\u011f\u0131 i\u00e7in fiziksel \u015fiddete maruz kald\u0131\u011f\u0131na dikkat \u00e7ekti.<\/p>\n<p><strong>PS\u0130KOLOJ\u0130K \u015e\u0130DDET \u00c7OK YAYGIN<\/strong><\/p>\n<p>Kad\u0131nlar\u0131n bedeninden \u00e7ok ruh sa\u011fl\u0131\u011f\u0131n\u0131n hedef al\u0131nd\u0131\u011f\u0131n\u0131 belirten Sava\u015fan, kad\u0131nlar\u0131n daha \u00e7ok ba\u011f\u0131rma, korkutma, k\u00fcf\u00fcr veya hakaret, aile ve arkada\u015flarla g\u00f6r\u00fc\u015ft\u00fcrmeme, k\u0131skan\u00e7l\u0131k bahanesiyle s\u00fcrekli kontrol alt\u0131nda tutma, tehdit etme ve \u015fantaj yapma gibi eylemlerle psikolojik \u015fiddete u\u011frad\u0131\u011f\u0131n\u0131n alt\u0131n\u0131 \u00e7izdi. Sava\u015fan, bu konuda hem ailelere y\u00f6nelik hem de i\u015fyerlerinde fark\u0131ndal\u0131k e\u011fitimlerinin s\u00fcrekli yap\u0131lmas\u0131 ve kad\u0131nlar\u0131n g\u00fc\u00e7lendirilmesi gerekti\u011fine dikkat \u00e7ekti.<\/p>\n<p><strong>ETK\u0130N B\u0130R \u0130\u015eB\u0130RL\u0130\u011e\u0130 GEREK\u0130YOR<\/strong><\/p>\n<p>Toplumsal cinsiyet e\u015fitli\u011finin sa\u011flanmas\u0131, kad\u0131nlar\u0131n f\u0131rsat e\u015fitli\u011finden tam ve etkin \u015fekilde yararlanmas\u0131, kad\u0131nlara, k\u0131z \u00e7ocuklar\u0131na kar\u015f\u0131 \u015fiddetin \u00f6nlenmesi alanlar\u0131nda var olan eksikliklerin ger\u00e7ek\u00e7i bir bak\u0131\u015f a\u00e7\u0131s\u0131yla tespit edilerek, bunlar\u0131n en k\u0131sa s\u00fcrede giderilmesi gereklili\u011fini vurgulayan\u00a0Ahmet Sava\u015fan, kad\u0131na y\u00f6nelik \u015fiddetin \u00f6nlenmesi i\u00e7in h\u00fck\u00fcmetin, sivil toplum kurulu\u015flar\u0131n\u0131n, kad\u0131n \u00f6rg\u00fctlerinin, kamu kurumlar\u0131n\u0131n ve \u00fcniversitelerin i\u015f birli\u011finde \u00e7al\u0131\u015fmas\u0131 gerekti\u011fini ifade etti.<\/p>\n<p><strong>\u00dcZER\u0130M\u0130ZE D\u00dc\u015eEN\u0130 YAPMAKTA KARARLIYIZ<\/strong><\/p>\n<p>\u201cDaha g\u00fc\u00e7l\u00fc bireyler yeti\u015ftirmek ve kad\u0131na y\u00f6nelik \u015fiddet ile m\u00fccadele\u00a0 konusunda daha duyarl\u0131 bir toplum yap\u0131s\u0131na ula\u015fmak i\u00e7in hep birlikte \u00e7al\u0131\u015fmal\u0131y\u0131z\u201d diyen\u00a0Ahmet Sava\u015fan, \u201chayat arkada\u015flar\u0131m\u0131z, karde\u015flerimiz, annemiz, gelece\u011fimizi emanet etti\u011fimiz evlatlar\u0131m\u0131z, kad\u0131nlar, bu toplumun yar\u0131s\u0131n\u0131 olu\u015fturan erkeklerle ayn\u0131 haklara sahip olmas\u0131 \u00e7a\u011fda\u015fl\u0131\u011f\u0131n bir gereklili\u011fidir. Bu d\u00fc\u015f\u00fcncelerle; kad\u0131na y\u00f6nelik \u015fiddete ortak olmayaca\u011f\u0131m\u0131z\u0131, seyirci kalmayaca\u011f\u0131m\u0131z\u0131, kad\u0131na kar\u015f\u0131 \u015fiddetle m\u00fccadelede, erkekler olarak \u00fczerimize d\u00fc\u015fen g\u00f6revi yapmakta kararl\u0131 oldu\u011fumuzu belirtiriz\u201d ifadelerini kulland\u0131.<\/p>\n","protected":false},"excerpt":{"rendered":"<p>25 Kas\u0131m Kad\u0131na Y\u00f6nelik \u015eiddete Kar\u015f\u0131 Uluslararas\u0131 M\u00fccadele G\u00fcn\u00fc nedeniyle mesaj yay\u0131mlayan UBP Lefko\u015fa \u0130l\u00e7e Ba\u015fkan\u0131, Milletvekili Dr. Ahmet Sava\u015fan mesaj\u0131nda \u201cKad\u0131na kar\u015f\u0131 \u015fiddetle m\u00fccadelede \u00fczerimize d\u00fc\u015feni yapmaya kararl\u0131y\u0131z\u201d ifadelerinde bulundu. 25 Kas\u0131m Kad\u0131na Y\u00f6nelik \u015eiddete Kar\u015f\u0131 Uluslararas\u0131 M\u00fccadele G\u00fcn\u00fc nedeniyle mesaj yay\u0131mlayan UBP Lefko\u015fa \u0130l\u00e7e Ba\u015fkan\u0131, Milletvekili Dr.\u00a0Ahmet Sava\u015fan, saatte 4 kad\u0131n\u0131n \u00f6ld\u00fcr\u00fcld\u00fc\u011f\u00fc Gazze&#8217;de [&hellip;]<\/p>\n","protected":false},"author":1,"featured_media":17040,"comment_status":"open","ping_status":"open","sticky":false,"template":"","format":"standard","meta":{"_monsterinsights_skip_tracking":false,"_monsterinsights_sitenote_active":false,"_monsterinsights_sitenote_note":"","_monsterinsights_sitenote_category":0,"footnotes":""},"categories":[102],"tags":[],"class_list":["post-16951","post","type-post","status-publish","format-standard","has-post-thumbnail","hentry","category-haberler"],"aioseo_notices":[],"_links":{"self":[{"href":"https:\/\/ahmetsavasan.com\/tr_tr\/wp-json\/wp\/v2\/posts\/16951","targetHints":{"allow":["GET"]}}],"collection":[{"href":"https:\/\/ahmetsavasan.com\/tr_tr\/wp-json\/wp\/v2\/posts"}],"about":[{"href":"https:\/\/ahmetsavasan.com\/tr_tr\/wp-json\/wp\/v2\/types\/post"}],"author":[{"embeddable":true,"href":"https:\/\/ahmetsavasan.com\/tr_tr\/wp-json\/wp\/v2\/users\/1"}],"replies":[{"embeddable":true,"href":"https:\/\/ahmetsavasan.com\/tr_tr\/wp-json\/wp\/v2\/comments?post=16951"}],"version-history":[{"count":0,"href":"https:\/\/ahmetsavasan.com\/tr_tr\/wp-json\/wp\/v2\/posts\/16951\/revisions"}],"wp:featuredmedia":[{"embeddable":true,"href":"https:\/\/ahmetsavasan.com\/tr_tr\/wp-json\/wp\/v2\/media\/17040"}],"wp:attachment":[{"href":"https:\/\/ahmetsavasan.com\/tr_tr\/wp-json\/wp\/v2\/media?parent=16951"}],"wp:term":[{"taxonomy":"category","embeddable":true,"href":"https:\/\/ahmetsavasan.com\/tr_tr\/wp-json\/wp\/v2\/categories?post=16951"},{"taxonomy":"post_tag","embeddable":true,"href":"https:\/\/ahmetsavasan.com\/tr_tr\/wp-json\/wp\/v2\/tags?post=16951"}],"curies":[{"name":"wp","href":"https:\/\/api.w.org\/{rel}","templated":true}]}}