{"id":16952,"date":"2023-11-24T10:29:03","date_gmt":"2023-11-24T10:29:03","guid":{"rendered":"https:\/\/www.ahmetsavasan.biz\/?p=16144"},"modified":"2023-11-24T10:29:03","modified_gmt":"2023-11-24T10:29:03","slug":"ahmet-savasan-devletlerin-hur-yasamasinda-da-esaret-ve-sefalet-cekmesinde-de-egitimin-onemi-belirleyicidir","status":"publish","type":"post","link":"https:\/\/ahmetsavasan.com\/tr_tr\/ahmet-savasan-devletlerin-hur-yasamasinda-da-esaret-ve-sefalet-cekmesinde-de-egitimin-onemi-belirleyicidir\/","title":{"rendered":"Ahmet Sava\u015fan: Devletlerin H\u00fcr Ya\u015famas\u0131nda Da Esaret Ve Sefalet \u00c7ekmesinde De E\u011fitimin \u00d6nemi Belirleyicidir!"},"content":{"rendered":"<p>UBP Milletvekili, Lefko\u015fa \u0130l\u00e7e Ba\u015fkan\u0131 Ahmet Sava\u015fan \u00f6\u011fretmenler g\u00fcn\u00fc dolay\u0131s\u0131yla yay\u0131mlad\u0131\u011f\u0131 mesaj\u0131nda, &#8220;Devletlerin h\u00fcr ya\u015famas\u0131nda da esaret ve sefalet \u00e7ekmesinde de e\u011fitimin \u00f6nemi belirleyicidir!&#8221; dedi.<\/p>\n<p>Yeni nesillerin niteli\u011finin onlar\u0131 yeti\u015ftiren \u00f6\u011fretmenlerin niteli\u011fiyle \u00f6zde\u015f olaca\u011f\u0131na i\u015faret eden UBP Milletvekili, Lefko\u015fa \u0130l\u00e7e Ba\u015fkan\u0131 Dr.\u00a0Ahmet Sava\u015fan, fedakarl\u0131k ve \u00f6zveriyle \u00e7al\u0131\u015fan, toplumumuzun kanaat \u00f6nderleri konumundaki k\u0131ymetli \u00f6\u011fretmenlerin, \u00e7ocuklar\u0131m\u0131za milli bir \u015fuur kazand\u0131rma noktas\u0131nda da hayati g\u00f6revleri bulundu\u011funa dikkat \u00e7ekti.<\/p>\n<p><strong>\u201c\u00dcLKEM\u0130Z\u0130N Y\u00dcKSEK UYGARLIK D\u00dcZEY\u0130NE \u00c7IKMASINDA \u00d6\u011eRETMENLER\u0130N G\u00d6REVLER\u0130 KUTSALDIR\u2026\u201d<\/strong><\/p>\n<p>\u00d6\u011fretmenler G\u00fcn\u00fc dolay\u0131s\u0131yla mesaj yay\u0131nlayan UBP Milletvekili, Lefko\u015fa \u0130l\u00e7e Ba\u015fkan\u0131 Dr.\u00a0Ahmet Sava\u015fan, \u201c\u00e7ocuklar\u0131m\u0131z\u0131 gelece\u011fe en iyi \u015fekilde haz\u0131rlayarak onlar\u0131;\u00a0 iyiye, g\u00fczele, ayd\u0131nl\u0131\u011fa ve bilgiye ula\u015ft\u0131ran \u00f6\u011fretmenlerin, \u00fclkemizin y\u00fcksek uygarl\u0131k d\u00fczeyine \u00e7\u0131kmas\u0131, iyi yeti\u015fmi\u015f, donan\u0131ml\u0131 bir neslin olu\u015fmas\u0131 gibi\u00a0kutsal g\u00f6revleri vard\u0131r\u201d ifadelerini kulland\u0131.\u00a0 Atat\u00fcrk\u2019\u00fcn &#8220;e\u011fitimdir ki bir milleti ya h\u00fcr, ba\u011f\u0131ms\u0131z, \u015fanl\u0131, y\u00fcksek bir topluluk halinde ya\u015fat\u0131r; ya da milleti esaret ve sefalete terk eder&#8221; s\u00f6z\u00fcne at\u0131fta bulunan\u00a0Ahmet Sava\u015fan, e\u011fitimin insan ve devletlerin ya\u015fam\u0131nda hayati \u00f6neme sahip oldu\u011funa i\u015faret etti.<\/p>\n<p><strong>\u201cK\u00dcLT\u00dcR YEN\u0130 NES\u0130LLERE E\u011e\u0130T\u0130MLE AKTARILAB\u0130L\u0130R&#8230;\u201d<\/strong><\/p>\n<p>Bir toplumun \u00fcretti\u011fi bilgi ve k\u00fclt\u00fcr\u00fcn yeni nesillere ancak e\u011fitim sayesinde aktar\u0131labilece\u011fini ifade eden\u00a0Ahmet Sava\u015fan, tarih boyunca b\u00fcy\u00fck ba\u015far\u0131lara imza atan medeniyetlerin e\u011fitime b\u00fcy\u00fck \u00f6nem verdi\u011finin alt\u0131n\u0131 \u00e7izdi. Halk\u0131n sayg\u0131n bir yere varmas\u0131nda birinci ko\u015fulun e\u011fitim, en \u00f6nemli akt\u00f6rlerin ise \u00f6\u011fretmenler oldu\u011funa dikkat \u00e7eken\u00a0Ahmet Sava\u015fan, gelece\u011fin gen\u00e7lerin, gen\u00e7ler ise \u00f6\u011fretmenlerin eseri olaca\u011f\u0131n\u0131 ifade etti.<\/p>\n<p><strong>\u201c\u00d6\u011eRETMENLER EVLATLARIMIZI ALTIN \u0130\u015eLER G\u0130B\u0130; SABIR, EMEK, FEDAKARLIK VE \u00d6ZVER\u0130YLE GELECE\u011eE HAZIRLIYOR\u2026\u201d<\/strong><\/p>\n<p>Ba\u015f\u00f6\u011fretmen Gazi Mustafa Kemal Atat\u00fcrk\u2019\u00fcn \u2018\u00f6\u011fretmenler, sizin ba\u015far\u0131n\u0131z Cumhuriyetin ba\u015far\u0131s\u0131 olacakt\u0131r\u2019 s\u00f6z\u00fcyle i\u015faret etti\u011fi gibi yeni nesillerin niteli\u011finin onlar\u0131 yeti\u015ftiren \u00f6\u011fretmenlerin niteli\u011fiyle \u00f6zde\u015f olaca\u011f\u0131na i\u015faret eden Dr.\u00a0Ahmet Sava\u015fan, \u201cfedakarl\u0131k ve \u00f6zveriyle \u00e7al\u0131\u015fan, toplumumuzun kanaat \u00f6nderleri konumundaki k\u0131ymetli \u00f6\u011fretmenlerin \u00e7ocuklar\u0131m\u0131za milli bir \u015fuur kazand\u0131rma noktas\u0131nda da hayati g\u00f6revleri bulundu\u011funa inan\u00e7 belirtti. Sava\u015fan mesaj\u0131n\u0131n sonunda kutsal oldu\u011fu kadar sorumlulu\u011fu da en a\u011f\u0131r mesleklerden olan, kendilerine emanet edilen evlatlar\u0131m\u0131z\u0131 alt\u0131n i\u015fler gibi; sab\u0131r, emek, fedakarl\u0131k ve \u00f6zveriyle gelece\u011fe haz\u0131rlayan b\u00fct\u00fcn \u00f6\u011fretmenlerimizin bu anlaml\u0131 g\u00fcnlerini en i\u00e7ten dileklerimle kutlar; b\u00fct\u00fcn \u00f6\u011fretmenlerimize sayg\u0131 ve sevgilerimi sunar\u0131m\u201d ifadelerini kulland\u0131.<\/p>\n","protected":false},"excerpt":{"rendered":"<p>UBP Milletvekili, Lefko\u015fa \u0130l\u00e7e Ba\u015fkan\u0131 Ahmet Sava\u015fan \u00f6\u011fretmenler g\u00fcn\u00fc dolay\u0131s\u0131yla yay\u0131mlad\u0131\u011f\u0131 mesaj\u0131nda, &#8220;Devletlerin h\u00fcr ya\u015famas\u0131nda da esaret ve sefalet \u00e7ekmesinde de e\u011fitimin \u00f6nemi belirleyicidir!&#8221; dedi. Yeni nesillerin niteli\u011finin onlar\u0131 yeti\u015ftiren \u00f6\u011fretmenlerin niteli\u011fiyle \u00f6zde\u015f olaca\u011f\u0131na i\u015faret eden UBP Milletvekili, Lefko\u015fa \u0130l\u00e7e Ba\u015fkan\u0131 Dr.\u00a0Ahmet Sava\u015fan, fedakarl\u0131k ve \u00f6zveriyle \u00e7al\u0131\u015fan, toplumumuzun kanaat \u00f6nderleri konumundaki k\u0131ymetli \u00f6\u011fretmenlerin, \u00e7ocuklar\u0131m\u0131za milli [&hellip;]<\/p>\n","protected":false},"author":1,"featured_media":17041,"comment_status":"open","ping_status":"open","sticky":false,"template":"","format":"standard","meta":{"_monsterinsights_skip_tracking":false,"_monsterinsights_sitenote_active":false,"_monsterinsights_sitenote_note":"","_monsterinsights_sitenote_category":0,"footnotes":""},"categories":[102],"tags":[],"class_list":["post-16952","post","type-post","status-publish","format-standard","has-post-thumbnail","hentry","category-haberler"],"aioseo_notices":[],"_links":{"self":[{"href":"https:\/\/ahmetsavasan.com\/tr_tr\/wp-json\/wp\/v2\/posts\/16952","targetHints":{"allow":["GET"]}}],"collection":[{"href":"https:\/\/ahmetsavasan.com\/tr_tr\/wp-json\/wp\/v2\/posts"}],"about":[{"href":"https:\/\/ahmetsavasan.com\/tr_tr\/wp-json\/wp\/v2\/types\/post"}],"author":[{"embeddable":true,"href":"https:\/\/ahmetsavasan.com\/tr_tr\/wp-json\/wp\/v2\/users\/1"}],"replies":[{"embeddable":true,"href":"https:\/\/ahmetsavasan.com\/tr_tr\/wp-json\/wp\/v2\/comments?post=16952"}],"version-history":[{"count":0,"href":"https:\/\/ahmetsavasan.com\/tr_tr\/wp-json\/wp\/v2\/posts\/16952\/revisions"}],"wp:featuredmedia":[{"embeddable":true,"href":"https:\/\/ahmetsavasan.com\/tr_tr\/wp-json\/wp\/v2\/media\/17041"}],"wp:attachment":[{"href":"https:\/\/ahmetsavasan.com\/tr_tr\/wp-json\/wp\/v2\/media?parent=16952"}],"wp:term":[{"taxonomy":"category","embeddable":true,"href":"https:\/\/ahmetsavasan.com\/tr_tr\/wp-json\/wp\/v2\/categories?post=16952"},{"taxonomy":"post_tag","embeddable":true,"href":"https:\/\/ahmetsavasan.com\/tr_tr\/wp-json\/wp\/v2\/tags?post=16952"}],"curies":[{"name":"wp","href":"https:\/\/api.w.org\/{rel}","templated":true}]}}