{"id":16954,"date":"2023-11-23T10:34:40","date_gmt":"2023-11-23T10:34:40","guid":{"rendered":"https:\/\/www.ahmetsavasan.biz\/?p=16150"},"modified":"2023-11-23T10:34:40","modified_gmt":"2023-11-23T10:34:40","slug":"ahmet-savasan-salih-miroglunun-olum-yil-donumu-nedeniyle-mesaj-yayinladi","status":"publish","type":"post","link":"https:\/\/ahmetsavasan.com\/tr_tr\/ahmet-savasan-salih-miroglunun-olum-yil-donumu-nedeniyle-mesaj-yayinladi\/","title":{"rendered":"Ahmet Sava\u015fan, Salih Miro\u011flu\u2019nun \u00d6l\u00fcm Y\u0131l D\u00f6n\u00fcm\u00fc Nedeniyle Mesaj Yay\u0131nlad\u0131"},"content":{"rendered":"<p>UBP Lefko\u015fa \u0130l\u00e7e Ba\u015fkan\u0131, Milletvekili Ahmet Sava\u015fan, UBP\u2019nin eski genel sekreterlerinden Salih Miro\u011flu\u2019nun \u00f6l\u00fcm y\u0131l d\u00f6n\u00fcm\u00fcnde mesaj yay\u0131nlad\u0131; \u201cUnutulmaz Genel Sekreterimiz Salih Miro\u011flu\u2019nun vasiyetine lay\u0131k olmak i\u00e7in \u00e7al\u0131\u015f\u0131yoruz\u201d dedi.<\/p>\n<p>UBP Lefko\u015fa \u0130l\u00e7e Ba\u015fkan\u0131, Milletvekili\u00a0<a href=\"https:\/\/www.kibrispostasi.com\/keyword\/8\">Ahmet <\/a>Sava\u015fan, eski UBP Genel Sekreteri Salih Miro\u011flu\u2019nun 18\u2019inci \u00f6l\u00fcm y\u0131l d\u00f6n\u00fcm\u00fc dolay\u0131s\u0131yla mesaj yay\u0131nland\u0131.<\/p>\n<p>\u201cUnutulmaz Genelsekreterimiz Salih Miro\u011flu\u2019nun vasiyetine lay\u0131k olmak i\u00e7in \u00e7al\u0131\u015f\u0131yoruz\u2026\u201d vurgusunda bulunan Sava\u015fan, Miro\u011flu\u2019nun hen\u00fcz 52 ya\u015f\u0131nda hayat\u0131n\u0131 kaybetti\u011fini son s\u00f6z\u00fcn\u00fcn \u201cUBP ya\u015fayacak\u201d oldu\u011funu hat\u0131rlatt\u0131.<\/p>\n<p>Sava\u015fan mesaj\u0131nda \u015fu ifadelere yer verdi:<\/p>\n<p>\u201cHen\u00fcz 52 ya\u015f\u0131nda son nefesini verirken yapt\u0131\u011f\u0131 konu\u015fmas\u0131nda son s\u00f6z\u00fc \u2018UBP ya\u015fayacak\u2019 diyen k\u0131ymetli b\u00fcy\u00fc\u011f\u00fcm\u00fcz, partimizde Genel Sekreter olarak unutulmaz bir yere sahip, \u00f6zlenen, g\u00fc\u00e7l\u00fc ve d\u00fcr\u00fcst siyaset\u00e7i Dr. Salih Miro\u011flu\u2019nu vefat\u0131n\u0131n 18\u2019inci y\u0131l d\u00f6n\u00fcm\u00fcnde kendisini sayg\u0131 ve \u00f6zlemle an\u0131yoruz. De\u011ferli b\u00fcy\u00fc\u011f\u00fcm\u00fcz Salih Miro\u011flu, vasiyetine lay\u0131k olmak i\u00e7in yorulmaks\u0131z\u0131n \u00e7al\u0131\u015f\u0131yoruz. Hi\u00e7 ku\u015fkum yoktur ki bizden sonraki nesiller de ayn\u0131 \u015fekilde \u00e7al\u0131\u015facak ve UBP sonsuza kadar ya\u015fat\u0131lacakt\u0131r. Nur i\u00e7inde uyu\u2026\u201d<\/p>\n<p>&nbsp;<\/p>\n","protected":false},"excerpt":{"rendered":"<p>UBP Lefko\u015fa \u0130l\u00e7e Ba\u015fkan\u0131, Milletvekili Ahmet Sava\u015fan, UBP\u2019nin eski genel sekreterlerinden Salih Miro\u011flu\u2019nun \u00f6l\u00fcm y\u0131l d\u00f6n\u00fcm\u00fcnde mesaj yay\u0131nlad\u0131; \u201cUnutulmaz Genel Sekreterimiz Salih Miro\u011flu\u2019nun vasiyetine lay\u0131k olmak i\u00e7in \u00e7al\u0131\u015f\u0131yoruz\u201d dedi. UBP Lefko\u015fa \u0130l\u00e7e Ba\u015fkan\u0131, Milletvekili\u00a0Ahmet Sava\u015fan, eski UBP Genel Sekreteri Salih Miro\u011flu\u2019nun 18\u2019inci \u00f6l\u00fcm y\u0131l d\u00f6n\u00fcm\u00fc dolay\u0131s\u0131yla mesaj yay\u0131nland\u0131. \u201cUnutulmaz Genelsekreterimiz Salih Miro\u011flu\u2019nun vasiyetine lay\u0131k olmak [&hellip;]<\/p>\n","protected":false},"author":1,"featured_media":17043,"comment_status":"open","ping_status":"open","sticky":false,"template":"","format":"standard","meta":{"_monsterinsights_skip_tracking":false,"_monsterinsights_sitenote_active":false,"_monsterinsights_sitenote_note":"","_monsterinsights_sitenote_category":0,"footnotes":""},"categories":[102],"tags":[],"class_list":["post-16954","post","type-post","status-publish","format-standard","has-post-thumbnail","hentry","category-haberler"],"aioseo_notices":[],"_links":{"self":[{"href":"https:\/\/ahmetsavasan.com\/tr_tr\/wp-json\/wp\/v2\/posts\/16954","targetHints":{"allow":["GET"]}}],"collection":[{"href":"https:\/\/ahmetsavasan.com\/tr_tr\/wp-json\/wp\/v2\/posts"}],"about":[{"href":"https:\/\/ahmetsavasan.com\/tr_tr\/wp-json\/wp\/v2\/types\/post"}],"author":[{"embeddable":true,"href":"https:\/\/ahmetsavasan.com\/tr_tr\/wp-json\/wp\/v2\/users\/1"}],"replies":[{"embeddable":true,"href":"https:\/\/ahmetsavasan.com\/tr_tr\/wp-json\/wp\/v2\/comments?post=16954"}],"version-history":[{"count":0,"href":"https:\/\/ahmetsavasan.com\/tr_tr\/wp-json\/wp\/v2\/posts\/16954\/revisions"}],"wp:featuredmedia":[{"embeddable":true,"href":"https:\/\/ahmetsavasan.com\/tr_tr\/wp-json\/wp\/v2\/media\/17043"}],"wp:attachment":[{"href":"https:\/\/ahmetsavasan.com\/tr_tr\/wp-json\/wp\/v2\/media?parent=16954"}],"wp:term":[{"taxonomy":"category","embeddable":true,"href":"https:\/\/ahmetsavasan.com\/tr_tr\/wp-json\/wp\/v2\/categories?post=16954"},{"taxonomy":"post_tag","embeddable":true,"href":"https:\/\/ahmetsavasan.com\/tr_tr\/wp-json\/wp\/v2\/tags?post=16954"}],"curies":[{"name":"wp","href":"https:\/\/api.w.org\/{rel}","templated":true}]}}