{"id":16955,"date":"2023-11-22T10:36:53","date_gmt":"2023-11-22T10:36:53","guid":{"rendered":"https:\/\/www.ahmetsavasan.biz\/?p=16153"},"modified":"2023-11-22T10:36:53","modified_gmt":"2023-11-22T10:36:53","slug":"ahmet-savasan-kibris-postasinin-yeni-yasini-kutladi","status":"publish","type":"post","link":"https:\/\/ahmetsavasan.com\/tr_tr\/ahmet-savasan-kibris-postasinin-yeni-yasini-kutladi\/","title":{"rendered":"Ahmet Sava\u015fan, K\u0131br\u0131s Postas\u0131&#8217;n\u0131n Yeni Ya\u015f\u0131n\u0131 Kutlad\u0131"},"content":{"rendered":"<p>UBP Lefko\u015fa \u0130l\u00e7e Ba\u015fkan\u0131, Milletvekili Ahmet Sava\u015fan, K\u0131br\u0131s Postas\u0131&#8217;n\u0131n 22&#8217;nci kurulu\u015f y\u0131l d\u00f6n\u00fcm\u00fcn\u00fc kutlad\u0131.<\/p>\n<p>Ulusal Birlik Partisi Partisi (UBP) Milletvekili\u00a0Ahmet Sava\u015fan, K\u0131br\u0131s Postas\u0131&#8217;n\u0131n 22&#8217;nci ya\u015f\u0131n\u0131 kutlad\u0131. K\u0131br\u0131s Postas\u0131 Y\u00f6netim Kurulu Ba\u015fkan\u0131 ve emek\u00e7ileri kutlayan Sava\u015fan mesaj\u0131nda \u015fu ifadeleri kulland\u0131:<\/p>\n<p>&#8220;Yay\u0131n hayat\u0131na ba\u015flad\u0131\u011f\u0131 ilk g\u00fcnden bug\u00fcne kadar dijital ve \u00e7a\u011fda\u015f gazetecili\u011fin \u00fclkemizde geli\u015fmesi i\u00e7in var g\u00fcc\u00fcyle \u00e7al\u0131\u015fan, \u00f6nc\u00fc bas\u0131n kurulu\u015fu K\u0131br\u0131s Postas\u0131&#8217;n\u0131n kurulu\u015funun 22&#8217;nci kurulu\u015f y\u0131l d\u00f6n\u00fcm\u00fcnde ba\u015fta Y\u00f6netim Kurulu Ba\u015fkan\u0131 Polat Alper olmak \u00fczere yaz\u0131lan bu ba\u015far\u0131 hikayesine emek koyan b\u00fct\u00fcn bas\u0131n emek\u00e7ilerini i\u00e7tenlikle kutluyorum. Nice ba\u015far\u0131larla dolu 22 y\u0131llar\u0131n\u0131z olsun&#8221;<\/p>\n<p>&nbsp;<\/p>\n","protected":false},"excerpt":{"rendered":"<p>UBP Lefko\u015fa \u0130l\u00e7e Ba\u015fkan\u0131, Milletvekili Ahmet Sava\u015fan, K\u0131br\u0131s Postas\u0131&#8217;n\u0131n 22&#8217;nci kurulu\u015f y\u0131l d\u00f6n\u00fcm\u00fcn\u00fc kutlad\u0131. Ulusal Birlik Partisi Partisi (UBP) Milletvekili\u00a0Ahmet Sava\u015fan, K\u0131br\u0131s Postas\u0131&#8217;n\u0131n 22&#8217;nci ya\u015f\u0131n\u0131 kutlad\u0131. K\u0131br\u0131s Postas\u0131 Y\u00f6netim Kurulu Ba\u015fkan\u0131 ve emek\u00e7ileri kutlayan Sava\u015fan mesaj\u0131nda \u015fu ifadeleri kulland\u0131: &#8220;Yay\u0131n hayat\u0131na ba\u015flad\u0131\u011f\u0131 ilk g\u00fcnden bug\u00fcne kadar dijital ve \u00e7a\u011fda\u015f gazetecili\u011fin \u00fclkemizde geli\u015fmesi i\u00e7in var g\u00fcc\u00fcyle [&hellip;]<\/p>\n","protected":false},"author":1,"featured_media":17044,"comment_status":"open","ping_status":"open","sticky":false,"template":"","format":"standard","meta":{"_monsterinsights_skip_tracking":false,"_monsterinsights_sitenote_active":false,"_monsterinsights_sitenote_note":"","_monsterinsights_sitenote_category":0,"footnotes":""},"categories":[102],"tags":[],"class_list":["post-16955","post","type-post","status-publish","format-standard","has-post-thumbnail","hentry","category-haberler"],"aioseo_notices":[],"_links":{"self":[{"href":"https:\/\/ahmetsavasan.com\/tr_tr\/wp-json\/wp\/v2\/posts\/16955","targetHints":{"allow":["GET"]}}],"collection":[{"href":"https:\/\/ahmetsavasan.com\/tr_tr\/wp-json\/wp\/v2\/posts"}],"about":[{"href":"https:\/\/ahmetsavasan.com\/tr_tr\/wp-json\/wp\/v2\/types\/post"}],"author":[{"embeddable":true,"href":"https:\/\/ahmetsavasan.com\/tr_tr\/wp-json\/wp\/v2\/users\/1"}],"replies":[{"embeddable":true,"href":"https:\/\/ahmetsavasan.com\/tr_tr\/wp-json\/wp\/v2\/comments?post=16955"}],"version-history":[{"count":0,"href":"https:\/\/ahmetsavasan.com\/tr_tr\/wp-json\/wp\/v2\/posts\/16955\/revisions"}],"wp:featuredmedia":[{"embeddable":true,"href":"https:\/\/ahmetsavasan.com\/tr_tr\/wp-json\/wp\/v2\/media\/17044"}],"wp:attachment":[{"href":"https:\/\/ahmetsavasan.com\/tr_tr\/wp-json\/wp\/v2\/media?parent=16955"}],"wp:term":[{"taxonomy":"category","embeddable":true,"href":"https:\/\/ahmetsavasan.com\/tr_tr\/wp-json\/wp\/v2\/categories?post=16955"},{"taxonomy":"post_tag","embeddable":true,"href":"https:\/\/ahmetsavasan.com\/tr_tr\/wp-json\/wp\/v2\/tags?post=16955"}],"curies":[{"name":"wp","href":"https:\/\/api.w.org\/{rel}","templated":true}]}}