{"id":16957,"date":"2024-02-22T07:05:20","date_gmt":"2024-02-22T07:05:20","guid":{"rendered":"https:\/\/www.ahmetsavasan.biz\/?p=16034"},"modified":"2024-02-22T07:05:20","modified_gmt":"2024-02-22T07:05:20","slug":"meclis-idari-kamu-ve-saglik-isleri-komitesi-toplandi-2","status":"publish","type":"post","link":"https:\/\/ahmetsavasan.com\/tr_tr\/meclis-idari-kamu-ve-saglik-isleri-komitesi-toplandi-2\/","title":{"rendered":"Meclis \u0130dari, Kamu Ve Sa\u011fl\u0131k \u0130\u015fleri Komitesi Topland\u0131"},"content":{"rendered":"<p>Cumhuriyet Meclisi, \u0130dari, Kamu ve Sa\u011fl\u0131k \u0130\u015fleri Komitesi topland\u0131. G\u00f6r\u00fc\u015fmede, Belediyelerin Birle\u015ftirilmesine \u0130li\u015fkin \u00d6zel (De\u011fi\u015fiklik) Yasa \u00d6nerisi, Yurt D\u0131\u015f\u0131nda G\u00f6rev Yapan Personelin Kadrolar\u0131 ve D\u0131\u015f G\u00f6rev \u00d6denekleri (De\u011fi\u015fiklik) Yasa Tasar\u0131s\u0131 ele al\u0131nd\u0131.<\/p>\n<p>Cumhuriyet Meclisi, \u0130dari, Kamu ve Sa\u011fl\u0131k \u0130\u015fleri Komitesi bug\u00fcn saat 10.00\u2019da UBP Milletvekili Komite Ba\u015fkan\u0131\u00a0Emrah Ye\u015fil\u0131rmak\u00a0ba\u015fkanl\u0131\u011f\u0131nda topland\u0131.<\/p>\n<p>Meclis Bas\u0131n B\u00fcrosundan yap\u0131lan yaz\u0131l\u0131 a\u00e7\u0131klamaya g\u00f6re Komite, g\u00fcndeminde bulunan, Ye\u015fil\u0131rmak\u2019\u0131n \u00f6neri sahibi oldu\u011fu \u201cBelediyelerin Birle\u015ftirilmesine \u0130li\u015fkin \u00d6zel (De\u011fi\u015fiklik) Yasa \u00d6nerisi (\u0130vedi)\u201d ve \u201cYurt D\u0131\u015f\u0131nda G\u00f6rev Yapan Personelin Kadrolar\u0131 ve D\u0131\u015f G\u00f6rev \u00d6denekleri (De\u011fi\u015fiklik) Yasa Tasar\u0131s\u0131\u201dn\u0131 g\u00f6r\u00fc\u015ft\u00fc.<\/p>\n<p>\u0130dari, Kamu ve Sa\u011fl\u0131k \u0130\u015fleri Komitesi, ilk olarak, \u201cBelediyelerin Birle\u015ftirilmesine \u0130li\u015fkin \u00d6zel (De\u011fi\u015fiklik) Yasa \u00d6nerisi&#8221;ni (ivedi) ele ald\u0131 ve \u00d6neri&#8217;yi oy birli\u011fi ile onaylayarak Genel Kurulun g\u00fcndemine sevk etti.<\/p>\n<p>Komite toplant\u0131s\u0131na, davetli olarak, Personel Dairesi ve K\u0131br\u0131s T\u00fcrk Belediyeler Birli\u011fi&#8217;nden yetkililer kat\u0131larak konu ile ilgili g\u00f6r\u00fc\u015flerini sundu.<\/p>\n<p>\u0130dari, Kamu ve Sa\u011fl\u0131k \u0130\u015fleri Komitesi, daha sonra, \u201cYurt D\u0131\u015f\u0131nda G\u00f6rev Yapan Personelin Kadrolar\u0131 ve D\u0131\u015f G\u00f6rev \u00d6denekleri (De\u011fi\u015fiklik) Yasa Tasar\u0131s\u0131\u201dn\u0131 ele ald\u0131 ve ilgili Yasa Tasar\u0131s\u0131\u2019n\u0131n madde madde g\u00f6r\u00fc\u015fmesini tamamlad\u0131. Komite, tasar\u0131n\u0131n \u00fc\u00e7\u00fcnc\u00fc okunu\u015funu bir sonraki toplant\u0131s\u0131nda ger\u00e7ekle\u015ftirecek.<\/p>\n<p>\u0130dari, Kamu ve Sa\u011fl\u0131k \u0130\u015fleri Komitesi toplant\u0131s\u0131na davetli olarak, Ba\u015fbakan Yard\u0131mc\u0131l\u0131\u011f\u0131, Turizm, K\u00fclt\u00fcr, Gen\u00e7lik ve \u00c7evre Bakanl\u0131\u011f\u0131, Maliye Bakanl\u0131\u011f\u0131, Mill\u00ee E\u011fitim Bakanl\u0131\u011f\u0131, D\u0131\u015fi\u015fleri Bakanl\u0131\u011f\u0131, Personel Dairesi, G\u00fcvenlik Kuvvetleri Komutanl\u0131\u011f\u0131 ve KAMU-SEN\u2019den yetkililer kat\u0131larak, konu ile ilgili g\u00f6r\u00fc\u015flerini sundu.<\/p>\n<p>UBP Milletvekili\u00a0Emrah Ye\u015fil\u0131rmak\u00a0ba\u015fkanl\u0131\u011f\u0131nda toplanan \u0130dari, Kamu ve Sa\u011fl\u0131k \u0130\u015fleri Komitesi toplant\u0131s\u0131na, Komite Ba\u015fkan Vekili\u00a0CTP\u00a0Milletvekili\u00a0Filiz Besim, Komite \u00fcyesi\u00a0CTP\u00a0Milletvekili\u00a0Devrim Bar\u00e7\u0131n, UBP milletvekilleri\u00a0F\u0131rt\u0131na Karanfil\u00a0ve\u00a0Ahmet Sava\u015fan\u00a0kat\u0131ld\u0131. Toplant\u0131da ayr\u0131ca UBP Milletvekili\u00a0Resmiye Ero\u011flu CANALTAY,\u00a0CTP\u00a0Milletvekili\u00a0<a href=\"https:\/\/www.kibrispostasi.com\/keyword\/71\">Salahi \u015eahiner<\/a>\u00a0ve Ba\u011f\u0131ms\u0131z Milletvekili\u00a0Jale Refik Rogers\u00a0yer ald\u0131.<\/p>\n<p>&nbsp;<\/p>\n<p>&nbsp;<\/p>\n<p>&nbsp;<\/p>\n","protected":false},"excerpt":{"rendered":"<p>Cumhuriyet Meclisi, \u0130dari, Kamu ve Sa\u011fl\u0131k \u0130\u015fleri Komitesi topland\u0131. G\u00f6r\u00fc\u015fmede, Belediyelerin Birle\u015ftirilmesine \u0130li\u015fkin \u00d6zel (De\u011fi\u015fiklik) Yasa \u00d6nerisi, Yurt D\u0131\u015f\u0131nda G\u00f6rev Yapan Personelin Kadrolar\u0131 ve D\u0131\u015f G\u00f6rev \u00d6denekleri (De\u011fi\u015fiklik) Yasa Tasar\u0131s\u0131 ele al\u0131nd\u0131. Cumhuriyet Meclisi, \u0130dari, Kamu ve Sa\u011fl\u0131k \u0130\u015fleri Komitesi bug\u00fcn saat 10.00\u2019da UBP Milletvekili Komite Ba\u015fkan\u0131\u00a0Emrah Ye\u015fil\u0131rmak\u00a0ba\u015fkanl\u0131\u011f\u0131nda topland\u0131. Meclis Bas\u0131n B\u00fcrosundan yap\u0131lan yaz\u0131l\u0131 a\u00e7\u0131klamaya [&hellip;]<\/p>\n","protected":false},"author":1,"featured_media":17046,"comment_status":"open","ping_status":"open","sticky":false,"template":"","format":"standard","meta":{"_monsterinsights_skip_tracking":false,"_monsterinsights_sitenote_active":false,"_monsterinsights_sitenote_note":"","_monsterinsights_sitenote_category":0,"footnotes":""},"categories":[102],"tags":[],"class_list":["post-16957","post","type-post","status-publish","format-standard","has-post-thumbnail","hentry","category-haberler"],"aioseo_notices":[],"_links":{"self":[{"href":"https:\/\/ahmetsavasan.com\/tr_tr\/wp-json\/wp\/v2\/posts\/16957","targetHints":{"allow":["GET"]}}],"collection":[{"href":"https:\/\/ahmetsavasan.com\/tr_tr\/wp-json\/wp\/v2\/posts"}],"about":[{"href":"https:\/\/ahmetsavasan.com\/tr_tr\/wp-json\/wp\/v2\/types\/post"}],"author":[{"embeddable":true,"href":"https:\/\/ahmetsavasan.com\/tr_tr\/wp-json\/wp\/v2\/users\/1"}],"replies":[{"embeddable":true,"href":"https:\/\/ahmetsavasan.com\/tr_tr\/wp-json\/wp\/v2\/comments?post=16957"}],"version-history":[{"count":0,"href":"https:\/\/ahmetsavasan.com\/tr_tr\/wp-json\/wp\/v2\/posts\/16957\/revisions"}],"wp:featuredmedia":[{"embeddable":true,"href":"https:\/\/ahmetsavasan.com\/tr_tr\/wp-json\/wp\/v2\/media\/17046"}],"wp:attachment":[{"href":"https:\/\/ahmetsavasan.com\/tr_tr\/wp-json\/wp\/v2\/media?parent=16957"}],"wp:term":[{"taxonomy":"category","embeddable":true,"href":"https:\/\/ahmetsavasan.com\/tr_tr\/wp-json\/wp\/v2\/categories?post=16957"},{"taxonomy":"post_tag","embeddable":true,"href":"https:\/\/ahmetsavasan.com\/tr_tr\/wp-json\/wp\/v2\/tags?post=16957"}],"curies":[{"name":"wp","href":"https:\/\/api.w.org\/{rel}","templated":true}]}}